{"id":41693,"date":"2026-03-27T02:53:07","date_gmt":"2026-03-27T02:53:07","guid":{"rendered":"https:\/\/www.europesays.com\/hu\/41693\/"},"modified":"2026-03-27T02:53:07","modified_gmt":"2026-03-27T02:53:07","slug":"index-kultur-24-millios-standok-dubajban-a-haboru-sem-allitja-meg-az-uzletet","status":"publish","type":"post","link":"https:\/\/www.europesays.com\/hu\/41693\/","title":{"rendered":"Index &#8211; Kult\u00far &#8211; 24 milli\u00f3s standok Dubajban, a h\u00e1bor\u00fa sem \u00e1ll\u00edtja meg az \u00fczletet"},"content":{"rendered":"<p>Az Art Dubai \u00e1talak\u00edtja a 2026-os programj\u00e1t a K\u00f6zel-Keleten zajl\u00f3 fegyveres konfliktus miatt, amely az Ir\u00e1n ter\u00fclet\u00e9n foly\u00f3 amerikai-izraeli h\u00e1bor\u00fa kit\u00f6r\u00e9se \u00f3ta s\u00fajtja a r\u00e9gi\u00f3t.\u00a0A szervez\u0151k \u00e1ltal a ki\u00e1ll\u00edt\u00f3knak k\u00fcld\u00f6tt \u2013 \u00e9s a <a href=\"https:\/\/www.theartnewspaper.com\/2026\/03\/19\/art-dubai-2026-to-be-postponed-and-adapted-in-response-to-regional-conflict\" id=\"hyperlink_d139eb6c35badcd5c6d51654b1a7c3cf\" rel=\"nofollow noopener\" target=\"_blank\">The Art Newspaper<\/a> \u00e1ltal k\u00f6z\u00f6lt \u2013 e-mail szerint a v\u00e1s\u00e1r jubileumi, 20. esem\u00e9ny\u00e9t \u00e1prilis k\u00f6zep\u00e9r\u0151l m\u00e1jus 14\u201317. k\u00f6z\u00e9 tett\u00e9k. A helysz\u00edn v\u00e1ltozatlanul a Madinat Jumeirah marad.<\/p>\n<p>                        Alkalmazkodnak a h\u00e1bor\u00fas helyzethez<\/p>\n<p>A rendezv\u00e9nyt \u201ekultur\u00e1lis tal\u00e1lkoz\u00f3v\u00e1\u201d alak\u00edtj\u00e1k \u00e1t. Dunja Gottweis, az Art Dubai igazgat\u00f3ja az \u00fczenetben kifejtette, hogy az idei kiad\u00e1s f\u00f3kusz\u00e1ltabb, kur\u00e1tori szeml\u00e9let\u0171 \u00e9s rugalmasabb form\u00e1tum\u00fa lesz, amely prezent\u00e1ci\u00f3k, egy\u00fcttm\u0171k\u00f6d\u00e9sek \u00e9s nyilv\u00e1nos programok \u00f6tv\u00f6z\u00e9s\u00e9vel hozza \u00f6ssze a gal\u00e9ri\u00e1kat, a m\u0171v\u00e9szeket \u00e9s az int\u00e9zm\u00e9nyeket. A konkr\u00e9t programr\u00f3l azonban egyel\u0151re nem k\u00f6z\u00f6ltek r\u00e9szleteket.<\/p>\n<p>\n                          Megv\u00e1ltozik a finansz\u00edroz\u00e1si modell is, a gazdas\u00e1gi h\u00e1tt\u00e9r alkalmazkodik a h\u00e1bor\u00fas helyzethez. A r\u00e9sztvev\u0151 keresked\u0151knek id\u00e9n nem kell fix standd\u00edjat fizetni\u00fck; helyette \u2013 az elad\u00e1saik ut\u00e1n kisz\u00e1m\u00edtott \u2013 jutal\u00e9kot vonnak le, amelynek \u00f6sszege legfeljebb a szok\u00e1sos standd\u00edj m\u00e9rt\u00e9k\u00e9ig terjedhet.\n                        <\/p>\n<p>A 2026-os \u00e1rak n\u00e9gyzetm\u00e9terenk\u00e9nt 739 doll\u00e1rn\u00e1l (plusz \u00e1fa) kezd\u0151dnek (mintegy 299 300 forint + \u00e1fa), \u00edgy egy kisebb stand nagyj\u00e1b\u00f3l 15 ezer doll\u00e1rba (mintegy 6 milli\u00f3 75 ezer forint), egy nagyobb pedig 60 ezer doll\u00e1rba (csaknem 24 milli\u00f3 300 ezer forint) ker\u00fcl.<\/p>\n<p>Azoknak a gal\u00e9riatulajdonosoknak, akik nem k\u00edv\u00e1nnak r\u00e9szt venni a 2026-os esem\u00e9nyen, el\u0151re be kell fizetni\u00fck a standd\u00edjat, amit \u201e\u00e1tvisznek\u201d a 2027-es \u00e9vre. Aki szeretne megjelenni, de tart az utaz\u00e1st\u00f3l, annak a v\u00e1s\u00e1r felaj\u00e1nlotta, hogy a Dubajba kisz\u00e1ll\u00edtott m\u0171veket \u201eaz Art Dubai csapat\u00e1nak seg\u00edts\u00e9g\u00e9vel\u201d mutatj\u00e1k be.<\/p>\n<p>                        Rak\u00e9tat\u00fczek \u00e1rny\u00e9k\u00e1ban<\/p>\n<p>Az Art Dubai sorsa a febru\u00e1r v\u00e9gi eszkal\u00e1ci\u00f3 \u00f3ta k\u00e9rd\u00e9ses, mivel Dubajt \u00e9s az \u00d6b\u00f6l-menti r\u00e9gi\u00f3t folyamatos ir\u00e1ni rak\u00e9ta- \u00e9s dr\u00f3nt\u00e1mad\u00e1sok \u00e9rik. Noha az Em\u00edrs\u00e9gek l\u00e9gv\u00e9delme a legt\u00f6bb csap\u00e1st semleges\u00edtette, a l\u00e9gi k\u00f6zleked\u00e9s akadozik: csak kev\u00e9s kereskedelmi j\u00e1rat indul vagy \u00e9rkezik az orsz\u00e1gba.<\/p>\n<p>A szervez\u0151k hangs\u00falyozz\u00e1k, hogy a d\u00f6nt\u00e9st az \u00e9rintettekkel val\u00f3 egyeztet\u00e9s ut\u00e1n hozt\u00e1k meg, \u00e9s \u201eer\u0151s t\u00e1mogat\u00e1st kaptak, k\u00fcl\u00f6n\u00f6sen a helyi gy\u0171jt\u0151i k\u00f6z\u00f6ss\u00e9gt\u0151l\u201d. Az Art Dubai sz\u00f3viv\u0151je a The Art Newspapernek elmondta, hogy folyamatos p\u00e1rbesz\u00e9det folytatnak a partnereikkel, \u00e9s<\/p>\n<p>egy\u00e9rtelm\u0171 az a v\u00e9leked\u00e9s, hogy az Art Dubai \u00e1ltal k\u00e9pviselt platform fenntart\u00e1sa l\u00e9tfontoss\u00e1g\u00fa a sz\u00e9lesebb kultur\u00e1lis \u00f6kosziszt\u00e9ma sz\u00e1m\u00e1ra.<\/p>\n<p>Az Egyes\u00fclt Arab Em\u00edrs\u00e9gek a h\u00e1rom hete tart\u00f3 bomb\u00e1z\u00e1sok ellen\u00e9re is igyekszik a normalit\u00e1s l\u00e1tszat\u00e1t kelteni. Az iskol\u00e1kban el\u0151r\u00e9bb hozt\u00e1k az Eid-sz\u00fcnetet, sok k\u00fclf\u00f6ldi munkav\u00e1llal\u00f3 pedig kihaszn\u00e1lta a lehet\u0151s\u00e9get, hogy hazautazzon. M\u00e1sok maradtak, \u00e9s felv\u00e1ltva dolgoznak otthonr\u00f3l vagy az irod\u00e1kb\u00f3l, a gal\u00e9ri\u00e1k pedig \u00fajra kinyitottak. Ennek ellen\u00e9re az Ir\u00e1n, valamint az Egyes\u00fclt \u00c1llamok \u00e9s Izrael k\u00f6z\u00f6tti konfliktus enyh\u00fcl\u00e9s\u00e9nek egyel\u0151re semmi jele.<\/p>\n<p>Nemzetk\u00f6zi forr\u00e1sok szerint t\u00f6bb gal\u00e9ria \u00e9s gy\u0171jt\u0151 is jelezte: jelenleg szinte lehetetlen sz\u00e1ll\u00edt\u00e1si \u00e1raj\u00e1nlatokat kapni, rep\u00fcl\u0151jegyet foglalni vagy megj\u00f3solni, mekkora lesz a l\u00e1togat\u00f3i \u00e9rdekl\u0151d\u00e9s a bizonytalan helyzetben.<\/p>\n<p>    <img decoding=\"async\" src=\"https:\/\/index.hu\/assets\/images\/social-follow\/logo-big.svg\" alt=\"Index.hu logo\"\/><\/p>\n<p>K\u00f6vesse az Indexet Facebookon is!<\/p>\n<p>    <a href=\"https:\/\/facebook.com\/Indexhu\" target=\"_blank\" rel=\"nofollow noopener\"><\/p>\n<p>        K\u00f6vetem!<br \/>\n    <\/a><\/p>\n","protected":false},"excerpt":{"rendered":"Az Art Dubai \u00e1talak\u00edtja a 2026-os programj\u00e1t a K\u00f6zel-Keleten zajl\u00f3 fegyveres konfliktus miatt, amely az Ir\u00e1n ter\u00fclet\u00e9n foly\u00f3&hellip;\n","protected":false},"author":2,"featured_media":41694,"comment_status":"","ping_status":"","sticky":false,"template":"","format":"standard","meta":{"footnotes":"","_share_on_mastodon":"0"},"categories":[8],"tags":[8846,18092,18094,13444,42,18093,150,43,34,94,93,92],"class_list":["post-41693","post","type-post","status-publish","format-standard","has-post-thumbnail","category-vilag","tag-amerikai-irani-konfliktus","tag-art-dubai-2026","tag-dunja-gottweis","tag-elmarad","tag-hungarian","tag-kepzomuveszeti-vasar","tag-kultur","tag-magyar","tag-news","tag-vilag","tag-world","tag-world-news"],"share_on_mastodon":{"url":"https:\/\/pubeurope.com\/@hu\/116298881600854279","error":""},"_links":{"self":[{"href":"https:\/\/www.europesays.com\/hu\/wp-json\/wp\/v2\/posts\/41693","targetHints":{"allow":["GET"]}}],"collection":[{"href":"https:\/\/www.europesays.com\/hu\/wp-json\/wp\/v2\/posts"}],"about":[{"href":"https:\/\/www.europesays.com\/hu\/wp-json\/wp\/v2\/types\/post"}],"author":[{"embeddable":true,"href":"https:\/\/www.europesays.com\/hu\/wp-json\/wp\/v2\/users\/2"}],"replies":[{"embeddable":true,"href":"https:\/\/www.europesays.com\/hu\/wp-json\/wp\/v2\/comments?post=41693"}],"version-history":[{"count":0,"href":"https:\/\/www.europesays.com\/hu\/wp-json\/wp\/v2\/posts\/41693\/revisions"}],"wp:featuredmedia":[{"embeddable":true,"href":"https:\/\/www.europesays.com\/hu\/wp-json\/wp\/v2\/media\/41694"}],"wp:attachment":[{"href":"https:\/\/www.europesays.com\/hu\/wp-json\/wp\/v2\/media?parent=41693"}],"wp:term":[{"taxonomy":"category","embeddable":true,"href":"https:\/\/www.europesays.com\/hu\/wp-json\/wp\/v2\/categories?post=41693"},{"taxonomy":"post_tag","embeddable":true,"href":"https:\/\/www.europesays.com\/hu\/wp-json\/wp\/v2\/tags?post=41693"}],"curies":[{"name":"wp","href":"https:\/\/api.w.org\/{rel}","templated":true}]}}