{"id":42790,"date":"2026-03-27T21:34:06","date_gmt":"2026-03-27T21:34:06","guid":{"rendered":"https:\/\/www.europesays.com\/hu\/42790\/"},"modified":"2026-03-27T21:34:06","modified_gmt":"2026-03-27T21:34:06","slug":"szinte-biztos-vagyok-benne-hogy-az-alkotmanyvedelmi-hivatalnak-koze-volt-a-gyerekpornografiaval-kapcsolatos-nevtelen-bejelenteshez","status":"publish","type":"post","link":"https:\/\/www.europesays.com\/hu\/42790\/","title":{"rendered":"Szinte biztos vagyok benne, hogy az Alkotm\u00e1nyv\u00e9delmi Hivatalnak k\u00f6ze volt a gyerekpornogr\u00e1fi\u00e1val kapcsolatos n\u00e9vtelen bejelent\u00e9shez"},"content":{"rendered":"<p>Fizikailag \u00e9s lelkileg is megterhel\u0151 volt az elm\u00falt p\u00e1r nap Szab\u00f3 Benc\u00e9nek, mondta a volt nyomoz\u00f3 <a href=\"https:\/\/www.youtube.com\/watch?v=roI9C9zraLE\" target=\"_blank\" rel=\"nofollow noopener\">a Partiz\u00e1n \u00e9l\u0151 interj\u00faj\u00e1ban<\/a>. Az elm\u00falt k\u00e9t napban nem t\u00f6rt\u00e9nt fejlem\u00e9ny az \u00fcgyben, nem kerest\u00e9k az\u00f3ta a hat\u00f3s\u00e1gok, felt\u00e9telezi, hogy a t\u0151le lefoglalt eszk\u00f6z\u00f6ket elemzik \u00e9s mentik. \u201eVal\u00f3sz\u00edn\u0171leg az adatment\u00e9st az eszk\u00f6zeimr\u0151l hamar elkezdt\u00e9k, de \u00edgy is el\u00e9g kev\u00e9s id\u0151 telt el az\u00f3ta, hogy konkl\u00fazi\u00f3t lehessen levonni\u201d \u2013 mondta. Hozz\u00e1tette, hogy az \u00fcgyv\u00e9dj\u00e9t \u00e9s \u0151t is meglepte, hogy a meggyan\u00fas\u00edt\u00e1s ilyen gyors volt, \u201eizzadts\u00e1gszag\u00faan hatott\u201d mindkett\u0151j\u00fck sz\u00e1m\u00e1ra.<\/p>\n<p>\u201eNagyon sok forgat\u00f3k\u00f6nyv volt el\u0151ttem, hogy fog ez lezajlani, ha megjelenik a cikk\u201d \u2013 mondta. M\u00e1r akkor tudta, hogy ha a koll\u00e9g\u00e1it fogj\u00e1k vegz\u00e1lni, akkor \u0151 el\u0151 fog j\u00f6nni azzal, hogy \u0151 volt, aki a Direkt36-nak besz\u00e9lt az NNI-nyomoz\u00e1si \u00fcgyr\u0151l. \u201eFelk\u00e9sz\u00fcltem a legrosszabb forgat\u00f3k\u00f6nyvre, amire gondoltam el\u0151re, pakoltam magamnak v\u00e1lt\u00e1s ruh\u00e1t is, ha \u0151rizetbe v\u00e9telre ker\u00fcl sor, \u00e9s benn t\u00f6lt\u00f6m az \u00e9jszak\u00e1t.\u201d Azt mondta: nem tudta kiz\u00e1rni, hogy az \u0151 elj\u00e1r\u00e1s\u00e1ban is er\u0151ltetett int\u00e9zked\u00e9sek fognak t\u00f6rt\u00e9nni, abb\u00f3l kiindulva, ahogy az \u0151 nyomoz\u00e1suk folyt.<\/p>\n<p>A cikk megjelen\u00e9se ut\u00e1n a munkanapja norm\u00e1lisan zajlott, de volt fesz\u00fclts\u00e9g a munkat\u00e1rsak k\u00f6z\u00f6tt. \u201eAki ismerte az \u00fcgyet, er\u0151sen sejthette, hogy k\u00f6z\u00fcl\u00fcnk ker\u00fclt ki az inform\u00e1ci\u00f3\u201d \u2013 mondta. Mindk\u00e9t vezet\u0151j\u00e9t beh\u00edvatt\u00e1k a k\u00f6z\u00e9pvezet\u0151h\u00f6z, majd a k\u00f6z\u00e9pvezet\u0151 be\u00fclt hozz\u00e1juk is, ekkor m\u00e9g az volt az elbesz\u00e9l\u00e9s t\u00e1rgya, amit Pint\u00e9r S\u00e1ndor ma elmondott:<\/p>\n<p>aki kiadta a bels\u0151s inform\u00e1ci\u00f3t, az egy \u00e1rul\u00f3, \u00e9s hogy nincs rend\u0151ri lojalit\u00e1s, g\u00f3rcs\u0151 al\u00e1 ker\u00fclt az eg\u00e9sz oszt\u00e1ly, \u00e9s az oszt\u00e1ly munk\u00e1ja el fog lehetetlen\u00fclni.<\/p>\n<p>\u0150 \u00fagy gondolta, hogy ennek a c\u00e9lja ink\u00e1bb az volt, hogy kiugrassz\u00e1k a nyulat a bokorb\u00f3l.<\/p>\n<p>A koll\u00e9g\u00e1i k\u00f6z\u00fcl volt, aki azt szerette volna, hogy aki ilyen inform\u00e1ci\u00f3kat kiadott, az v\u00e1llalja n\u00e9vvel \u00e9s arccal, volt, aki meg is \u00e9rtette, \u00e9s nem is. Szerinte gondolt\u00e1k, hogy \u0151 lehetett az, aki kiadta az inform\u00e1ci\u00f3kat, hiszen nem sokkal kor\u00e1bban felmondott. A munkaid\u0151 letelt\u00e9vel nem mehetett haza senki, az igazgat\u00f3 \u00e9s az igazgat\u00f3helyettes j\u00f6tt az NVSZ igazgat\u00f3j\u00e1val, \u00e9s bejelentett\u00e9k, hogy mindenkit meghallgatnak. Felmer\u00fclt, hogy a vizsg\u00e1lat sor\u00e1n hazugs\u00e1gvizsg\u00e1l\u00f3t is fognak alkalmazni. \u201eHa van egy tett, amit elv\u00e9geztem, v\u00e1llaljam a k\u00f6vetkezm\u00e9nyeit, \u00e9s felv\u00e1llaltam. Fel\u00e1lltam, \u00e9s elmondtam, hogy \u00e9n voltam, aki az inform\u00e1ci\u00f3kat kiadta\u201d \u2013 mondta. Ezut\u00e1n vitt\u00e9k el meghallgat\u00e1sra, ahol nem volt jegyz\u0151k\u00f6nyv. Gyan\u00edtja, hogy hangfelv\u00e9tel k\u00e9sz\u00fclhetett r\u00f3la, de ezt nem jelentett\u00e9k be.<\/p>\n<p>Kapott egy hat\u00e1rozatot, hogy mit foglalhatnak le t\u0151le, \u00e9s egy terheleti t\u00e1j\u00e9koztat\u00f3t, amit akkor szoktak kapni emberek, amikor gyan\u00fas\u00edtott\u00e1 v\u00e1lik. \u201e\u00c9n ekkor megk\u00e9rdeztem, hogy sz\u00e1m\u00edthatok-e arra, hogy gyan\u00fas\u00edtottk\u00e9nt fognak kihallgatni\u201d \u2013 mondta. Azt rem\u00e9lte, hogy el\u0151sz\u00f6r csak kutatni fognak, \u00fagy gondolja, egy norm\u00e1lis b\u00fcntet\u0151elj\u00e1r\u00e1sban \u00edgy t\u00f6rt\u00e9nt volna, ehelyett azonnal gyan\u00fas\u00edt\u00e1s t\u00f6rt\u00e9nt. Ekkor h\u00edvta fel az \u00fcgyv\u00e9dj\u00e9t, \u00e9s mondta azt, hogy kimehet a Direkt36 vele k\u00e9sz\u00fclt vide\u00f3ja is.<\/p>\n<p>\u201eVolt egy bizonyos fok\u00fa d\u00f6bbenet azokban, akik kev\u00e9sb\u00e9 ismert\u00e9k az \u00fcgyet, hogy ez megt\u00f6rt\u00e9nt\u201d \u2013 mondta a koll\u00e9g\u00e1ir\u00f3l. Szerinte a cikk megjelen\u00e9se ut\u00e1n az els\u0151 reakci\u00f3 az NNI-n bel\u00fcl az volt, hogy mi lesz az oszt\u00e1llyal, de \u0151 abban rem\u00e9nykedett, hogy t\u00e9nyleges vizsg\u00e1lat indul el a hat\u00e1s\u00e1ra azokkal a szem\u00e9lyekkel szemben, akik magyar \u00e1llampolg\u00e1rok ellen dolgoznak. Tudja, hogy a volt oszt\u00e1ly\u00e1n sokan haragszanak r\u00e1, \u00e9s nem felt\u00e9tlen\u00fcl kedvelik. \u201e\u00c9n \u00fagy tudom, hogy volt egy olyan lappang\u00f3 h\u00edr ott, hogy az oszt\u00e1lyt sz\u00e9t is robbanthatj\u00e1k, \u00e1ttehetnek minden koll\u00e9g\u00e1t egy m\u00e1sik oszt\u00e1lyra. Erre volt m\u00e1r precedens, hogy egy koll\u00e9ga z\u0171r\u00f6s \u00fcgyletei miatt egy oszt\u00e1lyt sz\u00e9tdaraboltak\u201d \u2013 mondta, hozz\u00e1t\u00e9ve, hogy neki nem ez volt a c\u00e9lja, hogy kollekt\u00edv b\u00fcntet\u00e9sk\u00e9nt az oszt\u00e1lyt valamilyen h\u00e1tr\u00e1ny \u00e9rje.<\/p>\n<p>\u201eEz szerintem abszurd, \u00e9s most szeretn\u00e9m kijelenteni, hogy t\u0171zbe tenn\u00e9m a kezem ez\u00e9rt az oszt\u00e1ly\u00e9rt. Ha megtudom, hogy b\u00e1rmilyen m\u00f3don megpr\u00f3b\u00e1lj\u00e1k a munkaviszonyokat megsz\u00fcntetni, vagy \u00e1trakni \u0151ket, akkor meg fogok tenni mindent az\u00e9rt, hogy fell\u00e9pjek ez ellen, b\u00e1rmilyen platformot kapok, ha kell, utc\u00e1ra megyek. Ne azokat a gyerekv\u00e9delmi nyomoz\u00f3kat vegz\u00e1lj\u00e1k, akik nem tehetnek semmir\u0151l, ami\u00e9rt \u00e9n ki\u00e1lltam a nyilv\u00e1noss\u00e1g el\u00e9.\u201d<\/p>\n<p>Kit\u00e9rtek arra is, hogy Szab\u00f3 2013 \u00e9s 2019 k\u00f6z\u00f6tt a NAV-n\u00e1l dolgozott, azt mondta, hogy volt, hogy elh\u00faz\u00f3dtak \u00fcgyek, ami neki nem tetszett, ez\u00e9rt a politikai befoly\u00e1st\u00f3l legt\u00e1volabbi munk\u00e1t keresett a nyomoz\u00f3i hivat\u00e1son bel\u00fcl. Azt tapasztalta, hogy lehetett volna m\u00e1shogy nyomozni \u00fcgyekben a NAV-n\u00e1l, de t\u00f6bbsz\u00f6r nem \u00fagy csin\u00e1lt\u00e1k, ez\u00e9rt elj\u00f6tt onnan. Miut\u00e1n otthagyta a szervezetet, hallott olyanokat, hogy jelent\u0151sen romlott a sz\u00fcrke\u00e1llom\u00e1nya a szervezetnek, olyan emberek j\u00f6ttek el onnan, akik nem b\u00edrt\u00e1k a nyom\u00e1st, mert a hat\u00e1rid\u0151k \u00e9s a munkaterhel\u00e9s miatt nem lehet nyomoz\u00e1st lefolytatni ott megfelel\u0151en.<\/p>\n<p>Azt mondta: az NNI-n\u00e9l ebben a b\u0171ncselekm\u00e9ny-t\u00edpusban nagyon ritka a k\u00f6zvetlen \u00e1llampolg\u00e1ri bejelent\u00e9s, ink\u00e1bb sok olyan \u00fcgyben nyomoztak, ami onnan indul, hogy valamilyen m\u00e9diaszolg\u00e1ltat\u00f3 jelenti: el\u0151fordult gyerekpornogr\u00e1fi\u00e1val kapcsolatos tartalom. A Kaleta G\u00e1borhoz k\u00f6thet\u0151 b\u0171ncselekm\u00e9ny nyomoz\u00e1sa azel\u0151tt t\u00f6rt\u00e9nt, hogy \u0151 az NNI-hez ment volna, de ismer olyat, aki ezen dolgozott, \u00e9s b\u00e1r szerinte is felh\u00e1bor\u00edt\u00f3 az alacsony p\u00e9nzb\u00fcntet\u00e9s, a Btk. akkor val\u00f3ban ilyen b\u00fcntet\u00e9st szabott ki az ilyen b\u0171ncselekm\u00e9nyre, \u00e9s az\u00f3ta szigorodott a t\u00f6rv\u00e9ny. \u201eJ\u00f3l beleillett akkor a b\u00fcntet\u00e9s, amit kir\u00f3hattak erre a szem\u00e9lyre ezekkel a k\u00f6r\u00fclm\u00e9nyekre\u201d \u2013 mondta.<\/p>\n<p>\u0150 az NNI-s \u00fcgy idej\u00e9n a nemzetk\u00f6zi kapcsolattart\u00e1s\u00e9rt felelt, az volt a feladata, hogy koordin\u00e1lja ezeket az egy\u00fcttm\u0171k\u00f6d\u00e9seket \u00e9s menedzselje a nemzetk\u00f6zi projekteket. Amit a nyomoz\u00e1sr\u00f3l tudott, azt a koll\u00e9g\u00e1it\u00f3l tudta, mert \u00e9ppen k\u00fclf\u00f6ld\u00f6n tart\u00f3zkodott a h\u00e1zkutat\u00e1s idej\u00e9n. Guly\u00e1s r\u00e1k\u00e9rdezett arra, hogy tal\u00e1ltak-e <a href=\"https:\/\/telex.hu\/belfold\/2026\/03\/26\/magyar-peter-azert-akartak-kiiktatni-a-tisza-informatikusait-mert-a-partra-kuldott-kemszoftver-feltarasan-dolgoztak\" class=\"\" rel=\"nofollow noopener\" target=\"_blank\">a Candiru k\u00e9mszoftverre<\/a> utal\u00f3 nyomokat a nyomoz\u00e1s sor\u00e1n \u2013 ez az a szoftver, amir\u0151l Magyar P\u00e9ter azt mondta: a Tisza p\u00e1rtra k\u00fcldt\u00e9k \u2013, amire Szab\u00f3 azt v\u00e1laszolta, hogy nem.<\/p>\n<p>\u201eAmikor ilyen jelleg\u0171 \u00e9rz\u00e9kenys\u00e9get tapasztalunk, akkor els\u0151 k\u00f6rben mindig t\u00e1j\u00e9koztatjuk a fels\u0151 vezet\u00e9st, \u00e9s ennek a form\u00e1ja a Word dokumentum. Nyilv\u00e1n van egy l\u00e1nc, amiben al\u00e1- \u00e9s f\u00f6l\u00e9rendelts\u00e9gi viszonyok vannak, de egy szint f\u00f6l\u00e9 \u00e9n sem l\u00e1tok\u201d \u2013 mondta arr\u00f3l, hogy volt-e m\u00e1r kor\u00e1bban olyan, hogy a Robotzsaru NNI-rendszerbe nem ker\u00fcl bele nyomozati anyag, hogy ne legyen hivatalos nyoma annak, egy nyomoz\u00e1s \u00e9ppen hogy \u00e1ll. Azt mondta Szab\u00f3, hogy egyszer-k\u00e9tszer el\u0151fordult ilyen. Az \u00e9rz\u00e9kenys\u00e9g mindig abb\u00f3l ad\u00f3dott, mondta, hogy k\u00f6zszerepl\u0151 vagy politikus van-e benne, az \u00e9rz\u00e9kenys\u00e9get pedig itt \u00fagy kell \u00e9rteni, hogy m\u00e9di\u00e1ba beker\u00fclhet-e a t\u00f6rt\u00e9net.<\/p>\n<p>Azt mondta, nem indokolt\u00e1k meg, hogy mi\u00e9rt h\u00fazt\u00e1k ki a nyomoz\u00e1si anyagb\u00f3l a k\u00f6vetkeztet\u00e9s\u00e9t, miszerint titkosszolg\u00e1lat keze is lehet a dologban, de \u00fagy gondolta, hogy sz\u00f3ban ezt megjegyezt\u00e9k a fels\u0151bb vezet\u00e9snek. Magasabb szintekr\u0151l utas\u00edtott\u00e1k arra, hogy ez ne legyen benne a jelent\u00e9s\u00e9ben. Szab\u00f3 megnevezte Rog\u00e1n Antalt, mint akinek a miniszt\u00e9rium\u00e1hoz ez a titkosszolg\u00e1lat, amire \u0151 gyanakodott, k\u00f6thet\u0151 esetleg lehet, de enn\u00e9l tov\u00e1bb nem akart menni. Van egy er\u0151s gyan\u00faja, hogy pontosan kir\u0151l van sz\u00f3, de sem konkr\u00e9t miniszt\u00e9riumot, sem nevet nem akart mondani.<\/p>\n<p>Szab\u00f3 szerint a Henry \u00e1ltal tan\u00fas\u00edtott arrog\u00e1ns, f\u00f6l\u00e9nyesked\u0151 fell\u00e9p\u00e9s iskolap\u00e9ld\u00e1ja a titkosszolg\u00e1latok m\u0171k\u00f6d\u00e9s\u00e9nek, hogy magabiztoss\u00e1got sugalljanak. \u00dagy gondolja, hogy Henry b\u00fcszke a munk\u00e1j\u00e1ra, \u00e9s hencegett Gundalfnak a tud\u00e1s\u00e1val \u00e9s a k\u00e9pess\u00e9geivel, ez nem volt egy okos d\u00f6nt\u00e9s, hiszen nagyon sok inform\u00e1ci\u00f3t megosztott egy olyan emberrel, akit alig ismert, \u00e9s nem b\u00edzhatott m\u00e9g benne. Szab\u00f3 szerint felt\u00e9telezt\u00e9k, hogy Gundalf s\u00e9rt\u0151d\u00f6tt a Tisza p\u00e1rt fel\u00e9, \u00e9s ezt akart\u00e1k kihaszn\u00e1lni.<\/p>\n<p>\u201e\u00c9n azt l\u00e1ttam, hogy olyan cselekm\u00e9nyek t\u00f6rt\u00e9nnek az \u00e1ltalunk titkosszolg\u00e1latnak v\u00e9lt Henry csapata r\u00e9sz\u00e9r\u0151l, hogy ha nem az volt a v\u00e9gs\u0151 c\u00e9l, hogy a Tisza p\u00e1rtot bed\u00f6nts\u00e9k, semmi nem indokolta, hogy ezek t\u00f6rt\u00e9njenek\u201d \u2013 mondta Szab\u00f3. K\u00f6z\u00e9rdekkel nem pr\u00f3b\u00e1ltak \u00e9rvelni Gundalf ir\u00e1ny\u00e1ba az\u00e9rt, hogy mi\u00e9rt kellene a Tisza p\u00e1rt ellen fordulnia. Szab\u00f3 azt mondta, arr\u00f3l nem rendelkezik inform\u00e1ci\u00f3val, hogy Gundalf hekkercsoport tagja lett volna.<\/p>\n<p>\u201eJ\u00f3 p\u00e1rszor k\u00e9tszer is magam m\u00f6g\u00e9 n\u00e9ztem, amikor mentem az utc\u00e1n\u201d \u2013 mondta, hozz\u00e1t\u00e9ve: a nyomoz\u00e1s k\u00f6zben nem gondoln\u00e1, hogy megfigyelt\u00e9k, most viszont szinte ezer sz\u00e1zal\u00e9kig biztos benne, hogy t\u00f6rt\u00e9nik valamilyen megfigyel\u00e9s vele szemben, legal\u00e1bb egy-k\u00e9t eszk\u00f6zzel.<\/p>\n<p>A politikai befoly\u00e1sr\u00f3l is besz\u00e9lgettek, Szab\u00f3 azt mondta: a v\u00e1laszt\u00e1sok k\u00f6zeledt\u00e9vel megszaporodtak az olyan jelleg\u0171 h\u00edrek, elbesz\u00e9l\u00e9sek, hogy menesztenek valakit, mert nem hajland\u00f3 p\u00e9ld\u00e1ul v\u00e1dat emelni.<\/p>\n<p>Azt mondta: volt, hogy konkr\u00e9t \u00fcgy\u00e9szr\u0151l hallotta, hogy az\u00e9rt menesztett\u00e9k, mert egy bizonyos szem\u00e9ly ellen nem akart v\u00e1dat emelni \u2013 olyan \u00fcgyben, amit a sajt\u00f3ban is szorosan figyelemmel lehetett k\u00f6vetni. Tud olyan b\u0171n\u00fcgyi vezet\u0151t is, akit m\u00e1sik, sajt\u00f3ban szorosan lek\u00f6vethet\u0151 \u00fcgy miatt bocs\u00e1tottak el, mert nem volt hajland\u00f3 \u00fagy cselekedni, ahogy elv\u00e1rt volt abban a szitu\u00e1ci\u00f3ban fel\u00fclr\u0151l.<\/p>\n<p>Konkr\u00e9t \u00fcgyeket nem nevezett meg, de \u00fcgy\u00e9szs\u00e9get \u00e9s vid\u00e9ki kapit\u00e1nys\u00e1got jel\u00f6lt meg, mint szervezetet, ahol t\u00f6rt\u00e9nt ilyen.<\/p>\n<p>\u00dagy tudja, hogy megkapt\u00e1k utas\u00edt\u00e1sba a volt koll\u00e9g\u00e1i, hogy nem besz\u00e9lhetnek vele semmilyen f\u00f3rumon, de kijel\u00f6ltek egy koll\u00e9g\u00e1t, aki tarthatja vele a kapcsolatot munka\u00fcgyekben. \u00dagy tudja, hogy sokan neheztelnek r\u00e1, de abszol\u00fat nem tud r\u00e1juk haragudni. \u201e\u00c9n d\u00f6nt\u00f6ttem \u00fagy, hogy ki\u00e1llok, \u00e9s \u00e9n kell, hogy viseljem a k\u00f6vetkezm\u00e9nyeit\u201d \u2013 mondta.<\/p>\n<p>\u201eAz, hogy Pint\u00e9r S\u00e1ndor olyan szinten beleavatkozik a narrat\u00edv\u00e1ba, hogy \u00e1rul\u00f3nak h\u00edv engem egy csoport ember nev\u00e9ben, azt igen er\u0151snek gondolom egy\u00e9bk\u00e9nt, mert nem mindenki gondolkodik \u00edgy. (\u2026) Ennek a c\u00e9lja kett\u0151s volt, egyr\u00e9szt az, hogy a tudtomra adja, hogy ellenem fordult mindenki, m\u00e1sr\u00e9szt hogy megakad\u00e1lyozza, hogy tov\u00e1bbi rend\u0151r\u00f6k el\u0151l\u00e9pjenek. Ez egy olyan elrettent\u0151 hat\u00e1ssal van, hogy aki ki\u00e1ll, az \u00e1rul\u00f3. \u00c9s ezt a Bel\u00fcgyminiszter mondja, aki a rendv\u00e9delmi szervek\u00e9rt felel\u0151s miniszter\u201d \u2013 mondta. Szerinte az \u00e1llom\u00e1ny k\u00f6r\u00e9ben magas az el\u00e9gedetlens\u00e9g a Fidesz fel\u00e9. \u201eRend\u0151r nem politiz\u00e1lhat. \u00c9n sem \u00fagy tettem ezt, \u00e9s tudom, hogy vannak ilyen h\u00edrek, hogy \u00e9n valamilyen p\u00e1rt fel\u0151li vonz\u00f3d\u00e1sb\u00f3l \u00e1lltam a nyilv\u00e1noss\u00e1g el\u00e9, az nem igaz. Amire \u00e9n felh\u00edvtam a figyelmet, az pont az, hogy \u00e9n egy p\u00e1rtatlan rend\u0151rs\u00e9get szeretn\u00e9k t\u00e1mogatni. (\u2026) Azt, hogy el\u0151\u00e1lltam, \u00e9n p\u00e1rtpolitikai \u00e9rdekb\u0151l tettem volna, kik\u00e9rem magamnak.\u201d<\/p>\n<p>Guly\u00e1s Gergely a Korm\u00e1nyinf\u00f3n <a href=\"https:\/\/telex.hu\/belfold\/2026\/03\/26\/veget-ert-a-kormanyinfo-ezek-voltak-a-legfontosabb-allitasok\" class=\"\" rel=\"nofollow noopener\" target=\"_blank\">azt mondta<\/a>, hogy k\u00e9melh\u00e1r\u00edt\u00e1si m\u0171velet r\u00e9szleteit hozta Szab\u00f3 nyilv\u00e1noss\u00e1gra, \u00e9s ezt elismerte a kihallgat\u00e1son. Szab\u00f3 azt mondta, hogy nem tett vallom\u00e1st, de \u00fcvd\u00f6zli Guly\u00e1s kijelent\u00e9seit, mert ezzel szerinte beigazolta, hogy titkosszolg\u00e1latok \u00e1lltak az eg\u00e9sz m\u0171velet m\u00f6g\u00f6tt, m\u00e9g ha megideologiz\u00e1lt\u00e1k, hogy ez egy k\u00e9melh\u00e1r\u00edt\u00f3 m\u0171velet. \u201eSzerintem ez egy igazol\u00e1sa a t\u00f6rt\u00e9netemnek\u201d \u2013 mondta. Azt is hallotta t\u00f6bbsz\u00f6r, hogy \u0151 rend\u0151rk\u00e9nt nem \u00e9rthet a k\u00e9melh\u00e1r\u00edt\u00e1si m\u0171veletekhez. Erre azt v\u00e1laszolja, hogy t\u00e9nyleg nem \u00e9rt, hiszen nem \u00e9rti, vajon mi c\u00e9lt szolg\u00e1l, hogy k\u00e9t ukr\u00e1n k\u00e9m miatt bed\u00f6ntenek egy p\u00e1rtot, \u00e9s kisziv\u00e1rogtatj\u00e1k emberek adatait. Feltette a k\u00e9rd\u00e9st: milyen titkosszolg\u00e1lati \u00e9rdek indokolja, hogy emberek adatait adj\u00e1k ki az\u00e9rt, hogy k\u00e9t embert lekapcsoljanak, \u00e9s akkor mi\u00e9rt nem k\u00e9mked\u00e9ssel kapcsolatban folyik az elj\u00e1r\u00e1s, mi\u00e9rt haditechnikai eszk\u00f6z\u00f6kkel val\u00f3 vissza\u00e9l\u00e9s miatt.<\/p>\n<p>A titkosszolg\u00e1latokr\u00f3l Szab\u00f3 azt mondta: a jelenlegi \u00fcgy alapj\u00e1n \u00fagy t\u0171nik, hogy t\u00f6bb csapat is rendelkez\u00e9sre \u00e1ll, be tudnak szervezni embereket \u00e9s val\u00f3sz\u00edn\u0171leg c\u00e9geket is, jelent\u0151s k\u00e9szp\u00e9nzzel, er\u0151forr\u00e1ssal rendelkeznek. \u0150t az \u00e9rdekeln\u00e9, hogy milyen c\u00e9lok ment\u00e9n teszik mindezt. A Tisza p\u00e1rtb\u00f3l el\u00e9g sok n\u00e9v el\u0151ker\u00fclt a nyomoz\u00e1s sor\u00e1n, volt, akir\u0151l azt mondta Henry \u00e9s csapata, hogy \u0151k szervezt\u00e9k oda a p\u00e1rt k\u00f6zel\u00e9be, \u00e9s volt, akikre r\u00e1l\u00e1t\u00e1suk volt. \u0150 \u00fagy gondolja, hogy Henry kapcsolattart\u00f3, tart\u00f3tiszt volt, szerinte nem \u0151 volt a csapat vezet\u0151je. Szab\u00f3 szerint nem szerencs\u00e9s, hogy \u00fagy t\u0171nik: a narrat\u00edva szerint az Alkotm\u00e1nyv\u00e9delmi Hivatal egy\u00fcttm\u0171k\u00f6dik a rend\u0151rs\u00e9ggel, m\u00e9ghozz\u00e1 koholt v\u00e1dak alapj\u00e1n, szerinte ez nem norm\u00e1lis m\u00f3dszer.<\/p>\n<p>Az eredeti gyerekpornogr\u00e1fi\u00e1r\u00f3l sz\u00f3l\u00f3 bejelent\u00e9sr\u0151l is besz\u00e9ltek, err\u0151l Szab\u00f3 azt mondta:<\/p>\n<p>\u0151 szinte biztos benne, hogy az Alkotm\u00e1nyv\u00e9delmi Hivatalnak k\u00f6ze volt a n\u00e9vtelen bejelent\u00e9shez.<\/p>\n<p>Szab\u00f3 azt mondta, neki hivat\u00e1sa volt ez a munka, gyerekeknek akart seg\u00edteni. Az, hogy lemondatt\u00e1k, azt jelenti, hogy a jelenlegi rendszer szerint nem ker\u00fclhet vissza a rend\u0151rs\u00e9g k\u00f6tel\u00e9k\u00e9be, ha viszont valahogy m\u00e9gis visszaker\u00fcl, rendfokozat n\u00e9lk\u00fcl el\u00f6lr\u0151l kell kezdenie a rangl\u00e9tr\u00e1n. Azt mondta: ha korm\u00e1nyv\u00e1lt\u00e1sra ker\u00fclne sor, akkor erk\u00f6lcsi szempontb\u00f3l lehet, hogy m\u00e1s elb\u00edr\u00e1l\u00e1s al\u00e1 esik majd, amit most megtett, \u00e9s tal\u00e1n es\u00e9lyt adnak neki arra, hogy valamilyen nyomozati r\u00e9szhez visszajusson.<\/p>\n<p>Megjegyezte, hogy kor\u00e1bban viccelt, azzal, hogy ha t\u00e9nyleg lesz nemzeti vagyonvisszaszerz\u00e9si \u00e9s v\u00e9delmi hivatal, akkor arra \u0151 a j\u00f3 ember, mert m\u00e1r most van n\u00e1la olyan nyersanyag, amivel tudna dolgozni. Biztos volt benne, hogy most nem fogj\u00e1k neki megk\u00f6sz\u00f6nni azt, hogy el\u0151\u00e1llt ezekkel az inform\u00e1ci\u00f3kkal. Inform\u00e1ci\u00f3i szerint Pint\u00e9r S\u00e1ndor nem \u00f6r\u00fclt, amikor megtudta, hogy szolg\u00e1lati eszk\u00f6z\u00f6kkel egy p\u00e1rt besz\u00e1nt\u00e1s\u00e1n gondolkodnak olyan csoportok, mint amilyen Henry\u00e9 is.<\/p>\n<p>\u201eLehet vitatkozni arr\u00f3l, hogy mennyire lehet a t\u00e1rsadalomra vesz\u00e9lyes, amit csin\u00e1ltam\u201d \u2013 mondta. Van, aki azt mondja, hogy megingatta a bizalmat a rendv\u00e9delmi szervekben, de van, aki azt: j\u00f3, hogy vannak m\u00e9g olyan rend\u0151r\u00f6k, akik ki\u00e1llnak az ilyen \u00fcgy\u00e9rt. A legt\u00f6bb t\u00e1mogat\u00e1st olyan rend\u0151r\u00f6kt\u0151l kapta, akik m\u00e1r leszereltek.<\/p>\n<p>A t\u00f6rt\u00e9net h\u00e1ttere r\u00f6viden: a Direkt36 <a href=\"https:\/\/telex.hu\/direkt36\/2026\/03\/24\/a-10-legfontosabb-allitas-a-tisza-elleni-muveletrol-szolo-direkt36-nyomozasbol\" class=\"\" rel=\"nofollow noopener\" target=\"_blank\">a napokban arr\u00f3l \u00edrt<\/a>, hogy tavaly ny\u00e1r k\u00f6zep\u00e9n a Nemzeti Nyomoz\u00f3 Iroda bejelent\u00e9st kapott arr\u00f3l, hogy gyermekpornogr\u00e1fia gyan\u00faja mer\u00fclt fel k\u00e9t magyar f\u00e9rfin\u00e9l. A bejelent\u00e9sre k\u00fcl\u00f6n felh\u00edvta a figyelm\u00fcket az egyik titkosszolg\u00e1lati szerv, az Alkotm\u00e1nyv\u00e9delmi Hivatal, \u00e9s nyom\u00e1st gyakorolt a rend\u0151rs\u00e9gre, hogy min\u00e9l gyorsabban v\u00e9gezzenek h\u00e1zkutat\u00e1st a k\u00e9t szem\u00e9lyn\u00e9l, egy 19 \u00e9ves \u00e9s egy 38 \u00e9ves f\u00e9rfin\u00e9l.<\/p>\n<p>A nyomoz\u00f3k a h\u00e1zkutat\u00e1son azzal szembes\u00fcltek, hogy k\u00e9t, a Tisza P\u00e1rthoz k\u00f6thet\u0151 informatikushoz \u00e9rkeztek, \u00edgy egy politikai jelent\u0151s\u00e9ggel b\u00edr\u00f3 \u00fcgybe cs\u00f6ppentek. T\u00f6bb tucat adathordoz\u00f3t foglaltak le, k\u00f6zt\u00fck szervereket, telefonokat, laptopokat, SD-k\u00e1rty\u00e1kat. Ezeken azonban ut\u00f3bb semmi nyom\u00e1t nem tal\u00e1lt\u00e1k gyerekporn\u00f3nak. El\u0151ker\u00fclt viszont t\u00f6bb sz\u00e1z, \u00fczenetv\u00e1lt\u00e1sokat tartalmaz\u00f3 k\u00e9perny\u0151fot\u00f3, ezekb\u0151l pedig egy nagyon furcsa beszervez\u00e9si k\u00eds\u00e9rlet rajzol\u00f3dott ki. Egy Henry nevet haszn\u00e1l\u00f3 ismeretlen a fiatalabb informatikust igyekezett beh\u00e1l\u00f3zni 2025 els\u0151 fel\u00e9ben, hogy seg\u00edtsen neki a Tisza P\u00e1rt bed\u00f6nt\u00e9s\u00e9ben m\u00e9g a v\u00e1laszt\u00e1sok el\u0151tt.<\/p>\n<p>Szab\u00f3 Bence, a Nemzeti Nyomoz\u00f3 Iroda (NNI) kiberb\u0171n\u00f6z\u00e9s elleni f\u0151oszt\u00e1ly\u00e1nak kor\u00e1bbi kiemelt nyomoz\u00f3ja legut\u00f3bb <a href=\"https:\/\/telex.hu\/belfold\/2026\/03\/25\/tisza-part-titkosszolgalat-hazkutatas-informatikusok\" class=\"\" rel=\"nofollow noopener\" target=\"_blank\">arccal-n\u00e9vvel mondta el a Direkt36-nak<\/a>, hogyan zajlott a titkosszolg\u00e1lati nyom\u00e1sra indult h\u00e1zkutat\u00e1s <a href=\"https:\/\/telex.hu\/direkt36\/2026\/03\/24\/titkosszolgalati-nyomasra-tortent-hazkutatas-a-tiszat-segito-informatikusoknal-aztan-kibukott-egy-gyanus-muvelet-a-part-ellen-1\" class=\"\" rel=\"nofollow noopener\" target=\"_blank\">a Tisza P\u00e1rtot seg\u00edt\u0151 informatikusok ellen<\/a>. Szab\u00f3t szerda hajnalban hivatali vissza\u00e9l\u00e9ssel gyan\u00fas\u00edtott\u00e1k meg, \u00e9s h\u00e1zkutat\u00e1st tartottak n\u00e1la.<\/p>\n<p>Az Alkotm\u00e1nyv\u00e9delmi Hivatal nem reag\u00e1lt k\u00f6zvetlen\u00fcl az \u00fcgyre, de miut\u00e1n a parlament nemzetbiztons\u00e1gi bizotts\u00e1ga \u00f6ssze\u00fclt, az Orsz\u00e1ggy\u0171l\u00e9s oldal\u00e1n megjelent egy <a href=\"https:\/\/www.parlament.hu\/web\/nemzetbiztonsagi-bizottsag\/minosites-alol-feloldott-iratok\" target=\"_blank\" rel=\"nofollow noopener\">dokumentum<\/a>, amit az Alkotm\u00e1nyv\u00e9delmi Hivatal f\u0151igazgat\u00f3ja, B\u00e1rdos Szabolcs vez\u00e9r\u0151rnagy \u00edrt a bizotts\u00e1g eln\u00f6k\u00e9nek, a jobbikos Sas Zolt\u00e1nnak, \u00e9s amib\u0151l egy eg\u00e9szen \u00e9rdekes <a href=\"https:\/\/telex.hu\/belfold\/2026\/03\/24\/alkotmanyvedelmi-hivatal-hekker-direkt36-tisza-part-nemzetbiztonsagi-bizottsag\" class=\"\" rel=\"nofollow noopener\" target=\"_blank\">k\u00e9mt\u00f6rt\u00e9net bontakozik ki<\/a>. Guly\u00e1s Gergely Minisztereln\u00f6ks\u00e9get vezet\u0151 miniszter a cs\u00fct\u00f6rt\u00f6ki <a href=\"https:\/\/telex.hu\/belfold\/2026\/03\/26\/kormanyinfo-percrol-percre-gulyas-gergely-vitalyos-eszter-1\" class=\"\" rel=\"nofollow noopener\" target=\"_blank\">korm\u00e1nyinf\u00f3n<\/a> azt mondta: a k\u00e9t k\u00e9m, akikr\u0151l az Alkotm\u00e1nyv\u00e9delmi Hivatal vezet\u0151je \u00edrt a nemzetbiztons\u00e1gi bizotts\u00e1gnak, ki-be j\u00e1rk\u00e1lt az ukr\u00e1n nagyk\u00f6vets\u00e9gr\u0151l, enged\u00e9lyk\u00f6teles, tiltott eszk\u00f6zt szerzett be, \u00e9s illeg\u00e1lis k\u00e9mszoftver beszerz\u00e9s\u00e9re is k\u00eds\u00e9rletet tett.<\/p>\n","protected":false},"excerpt":{"rendered":"Fizikailag \u00e9s lelkileg is megterhel\u0151 volt az elm\u00falt p\u00e1r nap Szab\u00f3 Benc\u00e9nek, mondta a volt nyomoz\u00f3 a Partiz\u00e1n&hellip;\n","protected":false},"author":2,"featured_media":42791,"comment_status":"","ping_status":"","sticky":false,"template":"","format":"standard","meta":{"footnotes":"","_share_on_mastodon":"0"},"categories":[6],"tags":[80,44,42,40,43,41,18132,17721],"class_list":["post-42790","post","type-post","status-publish","format-standard","has-post-thumbnail","category-magyarorszag","tag-belfold","tag-hu","tag-hungarian","tag-hungary","tag-magyar","tag-magyarorszag","tag-nni","tag-szabo-bence"],"share_on_mastodon":{"url":"https:\/\/pubeurope.com\/@hu\/116303289559558446","error":""},"_links":{"self":[{"href":"https:\/\/www.europesays.com\/hu\/wp-json\/wp\/v2\/posts\/42790","targetHints":{"allow":["GET"]}}],"collection":[{"href":"https:\/\/www.europesays.com\/hu\/wp-json\/wp\/v2\/posts"}],"about":[{"href":"https:\/\/www.europesays.com\/hu\/wp-json\/wp\/v2\/types\/post"}],"author":[{"embeddable":true,"href":"https:\/\/www.europesays.com\/hu\/wp-json\/wp\/v2\/users\/2"}],"replies":[{"embeddable":true,"href":"https:\/\/www.europesays.com\/hu\/wp-json\/wp\/v2\/comments?post=42790"}],"version-history":[{"count":0,"href":"https:\/\/www.europesays.com\/hu\/wp-json\/wp\/v2\/posts\/42790\/revisions"}],"wp:featuredmedia":[{"embeddable":true,"href":"https:\/\/www.europesays.com\/hu\/wp-json\/wp\/v2\/media\/42791"}],"wp:attachment":[{"href":"https:\/\/www.europesays.com\/hu\/wp-json\/wp\/v2\/media?parent=42790"}],"wp:term":[{"taxonomy":"category","embeddable":true,"href":"https:\/\/www.europesays.com\/hu\/wp-json\/wp\/v2\/categories?post=42790"},{"taxonomy":"post_tag","embeddable":true,"href":"https:\/\/www.europesays.com\/hu\/wp-json\/wp\/v2\/tags?post=42790"}],"curies":[{"name":"wp","href":"https:\/\/api.w.org\/{rel}","templated":true}]}}