{"id":43158,"date":"2026-03-28T07:09:06","date_gmt":"2026-03-28T07:09:06","guid":{"rendered":"https:\/\/www.europesays.com\/hu\/43158\/"},"modified":"2026-03-28T07:09:06","modified_gmt":"2026-03-28T07:09:06","slug":"fel-nap-alatt-tobb-mint-160-millio-forintot-adomanyoztak-szabo-bence-szazadosnak","status":"publish","type":"post","link":"https:\/\/www.europesays.com\/hu\/43158\/","title":{"rendered":"F\u00e9l nap alatt t\u00f6bb mint 160 milli\u00f3 forintot adom\u00e1nyoztak Szab\u00f3 Bence sz\u00e1zadosnak"},"content":{"rendered":"<p>P\u00e9ntek este <a href=\"https:\/\/4fund.com\/62pmv8\" target=\"_blank\" rel=\"nofollow noopener\">indult adom\u00e1nygy\u0171jt\u00e9s<\/a> Szab\u00f3 Bence sz\u00e1zados t\u00e1mogat\u00e1s\u00e1ra. Mind\u00f6ssze f\u00e9l nap alatt t\u00f6bb mint 164 milli\u00f3 forintnyi eur\u00f3t adom\u00e1nyoztak a Nemzeti Nyomoz\u00f3 Iroda (NNI) kor\u00e1bbi nyomoz\u00f3j\u00e1nak, aki a h\u00e9ten <a href=\"https:\/\/www.youtube.com\/watch?v=IXmuE2TX9yE\" target=\"_blank\" rel=\"nofollow noopener\">\u00e1llt a nyilv\u00e1noss\u00e1g el\u00e9<\/a>, hogy elmondja: a titkosszolg\u00e1latok megpr\u00f3b\u00e1lhatt\u00e1k bed\u00f6nteni a Tisza P\u00e1rt informatikai rendszer\u00e9t. Szombat reggelre m\u00e1r t\u00f6bb mint 17400 ember adom\u00e1nyozott p\u00e9nzt Szab\u00f3 Benc\u00e9nek. A gy\u0171jt\u00e9st a kor\u00e1bbi nyomoz\u00f3 testv\u00e9re ind\u00edtotta, hogy seg\u00edtse a testv\u00e9r\u00e9t ebben az id\u0151szakban. Az eredeti c\u00e9lkit\u0171z\u00e9s 12500 eur\u00f3, vagyis nagyj\u00e1b\u00f3l 5 milli\u00f3 forint \u00f6sszegy\u0171jt\u00e9se volt 90 nap alatt.<\/p>\n<p>Az adom\u00e1nyoz\u00e1s Szab\u00f3 Bence p\u00e9ntek esti partiz\u00e1nos interj\u00faja ut\u00e1n kezdett el nagyon begyorsulni, de szombat reggel is folyamatosan \u00e9rkeztek m\u00e9g a kisebb adom\u00e1nyok. A Partiz\u00e1nnak arr\u00f3l besz\u00e9lt, szinte biztos abban, hogy az Alkotm\u00e1nyv\u00e9delmi Hivatalnak k\u00f6ze volt a gyerekpornogr\u00e1fi\u00e1val kapcsolatos <a href=\"https:\/\/telex.hu\/belfold\/2026\/03\/27\/szabo-bence-nni-nyomozo-gundalf-buddha-henry-interju-partizan\" class=\"\" rel=\"nofollow noopener\" target=\"_blank\">n\u00e9vtelen bejelent\u00e9shez<\/a>, amit a Tisza P\u00e1rt egykori informatikusai ellen tettek, \u00e9s amely miatt nyomoz\u00e1st ind\u00edtott az NNI.<\/p>\n<p>Szab\u00f3 Bence el\u0151sz\u00f6r a Direkt36-nak adott interj\u00fat, amiben r\u00e9szletesen kifejtette, a tapasztalatai szerint a magyar titkosszolg\u00e1latok hogyan <a href=\"https:\/\/telex.hu\/direkt36\/2026\/03\/25\/megszolal-a-nyomozo-aki-belulrol-ismeri-a-tisza-elleni-muvelet-ugyet\" class=\"\" rel=\"nofollow noopener\" target=\"_blank\">pr\u00f3b\u00e1lhatt\u00e1k bed\u00f6nteni<\/a> a Tisza P\u00e1rt informatikai rendszer\u00e9t. Ez egy nappal azut\u00e1n t\u00f6rt\u00e9nt, hogy megjelent a Direkt36 <a href=\"https:\/\/telex.hu\/direkt36\/2026\/03\/24\/titkosszolgalati-nyomasra-tortent-hazkutatas-a-tiszat-segito-informatikusoknal-aztan-kibukott-egy-gyanus-muvelet-a-part-ellen-1\" class=\"\" rel=\"nofollow noopener\" target=\"_blank\">r\u00e9szletes cikke<\/a> az \u00fcgyben.<\/p>\n","protected":false},"excerpt":{"rendered":"P\u00e9ntek este indult adom\u00e1nygy\u0171jt\u00e9s Szab\u00f3 Bence sz\u00e1zados t\u00e1mogat\u00e1s\u00e1ra. Mind\u00f6ssze f\u00e9l nap alatt t\u00f6bb mint 164 milli\u00f3 forintnyi eur\u00f3t&hellip;\n","protected":false},"author":2,"featured_media":43159,"comment_status":"","ping_status":"","sticky":false,"template":"","format":"standard","meta":{"footnotes":"","_share_on_mastodon":"0"},"categories":[33],"tags":[6533,16972,80,1246,38,35,37,44,42,40,43,41,16973,34,18132,17721,945,8881,36,39],"class_list":["post-43158","post","type-post","status-publish","format-standard","has-post-thumbnail","category-hirek","tag-adomanyozas","tag-alkotmanyvedelmi-hivatal","tag-belfold","tag-direkt36","tag-focimek","tag-headlines","tag-hirek","tag-hu","tag-hungarian","tag-hungary","tag-magyar","tag-magyarorszag","tag-nemzeti-nyomozo-iroda","tag-news","tag-nni","tag-szabo-bence","tag-tisza-part","tag-titkosszolgalat","tag-top-stories","tag-vezeto-hirek"],"share_on_mastodon":{"url":"https:\/\/pubeurope.com\/@hu\/116305550805807573","error":""},"_links":{"self":[{"href":"https:\/\/www.europesays.com\/hu\/wp-json\/wp\/v2\/posts\/43158","targetHints":{"allow":["GET"]}}],"collection":[{"href":"https:\/\/www.europesays.com\/hu\/wp-json\/wp\/v2\/posts"}],"about":[{"href":"https:\/\/www.europesays.com\/hu\/wp-json\/wp\/v2\/types\/post"}],"author":[{"embeddable":true,"href":"https:\/\/www.europesays.com\/hu\/wp-json\/wp\/v2\/users\/2"}],"replies":[{"embeddable":true,"href":"https:\/\/www.europesays.com\/hu\/wp-json\/wp\/v2\/comments?post=43158"}],"version-history":[{"count":0,"href":"https:\/\/www.europesays.com\/hu\/wp-json\/wp\/v2\/posts\/43158\/revisions"}],"wp:featuredmedia":[{"embeddable":true,"href":"https:\/\/www.europesays.com\/hu\/wp-json\/wp\/v2\/media\/43159"}],"wp:attachment":[{"href":"https:\/\/www.europesays.com\/hu\/wp-json\/wp\/v2\/media?parent=43158"}],"wp:term":[{"taxonomy":"category","embeddable":true,"href":"https:\/\/www.europesays.com\/hu\/wp-json\/wp\/v2\/categories?post=43158"},{"taxonomy":"post_tag","embeddable":true,"href":"https:\/\/www.europesays.com\/hu\/wp-json\/wp\/v2\/tags?post=43158"}],"curies":[{"name":"wp","href":"https:\/\/api.w.org\/{rel}","templated":true}]}}