{"id":46275,"date":"2026-03-30T22:49:16","date_gmt":"2026-03-30T22:49:16","guid":{"rendered":"https:\/\/www.europesays.com\/hu\/46275\/"},"modified":"2026-03-30T22:49:16","modified_gmt":"2026-03-30T22:49:16","slug":"ennek-a-netflix-sorozatnak-meg-a-cime-is-zsenialis","status":"publish","type":"post","link":"https:\/\/www.europesays.com\/hu\/46275\/","title":{"rendered":"Ennek a Netflix-sorozatnak m\u00e9g a c\u00edme is zseni\u00e1lis!"},"content":{"rendered":"<p>\n                        A c\u00edm \u00edgy sz\u00f3l: Nagyon rossz el\u0151\u00e9rzetem van \u2013 \u00e9s teljesen \u00e9rhet\u0151, hogy h\u0151sn\u0151je mi\u00e9rt \u00e9rzi mag\u00e1t fenyegetve esk\u00fcv\u0151je el\u0151tt, amit a v\u0151leg\u00e9ny csal\u00e1dj\u00e1nak isten h\u00e1ta m\u00f6g\u00f6tti h\u00e1z\u00e1ban tartanak. \u00c9s nem csak \u0151 f\u00e9l, de \u0151t n\u00e9zve mi is!                     <\/p>\n<p><a href=\"https:\/\/port.hu\/adatlap\/film\/mozi\/nagyon-rossz-eloerzetem-van-something-very-bad-is-going-to-happen\/movie-267948\" rel=\"nofollow noopener\" target=\"_blank\"><\/a><\/p>\n<p>&#13;<\/p>\n<p>Paul Anka \u201eYou Are My Destiny\u201d c\u00edm\u0171 \u00f6r\u00f6kbecs\u0171, ugyanakkor v\u00e9gtelen\u00fcl szirupos dala Goth\u00e1r P\u00e9ter 1981-es klasszikus\u00e1ban, a <a href=\"https:\/\/port.hu\/adatlap\/film\/tv\/megall-az-ido-megall-az-ido\/movie-1618\" rel=\"nofollow noopener\" target=\"_blank\">Meg\u00e1ll az id\u0151<\/a>ben kapott meghat\u00e1roz\u00f3 szerepet, term\u00e9szetesen ironikus m\u00f3don, kontrasztba \u00e1ll\u00edtva a filmben \u00e1br\u00e1zolt fojtogat\u00f3 politikai l\u00e9gk\u00f6rrel. Nem gondoltam volna, hogy 45 \u00e9vvel k\u00e9s\u0151bb valami hasonl\u00f3t \u00e9rzek ugyanezen sz\u00e1m kapcs\u00e1n egy amerikai Netflix-sorozatban.<\/p>\n<p>&#13;<br \/>\n<img decoding=\"async\" src=\"https:\/\/www.europesays.com\/hu\/wp-content\/uploads\/2026\/03\/200.webp.webp\" alt=\"\" caption=\"true\" captiontext=\"Forr\u00e1s: Netflix\"\/>Forr\u00e1s: Netflix<\/p>\n<p>\u00a0<\/p>\n<p>&#13;<\/p>\n<p>M\u00e1r a sorozat c\u00edme is \u00fcgyes csavar, hiszen \u00edgy sz\u00f3l: <a href=\"https:\/\/port.hu\/adatlap\/film\/mozi\/nagyon-rossz-eloerzetem-van-something-very-bad-is-going-to-happen\/movie-267948\" rel=\"nofollow noopener\" target=\"_blank\">Nagyon rossz el\u0151\u00e9rzetem van<\/a>. Az el\u0151\u00e9rzet pedig a csinos Rachelt (<a href=\"https:\/\/port.hu\/adatlap\/szemely\/camila-morrone\/person-683126\" rel=\"nofollow noopener\" target=\"_blank\">Camila Morrone<\/a>) gy\u00f6tri, aki v\u0151leg\u00e9ny\u00e9vel (<a href=\"https:\/\/port.hu\/adatlap\/szemely\/adam-dimarco\/person-387752\" rel=\"nofollow noopener\" target=\"_blank\">Adam DiMarco<\/a>) a fi\u00fa csal\u00e1dj\u00e1nak otthona fel\u00e9 igyekszik a t\u00e9l k\u00f6zep\u00e9n. <\/p>\n<p>&#13;<\/p>\n<p>M\u00e1r a vid\u00e1man indul\u00f3 aut\u00f3\u00fat is egyre furcs\u00e1bb, <\/p>\n<p>&#13;<\/p>\n<p>egy elhagyott pihen\u0151helyen p\u00e9ld\u00e1ul egy kisbab\u00e1t tal\u00e1lnak egy g\u00e9pkocsiba z\u00e1rva, \u00e9s amikor a l\u00e1ny seg\u00edts\u00e9g\u00e9rt megy a k\u00f6zeli bili\u00e1rdszalonba, egy furcsa idegen, aki kor\u00e1bban megleste pisil\u00e9s k\u00f6zben, megk\u00e9rdezi t\u0151le, t\u00e9nyleg a fi\u00fa az igazi? Az \u00e9rthet\u0151 m\u00f3don kiakadt l\u00e1ny azut\u00e1n sem nyugszik meg, hogy meg\u00e9rkeznek a sz\u00fcl\u0151k mindent\u0151l t\u00e1vol l\u00e9v\u0151, az erd\u0151 m\u00e9lyen fekv\u0151, hatalmas, gy\u00f6ny\u00f6r\u0171, de nyomaszt\u00f3an zegzugos rezidenci\u00e1j\u00e1ba, ahol a csal\u00e1d kit\u00f6m\u00f6tt kor\u00e1bbi kuty\u00e1i fogadj\u00e1k a l\u00e1togat\u00f3kat.<\/p>\n<p>&#13;<br \/>\n<img decoding=\"async\" src=\"https:\/\/www.europesays.com\/hu\/wp-content\/uploads\/2026\/03\/1774910955_545_198.webp.webp\" alt=\"\" caption=\"true\" captiontext=\"Forr\u00e1s: Netflix\"\/>Forr\u00e1s: Netflix<\/p>\n<p>\u00a0<\/p>\n<p>&#13;<\/p>\n<p>Mondjuk \u00e9n m\u00e1r ezen a ponton sik\u00edtva rohantam volna ki a semmibe, hogy soha vissza ne t\u00e9rjek, de Rachel igyekszik j\u00f3 k\u00e9pet v\u00e1gni a furcs\u00e1n viselked\u0151 fam\u00edlia minden tagj\u00e1nak. A bizarr k\u00e9r\u00e9sekkel el\u0151\u00e1ll\u00f3 any\u00e1nak (<a href=\"https:\/\/port.hu\/adatlap\/szemely\/jennifer-jason-leigh\/person-4463\" rel=\"nofollow noopener\" target=\"_blank\">Jennifer Jason Leigh<\/a>), a t\u00fals\u00e1gosan mogorva ap\u00e1nak (<a href=\"https:\/\/port.hu\/adatlap\/szemely\/ted-levine\/person-11109\" rel=\"nofollow noopener\" target=\"_blank\">Ted Levine<\/a>), a kellemetlen modor\u00fa id\u0151sebb fi\u00fanak (<a href=\"https:\/\/port.hu\/adatlap\/szemely\/jeff-wilbusch\/person-628437\" rel=\"nofollow noopener\" target=\"_blank\">Jeff Wilbusch<\/a>) \u00e9s feles\u00e9g\u00e9nek. M\u00e9g az elviselhetetlen hugic\u00e1nak (Gus Birney) is, akit ak\u00e1r egy kan\u00e1l v\u00edzbe bele lehetne fojtani, \u00e9s aki az erd\u0151ben bujk\u00e1l\u00f3 r\u00e9mmel ijeszteget mindenkit. Bocs\u00e1nat, \u00farral, aki menyasszonyokat \u00f6l, \u00e9s akit a v\u00e9r szaga vonz oda. Mindez pedig lehetne egy klasszikus slasher is, ahol v\u00e9g\u00fcl kider\u00fcl, hogy a mozg\u00e1sk\u00e9ptelennek hitt nagymama vagy az egyik pinc\u00e9r a gyilkos, de err\u0151l sz\u00f3 sincsen:\u00a0 a helyzet enn\u00e9l sokkal rosszabb.<\/p>\n<p>&#13;<br \/>\n<img decoding=\"async\" src=\"https:\/\/www.europesays.com\/hu\/wp-content\/uploads\/2026\/03\/208.webp.webp\" alt=\"\" caption=\"true\" captiontext=\"Forr\u00e1s: Netflix\"\/>Forr\u00e1s: Netflix<\/p>\n<p><a href=\"https:\/\/port.hu\/cikk\/stream\/7-hihetetlenul-addiktiv-minisorozat-a-netflixen-amit-akar-egy-hetvege-alatt-ledaralhatsz\/article-124440\" rel=\"nofollow noopener\" target=\"_blank\"><img decoding=\"async\" src=\"https:\/\/www.europesays.com\/hu\/wp-content\/uploads\/2026\/03\/522.webp.webp\" width=\"300\"\/><\/a><a href=\"https:\/\/port.hu\/cikk\/stream\/7-hihetetlenul-addiktiv-minisorozat-a-netflixen-amit-akar-egy-hetvege-alatt-ledaralhatsz\/article-124440\" rel=\"nofollow noopener\" target=\"_blank\">7 hihetetlen\u00fcl addikt\u00edv minisorozat a Netflixen, amit ak\u00e1r egy h\u00e9tv\u00e9ge alatt ledar\u00e1lhatsz<\/a><\/p>\n<p>Nincs programod a h\u00e9tv\u00e9g\u00e9re? H\u00e1t n\u00e9zd v\u00e9gig ezeket a remek minisorozatokat, amik m\u00e9g az id\u0151db\u0151l sem vesznek el olyan sokat!<\/p>\n<p><a class=\"article-btn\" href=\"https:\/\/port.hu\/cikk\/stream\/7-hihetetlenul-addiktiv-minisorozat-a-netflixen-amit-akar-egy-hetvege-alatt-ledaralhatsz\/article-124440\" rel=\"nofollow noopener\" target=\"_blank\">Tov\u00e1bb<\/a><\/p>\n<p>&#13;<\/p>\n<p>\u00a0<\/p>\n<p>&#13;<\/p>\n<p>\u00c9n ezt a 8 r\u00e9szes sorozatot v\u00e9gig \u00fagy n\u00e9ztem, hogy a f\u00fclhallgat\u00f3 a fejemen volt, de f\u00e9lrecs\u00fasztatva, mert majd&#8217; betojtam. R\u00e9g l\u00e1ttam\/n\u00e9ztem olyan sorozatot, amit\u0151l ennyire f\u00e9ltem, \u00e9s a titok egyik r\u00e9sze persze az, hogy ak\u00e1rcsak a h\u0151sn\u0151, \u00e9n sem tudtam, mit\u0151l kell f\u00e9lnem. Csak annyi volt vil\u00e1gos, hogy valami rossz t\u00f6rt\u00e9nik majd, m\u00e9ghozz\u00e1 el\u00e9g gyakran. Van abban egyszerre zseni\u00e1lis \u00e9s d\u00fch\u00edt\u0151, ha siker\u00fcl a n\u00e9z\u0151t ennyire bizonytalans\u00e1gban tartani, mik\u00f6zben egyetlen helysz\u00ednen vagyunk, az elej\u00e9t\u0151l a v\u00e9g\u00e9ig ugyanazon szerepl\u0151kkel.<\/p>\n<p>&#13;<br \/>\nAz els\u0151 r\u00e9sz ut\u00e1n azt gondoltam, k\u00e9ptelens\u00e9g ebb\u0151l az alapfel\u00e1ll\u00e1sb\u00f3l t\u00f6bbet kihozni, lehetetlen ennyire elh\u00fazni az eg\u00e9szet, de t\u00e9vedtem.&#13;<\/p>\n<p>Itt egy l\u00e1tsz\u00f3lag \u00e1rtatlan menyasszonyruha-pr\u00f3ba is annyira hihetetlen\u00fcl fesz\u00fcltt\u00e9 tud v\u00e1lni, amit ritk\u00e1n l\u00e1tni a v\u00e1sznon \u2013 vagy a t\u00e9v\u00e9ben \u2013, arr\u00f3l nem is besz\u00e9lve, hogy a k\u00e9sz\u00edt\u0151knek milyen elk\u00e9peszt\u0151 st\u00edlus\u00e9rz\u00e9ke volt ehhez.<\/p>\n<p>&#13;<br \/>\n<img decoding=\"async\" src=\"https:\/\/www.europesays.com\/hu\/wp-content\/uploads\/2026\/03\/210.webp.webp\" alt=\"\" caption=\"true\" captiontext=\"Forr\u00e1s: Netflix\"\/>Forr\u00e1s: Netflix<\/p>\n<p>\u00a0<\/p>\n<p>&#13;<\/p>\n<p>A <a href=\"https:\/\/port.hu\/adatlap\/szemely\/haley-z-boston\/person-703854\" rel=\"nofollow noopener\" target=\"_blank\">Haley Z. Boston <\/a>\u00a0showrunner \u00e1ltal jegyzet forgat\u00f3k\u00f6nyv van olyan okos, a nagyr\u00e9szt eur\u00f3pai rendez\u0151n\u0151k \u2013 <a href=\"https:\/\/port.hu\/adatlap\/szemely\/weronika-tofilska\/person-719570\" rel=\"nofollow noopener\" target=\"_blank\">Weronika Tofilska <\/a><a href=\"https:\/\/port.hu\/adatlap\/szemely\/lisa-bruhlmann\/person-690706\" rel=\"nofollow noopener\" target=\"_blank\">Lisa Br\u00fchlmann <\/a>\u00e9s <a href=\"https:\/\/port.hu\/adatlap\/szemely\/axelle-carolyn\/person-573869\" rel=\"nofollow noopener\" target=\"_blank\">Axelle Carolyn \u2013<\/a>\u00a0\u00e1ltal megval\u00f3s\u00edtott sorozat pedig van annyira fordulatos \u00e9s r\u00e9szletgazdag, hogy egy pillanatra se unatkozzunk. M\u00e1rmint egy pillanatra se legyen nyugtunk, mert hol f\u00e9l\u00fcnk, hol csak nagyon nyugtalanok vagyunk.<\/p>\n<p>&#13;<br \/>\nValahogy mindig m\u00e1s t\u0171nik vesz\u00e9lyesnek \u00e9s m\u00e1s m\u00f3don,&#13;<\/p>\n<p>m\u00e1st\u00f3l kell tartanunk \u2013 b\u00e1r sosem tudjuk, a vesz\u00e9ly val\u00f3s-e \u2013, \u00e9s mik\u00f6zben andal\u00edt\u00f3 szerelmes dalok sz\u00f3lnak, a bizarr hangulat, amire ak\u00e1r a n\u00e9hai David Lynch is b\u00fcszke lehetne, egyre fenyeget\u0151bb\u00e9 v\u00e1lik. Nem seg\u00edt, hogy sz\u00e9p lassan kider\u00fcl, hogy itt nincsenek v\u00e9letlenek \u2013 az sem v\u00e9letlen, hogy Rachel \u00fagy \u00e9rzi, mintha j\u00e1rt volna itt valamikor nagyon r\u00e9gen. \u00c9s igen, Rachel a kulcsfigura, \u00e9s nem csak az\u00e9rt, mert ma m\u00e1r t\u00f6rv\u00e9nyszer\u0171, hogy minden filmbe kell egy er\u0151s n\u0151, hanem az\u00e9rt is, mert az \u0151 \u00f6ntudatra \u00e9bred\u00e9se adja meg a cselekm\u00e9ny igazi \u00edv\u00e9t.<\/p>\n<p>&#13;<br \/>\n<img decoding=\"async\" src=\"https:\/\/www.europesays.com\/hu\/wp-content\/uploads\/2026\/03\/214.webp.webp\" alt=\"\" caption=\"true\" captiontext=\"Forr\u00e1s: Netflix\"\/>Forr\u00e1s: Netflix<\/p>\n<p>\u00a0<\/p>\n<p>&#13;<\/p>\n<p>Sok\u00e1ig csak mosolyog, alkalmazkodik m\u00e1sokhoz, de elj\u00f6n az a pont, amikor a saj\u00e1t \u00fatj\u00e1t kell j\u00e1rnia, a saj\u00e1t \u00e9rdekeit \u00e9rv\u00e9nyes\u00edtenie. <a href=\"https:\/\/port.hu\/adatlap\/szemely\/camila-morrone\/person-683126\" rel=\"nofollow noopener\" target=\"_blank\">Camila Morrone<\/a>, akit a <a href=\"https:\/\/port.hu\/adatlap\/film\/tv\/nem-megyunk-vissza-never-goin-back\/movie-247716\" rel=\"nofollow noopener\" target=\"_blank\">Nem megy\u00fcnk vissza<\/a> c\u00edm\u0171 remek tiniv\u00edgj\u00e1t\u00e9kb\u00f3l ismerhet\u00fcnk, \u00e9s akinek a mosolya a fiatal Liv Tylerre eml\u00e9keztet, t\u00f6k\u00e9letes erre a szerepre. Nem t\u0171nik t\u00fal mark\u00e1nsnak vagy er\u0151teljesnek \u00fagy 6 r\u00e9szen \u00e1t, ahogy a karakter\u00e9t is gyakran r\u00e1ngatj\u00e1k ide-oda, de amikor fel kell csattannia, az nagyot sz\u00f3l \u2013 \u00e9s m\u00e9g azt a teljes \u0151r\u00fcletet is el tudja adni nek\u00fcnk, amiv\u00e9 ez a t\u00f6rt\u00e9net a legv\u00e9g\u00e9re kifut. Mindig is mondom, <\/p>\n<p>&#13;<\/p>\n<p>a horror az utols\u00f3 igaz\u00e1n kreat\u00edv m\u0171faj, <\/p>\n<p>&#13;<\/p>\n<p>mert itt a k\u00e9sz\u00edt\u0151ket nem k\u00f6ti semmi, szinte b\u00e1rmit megtehetnek a h\u0151seikkel, \u00e9s pont ez t\u00f6rt\u00e9nik itt is. Nincsenek szab\u00e1lyok, senkit sem v\u00e9d semmi, \u00e9s ebben van valami felszabad\u00edt\u00f3. Annyi hollywoodi \u2013 \u00e9s egy\u00e9b \u2013 \u00f3cskas\u00e1g ut\u00e1n, ahol el\u0151re lehet tudni minden ezerszer l\u00e1tott fordulatot, v\u00e9gre valami eredetit is l\u00e1thatunk, ami\u00e9rt meg\u00e9ri kicsit betojni!<\/p>\n<p>&#13;<\/p>\n<p>\u00c9rt\u00e9kel\u00e9s: 9\/10 \u00a0<\/p>\n","protected":false},"excerpt":{"rendered":"A c\u00edm \u00edgy sz\u00f3l: Nagyon rossz el\u0151\u00e9rzetem van \u2013 \u00e9s teljesen \u00e9rhet\u0151, hogy h\u0151sn\u0151je mi\u00e9rt \u00e9rzi mag\u00e1t fenyegetve&hellip;\n","protected":false},"author":2,"featured_media":46276,"comment_status":"","ping_status":"","sticky":false,"template":"","format":"standard","meta":{"footnotes":"","_share_on_mastodon":"0"},"categories":[16],"tags":[19540,19539,137,1297,44,42,40,19541,43,41,959,19537,172,19538,878,138],"class_list":["post-46275","post","type-post","status-publish","format-standard","has-post-thumbnail","category-szorakozas","tag-adam-dimarco","tag-camila-morrone","tag-entertainment","tag-eskuvo","tag-hu","tag-hungarian","tag-hungary","tag-jennifer-jason-leigh","tag-magyar","tag-magyarorszag","tag-menyasszony","tag-nagyon-rossz-eloerzetem-van","tag-netflix","tag-netflix-sorozat","tag-stream","tag-szorakozas"],"share_on_mastodon":{"url":"https:\/\/pubeurope.com\/@hu\/116320571509802176","error":""},"_links":{"self":[{"href":"https:\/\/www.europesays.com\/hu\/wp-json\/wp\/v2\/posts\/46275","targetHints":{"allow":["GET"]}}],"collection":[{"href":"https:\/\/www.europesays.com\/hu\/wp-json\/wp\/v2\/posts"}],"about":[{"href":"https:\/\/www.europesays.com\/hu\/wp-json\/wp\/v2\/types\/post"}],"author":[{"embeddable":true,"href":"https:\/\/www.europesays.com\/hu\/wp-json\/wp\/v2\/users\/2"}],"replies":[{"embeddable":true,"href":"https:\/\/www.europesays.com\/hu\/wp-json\/wp\/v2\/comments?post=46275"}],"version-history":[{"count":0,"href":"https:\/\/www.europesays.com\/hu\/wp-json\/wp\/v2\/posts\/46275\/revisions"}],"wp:featuredmedia":[{"embeddable":true,"href":"https:\/\/www.europesays.com\/hu\/wp-json\/wp\/v2\/media\/46276"}],"wp:attachment":[{"href":"https:\/\/www.europesays.com\/hu\/wp-json\/wp\/v2\/media?parent=46275"}],"wp:term":[{"taxonomy":"category","embeddable":true,"href":"https:\/\/www.europesays.com\/hu\/wp-json\/wp\/v2\/categories?post=46275"},{"taxonomy":"post_tag","embeddable":true,"href":"https:\/\/www.europesays.com\/hu\/wp-json\/wp\/v2\/tags?post=46275"}],"curies":[{"name":"wp","href":"https:\/\/api.w.org\/{rel}","templated":true}]}}