{"id":48669,"date":"2026-04-01T19:23:07","date_gmt":"2026-04-01T19:23:07","guid":{"rendered":"https:\/\/www.europesays.com\/hu\/48669\/"},"modified":"2026-04-01T19:23:07","modified_gmt":"2026-04-01T19:23:07","slug":"hol-van-a-mani-kozpenzvampir-cimmel-gunyolja-ki-toth-gabit-bruti-zenes-videojaban-szeretlek-magyarorszag","status":"publish","type":"post","link":"https:\/\/www.europesays.com\/hu\/48669\/","title":{"rendered":"\u201eHol van a mani?\u201d \u2013 K\u00f6zp\u00e9nzv\u00e1mp\u00edr c\u00edmmel g\u00fanyolja ki T\u00f3th Gabit Bruti zen\u00e9s vide\u00f3j\u00e1ban &#8211; Szeretlek Magyarorsz\u00e1g"},"content":{"rendered":"<p><a href=\"https:\/\/news.google.com\/rss\/articles\/CBMiygFBVV95cUxPY1ZlNGl4RFc5a1lLb0FCT2FLVjVnaGo2aVZ4VFJwdHBLVHNoRjFUSmxCcDRaR0gwMGxUYmxwQnJOTG03NnhkdlJJN0RmaE5IbXBkSFk5eHAwZzN4RzVqTXlJenJBMW5maHJJNUdPdkh4WTJxRDhBTmtjaVI2NFF3YXdHUXdFOEc0eThvRkxzTU11QmEtVFNRclFlTmtVQVJXSkgtbk9OLU9lcm1iRmp4c2pGQnI2TVlqcGVtNC1YSkx5X2twSnVSTkNn?oc=5\" target=\"_blank\" rel=\"nofollow noopener\">\u201eHol van a mani?\u201d \u2013 K\u00f6zp\u00e9nzv\u00e1mp\u00edr c\u00edmmel g\u00fanyolja ki T\u00f3th Gabit Bruti zen\u00e9s vide\u00f3j\u00e1ban<\/a>&nbsp;&nbsp;Szeretlek Magyarorsz\u00e1g<a href=\"https:\/\/news.google.com\/rss\/articles\/CBMi2AFBVV95cUxQeFd1aWd3MWN4WlFNMm50V0t1a0V2eXZfcWZBanJLZm5ITUpZSHlpajVXVU5fdUdHTkhVSXhfeU4tZm90anRjckZhRjNZY0NNNm9YN0ZKcEVNdkNMMmZmR0paWUxpb180V0ZvS0VqSnczOWtEbE92UnREQVBHdUQyTVA0Qkdhel9JLXlDOEFrZng4MGw3emNsM0UwRWJTNENvVkZ3RlRPTDVJMkJrdzRPME8wamc0OUNucEpXa1EtcnVDTU1FakFQbFJPd1pORUZMYk5UN3NaM0Q?oc=5\" target=\"_blank\" rel=\"nofollow noopener\">Egy munkaszerz\u0151d\u00e9s szerint T\u00f3th Gabi havi t\u00f6bb mint egymilli\u00f3t kap a Fidesz-frakci\u00f3t\u00f3l, de nem a fell\u00e9p\u00e9sei miatt<\/a>&nbsp;&nbsp;Forbes.hu<a href=\"https:\/\/news.google.com\/rss\/articles\/CBMinAFBVV95cUxQbjYwOFh1NlBFQkRFejBYc0hsenVNMzg1NXdfcHg1RHc4N0FzX25GTDlKWkYzRlFWdVdJanROZDZvdmNxY2hsbnFDNEZiU094MnVrSElHZFBvMFduMlRzVEQyMkVfbEJlQXdiZ1J3VmItdzBsOXdaV0JzZ2NNN0FoZkRaTTV1Ul9RZEdQZ1ZMRGtnMTFxNWNSM0QtLXM?oc=5\" target=\"_blank\" rel=\"nofollow noopener\">FOMO &#8211; T\u00f3th Vera megsz\u00f3lalt testv\u00e9re, T\u00f3th Gabi politikai szerepv\u00e1llal\u00e1s\u00e1r\u00f3l<\/a>&nbsp;&nbsp;Index.hu<a href=\"https:\/\/news.google.com\/rss\/articles\/CBMihwFBVV95cUxNVmxqYTRaaF81aW9WeHR2WW43d1hyOVpDT2xodUpZY25xbTl6MlQ1N1pvTFhMSHVqTGUtcUQxOTMzNEptVlA4aDRVTjY2TEdMa0RfNlhLMmp6cXlDWjhPUDhpYWtkUElaYmRIeHo1aVZYVGJCZ3lhckVSOHBrRXM1U2lHMkk1aEU?oc=5\" target=\"_blank\" rel=\"nofollow noopener\">&#8222;Az irigyek pusztuljanak a ravatalra&#8221; \u2013 patri\u00f3talog\u00f3s sapk\u00e1ban \u00fczent T\u00f3th Gabi a netez\u0151knek<\/a>&nbsp;&nbsp;24.hu<a href=\"https:\/\/news.google.com\/rss\/articles\/CBMilgFBVV95cUxNd2lraWV1Mk1IaEVBeWZLVTltRzFGU1RwVmFLRWtlMDNjbFBXMVozMGNqMXJubERXb2JpQ0FHT3BPUU55a1FQaFZUaGFtSHBrci13WUtTb2RTS2pwaVE3MEhNcGNRWlgtU1kwVkxKM1FkdVkwUDZlVjRraXhJZjVOZjduV3RmVE1zdDBibG1PbFl1MzdBLVE?oc=5\" target=\"_blank\" rel=\"nofollow noopener\">T\u00f3th Vera \u0151szint\u00e9n besz\u00e9lt T\u00f3th Gabir\u00f3l \u2013 ezt nem lehetett tov\u00e1bb titkolni<\/a>&nbsp;&nbsp;ORIGO<\/p>\n","protected":false},"excerpt":{"rendered":"\u201eHol van a mani?\u201d \u2013 K\u00f6zp\u00e9nzv\u00e1mp\u00edr c\u00edmmel g\u00fanyolja ki T\u00f3th Gabit Bruti zen\u00e9s vide\u00f3j\u00e1ban&nbsp;&nbsp;Szeretlek Magyarorsz\u00e1gEgy munkaszerz\u0151d\u00e9s szerint T\u00f3th&hellip;\n","protected":false},"author":2,"featured_media":48670,"comment_status":"","ping_status":"","sticky":false,"template":"","format":"standard","meta":{"footnotes":"","_share_on_mastodon":"0"},"categories":[16],"tags":[20287,3122,137,44,42,40,20289,43,41,20288,5771,138,3235],"class_list":["post-48669","post","type-post","status-publish","format-standard","has-post-thumbnail","category-szorakozas","tag-atirat","tag-bruti","tag-entertainment","tag-hu","tag-hungarian","tag-hungary","tag-kozpenzvampir","tag-magyar","tag-magyarorszag","tag-mamy-blue","tag-parodia","tag-szorakozas","tag-toth-gabi"],"share_on_mastodon":{"url":"https:\/\/pubeurope.com\/@hu\/116331086147972972","error":""},"_links":{"self":[{"href":"https:\/\/www.europesays.com\/hu\/wp-json\/wp\/v2\/posts\/48669","targetHints":{"allow":["GET"]}}],"collection":[{"href":"https:\/\/www.europesays.com\/hu\/wp-json\/wp\/v2\/posts"}],"about":[{"href":"https:\/\/www.europesays.com\/hu\/wp-json\/wp\/v2\/types\/post"}],"author":[{"embeddable":true,"href":"https:\/\/www.europesays.com\/hu\/wp-json\/wp\/v2\/users\/2"}],"replies":[{"embeddable":true,"href":"https:\/\/www.europesays.com\/hu\/wp-json\/wp\/v2\/comments?post=48669"}],"version-history":[{"count":0,"href":"https:\/\/www.europesays.com\/hu\/wp-json\/wp\/v2\/posts\/48669\/revisions"}],"wp:featuredmedia":[{"embeddable":true,"href":"https:\/\/www.europesays.com\/hu\/wp-json\/wp\/v2\/media\/48670"}],"wp:attachment":[{"href":"https:\/\/www.europesays.com\/hu\/wp-json\/wp\/v2\/media?parent=48669"}],"wp:term":[{"taxonomy":"category","embeddable":true,"href":"https:\/\/www.europesays.com\/hu\/wp-json\/wp\/v2\/categories?post=48669"},{"taxonomy":"post_tag","embeddable":true,"href":"https:\/\/www.europesays.com\/hu\/wp-json\/wp\/v2\/tags?post=48669"}],"curies":[{"name":"wp","href":"https:\/\/api.w.org\/{rel}","templated":true}]}}