{"id":50143,"date":"2026-04-02T18:55:08","date_gmt":"2026-04-02T18:55:08","guid":{"rendered":"https:\/\/www.europesays.com\/hu\/50143\/"},"modified":"2026-04-02T18:55:08","modified_gmt":"2026-04-02T18:55:08","slug":"furcsan-reagalt-a-rendorseg-szabo-bence-szazados-ugyere","status":"publish","type":"post","link":"https:\/\/www.europesays.com\/hu\/50143\/","title":{"rendered":"Furcs\u00e1n reag\u00e1lt a rend\u0151rs\u00e9g Szab\u00f3 Bence sz\u00e1zados \u00fcgy\u00e9re"},"content":{"rendered":"<p>A Magyar Rend\u0151rs\u00e9gnek eddig is \u00e9s az elk\u00f6vetkez\u0151kben is az a dolga, hogy a jogszab\u00e1lyok alapj\u00e1n, szakmai meggy\u0151z\u0151d\u00e9s szerint, mindenre kiterjed\u0151 inform\u00e1ci\u00f3k birtok\u00e1ban hozzon felel\u0151s d\u00f6nt\u00e9st \u2013 v\u00e1laszolta az Orsz\u00e1gos Rend\u0151r-f\u0151kapit\u00e1nys\u00e1g a HVG-nek.<\/p>\n<p>Az\u00e9rt kerest\u00fck meg az ORFK-t, mert Szab\u00f3 Bence, a k\u00f6zelm\u00faltig az ORFK Nemzeti Nyomoz\u00f3 Iroda (NNI) kiberb\u0171n\u00f6z\u00e9s elleni f\u0151oszt\u00e1ly\u00e1n dolgoz\u00f3 rend\u0151r <a href=\"https:\/\/hvg.hu\/itthon\/20260325_szabo-bence-szazados-informatikusok-nni-nmyomozas-tisza-part-direkt-36\" target=\"_self\" rel=\"nofollow noopener\">azt \u00e1ll\u00edtotta<\/a>, hogy az alapvet\u0151en gyermekpornogr\u00e1fia gyan\u00faj\u00e1val indult nyomoz\u00e1st kezdett\u0151l szoros fel\u00fcgyelet mellett tartotta, a nyomoz\u00f3kat pedig nyom\u00e1sgyakorl\u00e1s al\u00e1 helyezte az Alkotm\u00e1nyv\u00e9delmi Hivatal. Szab\u00f3 Bence azt is \u00e1ll\u00edtotta, hogy a nyomoz\u00e1s sor\u00e1n k\u00e9sz\u00fclt jelent\u00e9sb\u0151l az NNI vezet\u00e9se <a href=\"https:\/\/hvg.hu\/itthon\/20260327_szabo-bence-szazados-nemzeti-nyomozo-iroda-nni-nyomozas-alkotmanyvedelmi-hivatal-tisza-part-informatikus-titkosszolgalat\" target=\"_self\" rel=\"nofollow noopener\">kih\u00fazatta azokat az utal\u00e1sokat,<\/a> amelyek arra utaltak, hogy a rend\u0151r\u00f6k titkosszolg\u00e1lati sz\u00e1lra gyanakodnak <a href=\"https:\/\/hvg.hu\/itthon\/20260324_titkosszolgalatok-rendorsegi-nyomozas-tisza-vilag-applikacio-informatikai-rendszer-bedontes\" target=\"_self\" rel=\"nofollow noopener\">az \u00fcgyben, amely a gyermekporn\u00f3 gyan\u00fat kiz\u00e1rta<\/a>.<\/p>\n<p>T\u00f6bb k\u00e9rd\u00e9st is feltett\u00fcnk ezzel kapcsolatban, hogy indult-e az \u00e1ll\u00edt\u00f3lagos nyom\u00e1sgyakorl\u00e1ssal, illetve a jelent\u00e9s cenz\u00far\u00e1z\u00e1s\u00e1val kapcsolatban vizsg\u00e1lat, illetve Szab\u00f3 Bence ellen ind\u00edtott hivatali vissza\u00e9l\u00e9s miatt ind\u00edtott elj\u00e1r\u00e1s gyan\u00faja meg\u00e1ll-e. Az ORFK a konkr\u00e9t k\u00e9rd\u00e9seinkre nem v\u00e1laszolt, helyette azt \u00edrt\u00e1k, hogy \u201eaz \u00e9szrev\u00e9telek megfogalmaz\u00e1sakor mindenki elgondolkozhat(na) azon, hogy t\u00f6bb inform\u00e1ci\u00f3 \u00e9s nagyobb felel\u0151ss\u00e9g \u00e1ll a d\u00f6nt\u00e9seink \u2013 cselekv\u00e9s\u00fcnk vagy azokt\u00f3l val\u00f3 tart\u00f3zkod\u00e1sunk \u2013 m\u00f6g\u00f6tt, mint amennyivel egy k\u00fcls\u0151 kritikus az \u00e1ltala k\u00fcl\u00f6nb\u00f6z\u0151 motiv\u00e1ci\u00f3 alapj\u00e1n megfogalmazott gondolatait k\u00f6zz\u00e9teszi\u201d.<\/p>\n<p>Azt is hozz\u00e1tett\u00e9k, \u201ea (volt) munkat\u00e1rsainkkal kapcsolatos munkajogi, fegyelmi, szem\u00e9lyzeti jogvit\u00e1kat tov\u00e1bbra sem a sajt\u00f3nyilv\u00e1noss\u00e1g el\u0151tt folytatjuk le. A v\u00e9lem\u00e9ny\u00fcket tiszteletben tartjuk, de a rend\u0151rs\u00e9g mindig a jogszab\u00e1lyok hat\u00e1lya alatt kell, hogy m\u0171k\u00f6dj\u00f6n, f\u00fcggetlen\u00fcl att\u00f3l, hogy ezzel b\u00e1rki egyet\u00e9rt-e\u201d.<\/p>\n<p> <a href=\"https:\/\/hvg.hu\/elet\/20260402_ivanyi-gabor-oltalom-egyesulet-szabo-bence-rendor-nyomozo-szazados-tamogatas-felajanlas\" target=\"_self\" rel=\"nofollow noopener\"> <\/p>\n<p>https:\/\/hvg.hu\/elet\/20260402_ivanyi-gabor-oltalom-egyesulet-szabo-bence-rendor-nyomozo-szazados-tamogatas-felajanlas<\/p>\n<p>Nyit\u00f3k\u00e9p\u00fcnk\u00f6n Szab\u00f3 Bence rend\u0151r sz\u00e1zados l\u00e1that\u00f3, fot\u00f3: Fazekas Istv\u00e1n<\/p>\n","protected":false},"excerpt":{"rendered":"A Magyar Rend\u0151rs\u00e9gnek eddig is \u00e9s az elk\u00f6vetkez\u0151kben is az a dolga, hogy a jogszab\u00e1lyok alapj\u00e1n, szakmai meggy\u0151z\u0151d\u00e9s&hellip;\n","protected":false},"author":2,"featured_media":50144,"comment_status":"","ping_status":"","sticky":false,"template":"","format":"standard","meta":{"footnotes":"","_share_on_mastodon":"0"},"categories":[33],"tags":[488,38,35,37,44,42,40,43,41,34,18132,20682,17883,36,39],"class_list":["post-50143","post","type-post","status-publish","format-standard","has-post-thumbnail","category-hirek","tag-bunugyek","tag-focimek","tag-headlines","tag-hirek","tag-hu","tag-hungarian","tag-hungary","tag-magyar","tag-magyarorszag","tag-news","tag-nni","tag-orszagos-rendor-fokapitanysag-orfk","tag-szabo-bence-szazados","tag-top-stories","tag-vezeto-hirek"],"share_on_mastodon":{"url":"https:\/\/pubeurope.com\/@hu\/116336638173335339","error":""},"_links":{"self":[{"href":"https:\/\/www.europesays.com\/hu\/wp-json\/wp\/v2\/posts\/50143","targetHints":{"allow":["GET"]}}],"collection":[{"href":"https:\/\/www.europesays.com\/hu\/wp-json\/wp\/v2\/posts"}],"about":[{"href":"https:\/\/www.europesays.com\/hu\/wp-json\/wp\/v2\/types\/post"}],"author":[{"embeddable":true,"href":"https:\/\/www.europesays.com\/hu\/wp-json\/wp\/v2\/users\/2"}],"replies":[{"embeddable":true,"href":"https:\/\/www.europesays.com\/hu\/wp-json\/wp\/v2\/comments?post=50143"}],"version-history":[{"count":0,"href":"https:\/\/www.europesays.com\/hu\/wp-json\/wp\/v2\/posts\/50143\/revisions"}],"wp:featuredmedia":[{"embeddable":true,"href":"https:\/\/www.europesays.com\/hu\/wp-json\/wp\/v2\/media\/50144"}],"wp:attachment":[{"href":"https:\/\/www.europesays.com\/hu\/wp-json\/wp\/v2\/media?parent=50143"}],"wp:term":[{"taxonomy":"category","embeddable":true,"href":"https:\/\/www.europesays.com\/hu\/wp-json\/wp\/v2\/categories?post=50143"},{"taxonomy":"post_tag","embeddable":true,"href":"https:\/\/www.europesays.com\/hu\/wp-json\/wp\/v2\/tags?post=50143"}],"curies":[{"name":"wp","href":"https:\/\/api.w.org\/{rel}","templated":true}]}}