{"id":52134,"date":"2026-04-04T11:28:07","date_gmt":"2026-04-04T11:28:07","guid":{"rendered":"https:\/\/www.europesays.com\/hu\/52134\/"},"modified":"2026-04-04T11:28:07","modified_gmt":"2026-04-04T11:28:07","slug":"alig-hisszuk-el-mi-lehet-pep-guardiola-kovetkezo-munkaja","status":"publish","type":"post","link":"https:\/\/www.europesays.com\/hu\/52134\/","title":{"rendered":"Alig hissz\u00fck el, mi lehet Pep Guardiola k\u00f6vetkez\u0151 munk\u00e1ja"},"content":{"rendered":"<p class=\"lead\">Nagy v\u00e1lt\u00e1s lenne az eg\u00e9szen biztos.<\/p>\n<p>Pep Guardiola j\u00f6v\u0151je k\u00e9rd\u0151jel. Vannak olyan pletyk\u00e1k, amelyek szerint a szezon v\u00e9g\u00e9n t\u00e1vozik a Manchester Cityt\u0151l, de olyan h\u00edreket is lehetett olvasni, hogy Guardiola tov\u00e1bbra is marad Manchesterben.<\/p>\n<p>A d\u00f6nt\u00e9s egyel\u0151re val\u00f3sz\u00edn\u0171leg m\u00e9g nem sz\u00fcletett meg, a t\u00f6rt\u00e9net azonban most tov\u00e1bb bonyol\u00f3dott, miut\u00e1n a La Gazzetta dello Sport bedobta Guardiola nev\u00e9t potenci\u00e1lis olasz sz\u00f6vets\u00e9gi kapit\u00e1nyk\u00e9nt.<\/p>\n<p>Az olasz v\u00e1logatott a h\u00e9t elej\u00e9n zsin\u00f3rban a harmadik <a href=\"https:\/\/player.hu\/sport-3\/bosnyak-olasz-vb-selejtezo\" target=\"_blank\" rel=\"noopener nofollow\">vil\u00e1gbajnoks\u00e1g\u00e1r\u00f3l maradt le<\/a>, azut\u00e1n hogy tizenegyesekkel kikapott Bosznia-Hercegovin\u00e1t\u00f3l. Gennarro Gattuso sz\u00f6vets\u00e9gi kapit\u00e1ny minden bizonnyal t\u00e1vozik a kies\u00e9s ut\u00e1n, <a href=\"https:\/\/www.goal.com\/en\/lists\/pep-guardiola-could-take-a-very-surprising-next-step-following-his-departure-from-man-city\/blte197111924e91d59\" target=\"_blank\" rel=\"noopener nofollow\">\u00edgy k\u00e9rd\u00e9s<\/a>, hogy ki lesz az olaszok k\u00f6vetkez\u0151 sz\u00f6vets\u00e9gi kapit\u00e1nya.<\/p>\n<p>Antonio Conte, Roberto Mancini \u00e9s Max Allegri mellett pedig Pep Guardiola neve is megjelent az olasz sajt\u00f3ban. A spanyol edz\u0151 nem favorit, mi is meglep\u0151dn\u00e9nk azon, ha olasz sz\u00f6vets\u00e9gi kapit\u00e1ny lenne, de az\u00e9rt egy pillanatig elj\u00e1tszottunk a gondolattal, \u00e9s ezerszer izgalmasabbnak t\u0171nik, mint ha az eml\u00edtett h\u00e1rom olasz k\u00f6z\u00fcl ker\u00fcl ki a k\u00f6vetkez\u0151 olasz kapit\u00e1ny.<\/p>\n<p>A favorit jelenleg Conte, aki kor\u00e1bban m\u00e1r volt az olaszok sz\u00f6vets\u00e9gi kapit\u00e1nya, \u00e9s most \u00fagy t\u0171nik, hogy a napolis kalandb\u00f3l a tavalyi bajnoki c\u00edm ellen\u00e9re kezd elege lenni.<\/p>\n<p>Ez is \u00e9rdekelhet:<\/p>\n<p>        <img decoding=\"async\" src=\"https:\/\/www.europesays.com\/hu\/wp-content\/uploads\/2026\/04\/GettyImages-2269289162-768x543.jpg\" loading=\"lazy\" alt=\"\"\/><\/p>\n<p>        <img decoding=\"async\" src=\"https:\/\/www.europesays.com\/hu\/wp-content\/uploads\/2026\/04\/GettyImages-1393301335-1024x682-1-768x512.jpg\" loading=\"lazy\" alt=\"\"\/><\/p>\n<p>(Fot\u00f3: Getty Images)<\/p>\n<p>Iratkozz fel a h\u00edrlevel\u00fcnkre, \u00e9s mi minden h\u00e9ten \u00e9rdekes, sz\u00f3rakoztat\u00f3 sztorikat k\u00fcld\u00fcnk neked a vil\u00e1gb\u00f3l.<\/p>\n<p>H\u00edrlev\u00e9l feliratkoz\u00e1s<\/p>\n<p>T\u00e1mogatott \u00e9s aj\u00e1nlott tartalmaink<\/p>\n","protected":false},"excerpt":{"rendered":"Nagy v\u00e1lt\u00e1s lenne az eg\u00e9szen biztos. Pep Guardiola j\u00f6v\u0151je k\u00e9rd\u0151jel. Vannak olyan pletyk\u00e1k, amelyek szerint a szezon v\u00e9g\u00e9n&hellip;\n","protected":false},"author":2,"featured_media":52135,"comment_status":"","ping_status":"","sticky":false,"template":"","format":"standard","meta":{"footnotes":"","_share_on_mastodon":"0"},"categories":[14],"tags":[378,44,42,40,43,41,16615,14071,45,131],"class_list":["post-52134","post","type-post","status-publish","format-standard","has-post-thumbnail","category-sport","tag-foci","tag-hu","tag-hungarian","tag-hungary","tag-magyar","tag-magyarorszag","tag-olasz-valogatott","tag-pep-guardiola","tag-sport","tag-sports"],"share_on_mastodon":{"url":"https:\/\/pubeurope.com\/@hu\/116346205226871054","error":""},"_links":{"self":[{"href":"https:\/\/www.europesays.com\/hu\/wp-json\/wp\/v2\/posts\/52134","targetHints":{"allow":["GET"]}}],"collection":[{"href":"https:\/\/www.europesays.com\/hu\/wp-json\/wp\/v2\/posts"}],"about":[{"href":"https:\/\/www.europesays.com\/hu\/wp-json\/wp\/v2\/types\/post"}],"author":[{"embeddable":true,"href":"https:\/\/www.europesays.com\/hu\/wp-json\/wp\/v2\/users\/2"}],"replies":[{"embeddable":true,"href":"https:\/\/www.europesays.com\/hu\/wp-json\/wp\/v2\/comments?post=52134"}],"version-history":[{"count":0,"href":"https:\/\/www.europesays.com\/hu\/wp-json\/wp\/v2\/posts\/52134\/revisions"}],"wp:featuredmedia":[{"embeddable":true,"href":"https:\/\/www.europesays.com\/hu\/wp-json\/wp\/v2\/media\/52135"}],"wp:attachment":[{"href":"https:\/\/www.europesays.com\/hu\/wp-json\/wp\/v2\/media?parent=52134"}],"wp:term":[{"taxonomy":"category","embeddable":true,"href":"https:\/\/www.europesays.com\/hu\/wp-json\/wp\/v2\/categories?post=52134"},{"taxonomy":"post_tag","embeddable":true,"href":"https:\/\/www.europesays.com\/hu\/wp-json\/wp\/v2\/tags?post=52134"}],"curies":[{"name":"wp","href":"https:\/\/api.w.org\/{rel}","templated":true}]}}