{"id":52852,"date":"2026-04-05T00:48:09","date_gmt":"2026-04-05T00:48:09","guid":{"rendered":"https:\/\/www.europesays.com\/hu\/52852\/"},"modified":"2026-04-05T00:48:09","modified_gmt":"2026-04-05T00:48:09","slug":"a-stranger-things-alkotoinak-uj-sorozata-izgalmasan-indit-aztan-bugyuta-tucathorrorba-fullad","status":"publish","type":"post","link":"https:\/\/www.europesays.com\/hu\/52852\/","title":{"rendered":"A Stranger Things alkot\u00f3inak \u00faj sorozata izgalmasan ind\u00edt, azt\u00e1n bugyuta tucathorrorba fullad"},"content":{"rendered":"<p>Az elm\u00falt \u00e9vekben elkezdtem tendenci\u00f3zusan, c\u00e9lzottan szar, pontosabban tucathorrorokat n\u00e9zni. Egy hossz\u00fa, f\u00e1raszt\u00f3 napot n\u00e9ha kifejezetten j\u00f3les\u0151 olyan baroms\u00e1ggal z\u00e1rni, amiben p\u00e9ld\u00e1ul egy d\u00e9moni medence teszi t\u00f6nkre egy csal\u00e1d \u00e9let\u00e9t (\u00c9jszakai mer\u00fcl\u00e9s). Igen, a streamingplatformok horrork\u00edn\u00e1lata annyira felh\u00edgult, hogy egy ilyen sztori is megval\u00f3sulhatott, de ne ragadjunk le itt, a l\u00e9nyeg, hogy a szar horror lett az \u00e9n v\u00edgj\u00e1t\u00e9kom.<\/p>\n<p>Amikor elind\u00edtottam a Duffer testv\u00e9rek, a <a href=\"https:\/\/telex.hu\/after\/2026\/01\/08\/after-stranger-things-pluribus\" class=\"\" rel=\"nofollow noopener\" target=\"_blank\">Stranger Things<\/a> alkot\u00f3inak \u00faj sorozat\u00e1t, a Nagyon rossz el\u0151\u00e9rzetem vant (Something Very Bad Is Going to Happen), nem sz\u00e1m\u00edtottam arra, hogy be fog ker\u00fclni a kis gy\u0171jtem\u00e9nyembe <a href=\"https:\/\/www.youtube.com\/watch?v=Q8b2ImjT06E\" target=\"_blank\" rel=\"nofollow noopener\">az \u00c9jszakai mer\u00fcl\u00e9s<\/a>, <a href=\"https:\/\/www.youtube.com\/watch?v=1s-Ko4J3mWs\" target=\"_blank\" rel=\"nofollow noopener\">A n\u0151 az udvaron<\/a> \u00e9s a <a href=\"https:\/\/www.youtube.com\/watch?v=IP3sPymGPj4\" target=\"_blank\" rel=\"nofollow noopener\">V\u00e9gs\u0151 \u00e1llom\u00e1s<\/a> mell\u00e9. A sorozat az els\u0151 p\u00e1r r\u00e9sz alapj\u00e1n nagyon \u00fcgyesen hitette el, hogy a sztori m\u00e9ly, megrend\u00edt\u0151, s\u00falyos igazs\u00e1gra fut ki, de ehelyett a k\u00f6zep\u00e9t\u0151l szem\u00e9rmetlen\u00fcl felsorakoztatja a horrorklis\u00e9k teljes eszk\u00f6zt\u00e1r\u00e1t, kezdve az ijeszt\u0151 gyerekmes\u00e9t\u0151l, a csal\u00e1di v\u00e9rvonalakat s\u00fajt\u00f3 \u00e1tkokon \u00e1t, eg\u00e9szen az ipari mennyis\u00e9g\u0171 v\u00e9rig.<\/p>\n<p>A sorozat showrunnere Haley Z. Boston, aki kor\u00e1bban A cseresznye vadi\u00faj \u00edze \u00e9s a Guillermo del Toro: R\u00e9ms\u00e9gek t\u00e1ra vil\u00e1g\u00e1ban edz\u0151d\u00f6tt. Ezek nem annyira rossz produkci\u00f3k, a produceri oldalon pedig ott \u00e1llnak a h\u00edres Duffer\u00e9k, akik a Stranger Thingsszel m\u00e1r megmutatt\u00e1k, hogy a rossz d\u00f6nt\u00e9seik mellett az\u00e9rt alapvet\u0151en k\u00e9pesek j\u00f3 sorozatot csin\u00e1lni. A Nagyon rossz el\u0151\u00e9rzetem van azonban nem lett igaz\u00e1n j\u00f3, ami az\u00e9rt is nagy k\u00e1r, mert a t\u00f6rt\u00e9net nagyon j\u00f3l indult, lassan haladt, a balj\u00f3s hangulata pedig \u00e9pp annyira volt nyomaszt\u00f3, amennyire nyomaszt\u00f3nak lennie kell ebben a m\u0171fajban.<\/p>\n<p><img decoding=\"async\" src=\"https:\/\/www.europesays.com\/hu\/wp-content\/uploads\/2026\/04\/1775051213-temp-7hr3qr7pr3ucfdAkiob_cikktorzs:xl.jpg\"  loading=\"lazy\" alt=\"Forr\u00e1s: Netflix\" class=\"placeholder_\"\/><\/p>\n<p>Minden horrorban \u2013 m\u00e9g a jobbakban is \u2013 elj\u00f6n a pillanat, amikor a n\u00e9z\u0151 azt k\u00e9rdezi, mi\u00e9rt nem fordul ink\u00e1bb vissza ez a h\u00fclye? Ez a pillanat m\u00e1r a r\u00f6gt\u00f6n a sorozat legelej\u00e9n elj\u00f6n, amikor a t\u00f6rt\u00e9net f\u0151h\u0151se Rachel (Camila Morrone) a v\u0151leg\u00e9nye, Nicky (Adam DiMarco) csal\u00e1dj\u00e1hoz utazik egy erdei h\u00e1zba, ahol \u00f6t nap m\u00falva megtartj\u00e1k az esk\u00fcv\u0151j\u00fcket. M\u00e1r az odafel\u00e9 vezet\u0151 \u00fat is tele van olyan balj\u00f3s jelekkel, amikn\u00e9l egy j\u00f3zan gondolkod\u00e1s\u00fa ember azonnal visszafordulna.<\/p>\n<p>R\u00f6gt\u00f6n a legels\u0151 r\u00e9szben egy mag\u00e1ra hagyott csecsem\u0151, egy WC-ben rothad\u00f3 r\u00f3katetem, \u00e9s egy ijeszt\u0151 kukkol\u00f3 nyugtalan\u00edtja a n\u00e9z\u0151t, mik\u00f6zben abban sem vagyunk biztosak, nem pont a fur\u00e1n viselked\u0151 Rachel-e az, akit\u0151l f\u00e9lni k\u00e9ne. Ez a bizarr, bizonytalans\u00e1gban tart\u00f3 hangulat nagyon biztat\u00f3 volt egy ideig, de azt\u00e1n eljutunk a csal\u00e1di h\u00e1zhoz, ahol egy fordulatot k\u00f6vet\u0151en gyakorlatilag der\u00e9kba t\u00f6rik a t\u00f6rt\u00e9netet, hogy azt\u00e1n gagyi csal\u00e1di \u00e1tkokra, p\u00e1rkapcsolati \u00e9v\u0151d\u00e9sekre \u00e9s f\u00e1raszt\u00f3 csal\u00e1di dinamik\u00e1kra helyezz\u00e9k a hangs\u00falyt. A csal\u00e1di h\u00e1zba meg\u00e9rkezve a klasszikus horrorelemek szinte tank\u00f6nyvszer\u0171en sorakoznak fel: prepar\u00e1lt \u00e1llatokkal teli el\u0151t\u00e9r, kim\u00e9rt, bar\u00e1ts\u00e1gtalan rokonok, \u00e9s egy olyan csal\u00e1d, ahol mindenki tud valamit, amit Rachel nem.<\/p>\n<p>A sz\u00edn\u00e9szek k\u00f6z\u00fcl \u00e9rdemes kiemelni a Porti\u00e1t alak\u00edt\u00f3 Gus Birney-t, aki gyakorlatilag egy pszichopata Barbie-t j\u00e1tszik \u00e9s a f\u0151szerepl\u0151 Rachelt hoz\u00f3 Camila Morron\u00e9t, akit a vil\u00e1g j\u00f3 p\u00e1r \u00e9vvel ezel\u0151tt \u00fagy ismert meg, mint Leonardo DiCaprio fiatal bar\u00e1tn\u0151j\u00e9t, akivel m\u00e1r <a href=\"https:\/\/telex.hu\/zacc\/2022\/09\/01\/leonardo-dicaprio-camila-morrone-szakitas-leo-torveny\" class=\"\" rel=\"nofollow noopener\" target=\"_blank\">\u00e9vek \u00f3ta szak\u00edtott<\/a>. Ak\u00e1rhogy is, Morrone egy\u00e9rtelm\u0171en a h\u00e1t\u00e1n vitte a sorozatot, m\u00e1r amikor nem az volt a feladata, hogy el\u0151re vigye a bugyuta sztorit, hanem szabadon creepyskedhetett. A t\u00f6rt\u00e9net k\u00f6zep\u00e9t\u0151l viszont sz\u00e9pen kirajzol\u00f3dik az a bizonyos alapszitu\u00e1ci\u00f3, ami k\u00f6r\u00e9 az eg\u00e9sz sorozatot felh\u00fazt\u00e1k: Rachel csal\u00e1dj\u00e1t gener\u00e1ci\u00f3k \u00f3ta egy \u00e1tok s\u00fajtja.<\/p>\n<p><img decoding=\"async\" src=\"https:\/\/www.europesays.com\/hu\/wp-content\/uploads\/2026\/04\/1775051277-temp-2sbm1mhcbecn3pdLBOj_cikktorzs:xl.jpg\"  loading=\"lazy\" alt=\"Forr\u00e1s: Netflix\" class=\"placeholder_\"\/><\/p>\n<p>A szab\u00e1ly egyszer\u0171 \u00e9s pont annyira vicces, mint amennyire komolynak pr\u00f3b\u00e1lj\u00e1k eladni: ha valaki nem az \u201eigazi\u201d lelki t\u00e1rs\u00e1val h\u00e1zasodik \u00f6ssze, akkor az esk\u00fcv\u0151n brut\u00e1lis, l\u00e1tv\u00e1nyos m\u00f3don v\u00e9gzi, szem\u00e9b\u0151l \u00e9s sz\u00e1j\u00e1b\u00f3l \u00f6mlik a v\u00e9r, mintha egy olcs\u00f3 effektpar\u00e1d\u00e9ba cs\u00f6ppent\u00fcnk volna. Ha pedig valaki meggondolja mag\u00e1t, \u00e9s visszal\u00e9p az esk\u00fcv\u0151t\u0151l, az \u00e1tok nem t\u0171nik el, hanem egyszer\u0171en \u00e1tsz\u00e1ll a m\u00e1sik, h\u00e1zasodni v\u00e1gy\u00f3 f\u00e9l teljes csal\u00e1dj\u00e1ra, mintha csak egy rosszul meg\u00edrt l\u00e1nclev\u00e9l lenne.<\/p>\n<p>A sorozat innent\u0151l kezdve nagyj\u00e1b\u00f3l ezt az alaphelyzetet pr\u00f3b\u00e1lja feloldani, de olyan k\u00f6r\u00fclm\u00e9nyesen \u00e9s but\u00e1n, hogy az m\u00e1r-m\u00e1r leny\u0171g\u00f6z\u0151.<\/p>\n<p>Teljes vakv\u00e1g\u00e1ny p\u00e9ld\u00e1ul az a sz\u00e1l, amikor Rachel \u00e9s egy m\u00e1sik karakter bet\u00f6rnek a helyi hivatalba, hogy valami nagy titkot der\u00edtsenek ki a csal\u00e1df\u00e1ja alapj\u00e1n \u2013 ez a r\u00e9sz ink\u00e1bb t\u0171nik egy m\u00e1sik, rosszabb sorozat pilotj\u00e1nak, mint b\u00e1rminek, ami szervesen kapcsol\u00f3dik a t\u00f6rt\u00e9nethez. Ahogy k\u00f6zeled\u00fcnk a fin\u00e1l\u00e9hoz, egyre ink\u00e1bb az az \u00e9rz\u00e9s\u00fcnk, hogy az alkot\u00f3k mindent el\u0151r\u00e1ntanak a kalapb\u00f3l, ami csak esz\u00fckbe jut: van itt szellemid\u00e9z\u00e9s, b\u00e1jitalkever\u00e9s, \u00e9s egy vag\u00e1nynak sz\u00e1nt, de klis\u00e9snek hat\u00f3 happy end is.<\/p>\n<p><img decoding=\"async\" src=\"https:\/\/www.europesays.com\/hu\/wp-content\/uploads\/2026\/04\/1775051300-temp-403g87hs1vc92DgfFjG_cikktorzs:xl.jpg\"  loading=\"lazy\" alt=\"Forr\u00e1s: Netflix\" class=\"placeholder_\"\/><\/p>\n<p>\u00d6sszess\u00e9g\u00e9ben a sorozat mellett sz\u00f3l, hogy vizu\u00e1lisan kifejezetten sz\u00e9p, sokszor t\u00e9nyleg j\u00f3l kompon\u00e1lt k\u00e9pekkel dolgozik, \u00e9s l\u00e1tszik, hogy volt p\u00e9nz d\u00edszletre, f\u00e9nyel\u00e9sre, meg arra, hogy az erdei h\u00e1z \u00e9s a k\u00f6rnyezete nyomaszt\u00f3 legyen. A hanghat\u00e1sok is kifejezetten er\u0151sek t\u00f6bb jelenetben, n\u00e9ha eg\u00e9szen \u00fcgyesen j\u00e1tszanak a csenddel \u00e9s disszon\u00e1ns effektekkel, ami r\u00f6vid id\u0151re visszahozza azt az \u00e9rz\u00e9st, hogy ez ak\u00e1r m\u00e9g m\u0171k\u00f6dhetne is. A casting szint\u00e9n rendben van, nincsenek kir\u00edv\u00f3an rossz alak\u00edt\u00e1sok, a sz\u00edn\u00e9szek nagy r\u00e9sze kihozza a maximumot abb\u00f3l, amit kapott, k\u00fcl\u00f6n\u00f6sen Morrone, aki sokszor t\u00e9nyleg eladja azt is, amit a forgat\u00f3k\u00f6nyv m\u00e1r r\u00e9g nem tud.<\/p>\n<p>Csakhogy mindez v\u00e9g\u00fcl kev\u00e9s. A sorozat legnagyobb probl\u00e9m\u00e1ja nem az, hogy buta vagy klis\u00e9s \u2013 ilyenb\u0151l rengeteg van, \u00e9s m\u00e9g ezek k\u00f6z\u00f6tt is akadnak szerethet\u0151 darabok \u2013, hanem az, hogy sokkal jobb is lehetett volna. Az els\u0151 r\u00e9szekben fel\u00e9p\u00edtett, bizonytalans\u00e1gra \u00e9s fesz\u00fclts\u00e9gre \u00e9p\u00edt\u0151 hangulatot fokozatosan, majd egyre durv\u00e1bban rombolja le minden egyes \u00fajabb, er\u0151ltetett fordulattal. Mire eljutunk a v\u00e9g\u00e9ig, m\u00e1r nem marad m\u00e1s, csak egy sz\u00e9tes\u0151, mindenb\u0151l egy kicsit belepakol\u00f3 katyvasz, ami ink\u00e1bb eml\u00e9keztet egy algoritmus \u00e1ltal \u00f6sszedobott horrorkever\u00e9kre, mint egy tudatosan fel\u00e9p\u00edtett t\u00f6rt\u00e9netre.<\/p>\n<p>A sorozat \u00f6sszes r\u00e9sze el\u00e9rhet\u0151 a Netflixen.<\/p>\n","protected":false},"excerpt":{"rendered":"Az elm\u00falt \u00e9vekben elkezdtem tendenci\u00f3zusan, c\u00e9lzottan szar, pontosabban tucathorrorokat n\u00e9zni. Egy hossz\u00fa, f\u00e1raszt\u00f3 napot n\u00e9ha kifejezetten j\u00f3les\u0151 olyan&hellip;\n","protected":false},"author":2,"featured_media":52853,"comment_status":"","ping_status":"","sticky":false,"template":"","format":"standard","meta":{"footnotes":"","_share_on_mastodon":"0"},"categories":[16],"tags":[161,19539,137,44,42,40,43,41,21480,19537,172,21481,138],"class_list":["post-52852","post","type-post","status-publish","format-standard","has-post-thumbnail","category-szorakozas","tag-after","tag-camila-morrone","tag-entertainment","tag-hu","tag-hungarian","tag-hungary","tag-magyar","tag-magyarorszag","tag-matt-duffer","tag-nagyon-rossz-eloerzetem-van","tag-netflix","tag-ross-duffer","tag-szorakozas"],"share_on_mastodon":{"url":"https:\/\/pubeurope.com\/@hu\/116349350934215361","error":""},"_links":{"self":[{"href":"https:\/\/www.europesays.com\/hu\/wp-json\/wp\/v2\/posts\/52852","targetHints":{"allow":["GET"]}}],"collection":[{"href":"https:\/\/www.europesays.com\/hu\/wp-json\/wp\/v2\/posts"}],"about":[{"href":"https:\/\/www.europesays.com\/hu\/wp-json\/wp\/v2\/types\/post"}],"author":[{"embeddable":true,"href":"https:\/\/www.europesays.com\/hu\/wp-json\/wp\/v2\/users\/2"}],"replies":[{"embeddable":true,"href":"https:\/\/www.europesays.com\/hu\/wp-json\/wp\/v2\/comments?post=52852"}],"version-history":[{"count":0,"href":"https:\/\/www.europesays.com\/hu\/wp-json\/wp\/v2\/posts\/52852\/revisions"}],"wp:featuredmedia":[{"embeddable":true,"href":"https:\/\/www.europesays.com\/hu\/wp-json\/wp\/v2\/media\/52853"}],"wp:attachment":[{"href":"https:\/\/www.europesays.com\/hu\/wp-json\/wp\/v2\/media?parent=52852"}],"wp:term":[{"taxonomy":"category","embeddable":true,"href":"https:\/\/www.europesays.com\/hu\/wp-json\/wp\/v2\/categories?post=52852"},{"taxonomy":"post_tag","embeddable":true,"href":"https:\/\/www.europesays.com\/hu\/wp-json\/wp\/v2\/tags?post=52852"}],"curies":[{"name":"wp","href":"https:\/\/api.w.org\/{rel}","templated":true}]}}