{"id":53684,"date":"2026-04-05T18:28:07","date_gmt":"2026-04-05T18:28:07","guid":{"rendered":"https:\/\/www.europesays.com\/hu\/53684\/"},"modified":"2026-04-05T18:28:07","modified_gmt":"2026-04-05T18:28:07","slug":"elkeszult-a-vilag-leggazdagabb-zeneszeinek-listaja-volt-bunozo-az-elen","status":"publish","type":"post","link":"https:\/\/www.europesays.com\/hu\/53684\/","title":{"rendered":"Elk\u00e9sz\u00fclt a vil\u00e1g leggazdagabb zen\u00e9szeinek list\u00e1ja, volt b\u0171n\u00f6z\u0151 az \u00e9len"},"content":{"rendered":"<p>A zeneipar legnagyobb szt\u00e1rjai m\u00e1r nem csak el\u0151ad\u00f3m\u0171v\u00e9szek. Sokan milli\u00e1rd doll\u00e1ros \u00fczleti birodalmat \u00e9p\u00edtenek.<\/p>\n<p>Ez a rangsor a vil\u00e1g 10 leggazdagabb zen\u00e9sz\u00e9t mutatja be, \u00e9l\u00fck\u00f6n Jay-Z-vel, akinek becs\u00fclt nett\u00f3 vagyona 2,8 milli\u00e1rd doll\u00e1r \u2013 ezzel megel\u0151zve Taylor Swiftet, akinek vagyona nagyr\u00e9szt turn\u00e9kb\u00f3l \u00e9s zenei jogd\u00edjakb\u00f3l keletkezett.<\/p>\n<p>A rajong\u00f3k azt felt\u00e9telezhetik, hogy a sl\u00e1gerlist\u00e1kon el\u00e9rt siker egyenl\u0151 a vagyonnal. A mai leggazdagabb m\u0171v\u00e9szek a zen\u00e9n t\u00fal birodalmakat \u00e9p\u00edtettek, az italm\u00e1rk\u00e1kt\u00f3l a kozmetikai c\u00e9gekig. Az adatok a Forbes val\u00f3s idej\u0171 milli\u00e1rdosainak 2026-os list\u00e1j\u00e1r\u00f3l sz\u00e1rmaznak.<\/p>\n<p>Brooklyn k\u00e9pviselete a cs\u00facson<\/p>\n<p>Egyetlen zenei el\u0151ad\u00f3 sem halmozott fel nagyobb vagyont, mint Jay-Z, akinek nett\u00f3 vagyona el\u00e9rte a 2,8 milli\u00e1rd doll\u00e1rt.<\/p>\n<p>Az 1969 december\u00e9ben, Brooklynban, New York \u00e1llamban sz\u00fcletett Shawn Carter, az 56 \u00e9ves rapper \u00e9s zenei mogul karrierje 30 \u00e9vre ny\u00falik vissza, 1996-os deb\u00fct\u00e1l\u00f3 album\u00e1val, a Reasonable Doubt-tal kezd\u0151d\u0151en, amelyben b\u0171n\u00f6z\u0151i m\u00faltj\u00e1r\u00f3l mes\u00e9lt. Jay-Z 2019-ben lett a hiphop els\u0151 milli\u00e1rdosa.<\/p>\n<p>Taylor Swift a m\u00e1sodik helyen \u00e1ll 2 milli\u00e1rd doll\u00e1rral. Swift vagyona a zen\u00e9l\u00e9sb\u0151l j\u00f6tt \u00f6ssze, m\u00edg Jay-Z vezet\u0151 szerepe \u00fczleti v\u00e1llalkoz\u00e1sokb\u00f3l \u00e9s befektet\u00e9sekb\u0151l sz\u00e1rmazik.<\/p>\n<p>Jay-Z siker\u00e9nek titka abban rejlik, hogyan haszn\u00e1lta fel sikeres zenei karrierj\u00e9t a zen\u00e9n k\u00edv\u00fcli egy\u00e9b \u00fczleti v\u00e1llalkoz\u00e1sok megval\u00f3s\u00edt\u00e1s\u00e1ra. 2013-ig kisebbs\u00e9gi r\u00e9szesed\u00e9ssel rendelkezett a Brooklyn Nets (kor\u00e1bban New Jersey Nets) kos\u00e1rlabdacsapat\u00e1ban, valamint hazai stadionjukban, a Barclays Centerben. A 2020-as \u00e9vek elej\u00e9n nagyobb r\u00e9szesed\u00e9seket adott el italm\u00e1rk\u00e1kban.<\/p>\n","protected":false},"excerpt":{"rendered":"A zeneipar legnagyobb szt\u00e1rjai m\u00e1r nem csak el\u0151ad\u00f3m\u0171v\u00e9szek. Sokan milli\u00e1rd doll\u00e1ros \u00fczleti birodalmat \u00e9p\u00edtenek. Ez a rangsor a&hellip;\n","protected":false},"author":2,"featured_media":53685,"comment_status":"","ping_status":"","sticky":false,"template":"","format":"standard","meta":{"footnotes":"","_share_on_mastodon":"0"},"categories":[21],"tags":[198,137,63,199,44,42,40,43,41,138,5940,177,13521],"class_list":["post-53684","post","type-post","status-publish","format-standard","has-post-thumbnail","category-hiressegek","tag-celebrities","tag-entertainment","tag-gazdasag","tag-hiressegek","tag-hu","tag-hungarian","tag-hungary","tag-magyar","tag-magyarorszag","tag-szorakozas","tag-szorakoztatoipar","tag-zene","tag-zeneipar"],"share_on_mastodon":{"url":"https:\/\/pubeurope.com\/@hu\/116353518957602235","error":""},"_links":{"self":[{"href":"https:\/\/www.europesays.com\/hu\/wp-json\/wp\/v2\/posts\/53684","targetHints":{"allow":["GET"]}}],"collection":[{"href":"https:\/\/www.europesays.com\/hu\/wp-json\/wp\/v2\/posts"}],"about":[{"href":"https:\/\/www.europesays.com\/hu\/wp-json\/wp\/v2\/types\/post"}],"author":[{"embeddable":true,"href":"https:\/\/www.europesays.com\/hu\/wp-json\/wp\/v2\/users\/2"}],"replies":[{"embeddable":true,"href":"https:\/\/www.europesays.com\/hu\/wp-json\/wp\/v2\/comments?post=53684"}],"version-history":[{"count":0,"href":"https:\/\/www.europesays.com\/hu\/wp-json\/wp\/v2\/posts\/53684\/revisions"}],"wp:featuredmedia":[{"embeddable":true,"href":"https:\/\/www.europesays.com\/hu\/wp-json\/wp\/v2\/media\/53685"}],"wp:attachment":[{"href":"https:\/\/www.europesays.com\/hu\/wp-json\/wp\/v2\/media?parent=53684"}],"wp:term":[{"taxonomy":"category","embeddable":true,"href":"https:\/\/www.europesays.com\/hu\/wp-json\/wp\/v2\/categories?post=53684"},{"taxonomy":"post_tag","embeddable":true,"href":"https:\/\/www.europesays.com\/hu\/wp-json\/wp\/v2\/tags?post=53684"}],"curies":[{"name":"wp","href":"https:\/\/api.w.org\/{rel}","templated":true}]}}