{"id":54158,"date":"2026-04-06T09:32:08","date_gmt":"2026-04-06T09:32:08","guid":{"rendered":"https:\/\/www.europesays.com\/hu\/54158\/"},"modified":"2026-04-06T09:32:08","modified_gmt":"2026-04-06T09:32:08","slug":"jon-az-uj-kormany-radikalis-technologiat-hoz-a-mercedes-uj-csucsszedanja","status":"publish","type":"post","link":"https:\/\/www.europesays.com\/hu\/54158\/","title":{"rendered":"J\u00f6n az \u00faj korm\u00e1ny: radik\u00e1lis technol\u00f3gi\u00e1t hoz a Mercedes \u00faj cs\u00facsszed\u00e1nja"},"content":{"rendered":"\n<p>PGEgaHJlZj0iaHR0cHM6Ly92aWxsYW55YXV0b3Nvay5odS9yb3ZpZGVuLzIxMzE2Nl9lY2JhNDRkYTJhIiBvbmNsaWNrPSJqYXZhc2NyaXB0OndpbmRvdy5vcGVuKCdodHRwczovL3ZpbGxhbnlhdXRvc29rLmh1L3JvdmlkZW4vMjEzMTY2X2VjYmE0NGRhMmEnLCAnX2JsYW5rJywgJ25vb3BlbmVyJyk7IHJldHVybiBmYWxzZTsiPjxwaWN0dXJlPjxzb3VyY2Ugc3Jjc2V0PSJodHRwczovL3ZpbGxhbnlhdXRvc29rLmh1L3dwLWNvbnRlbnQvdXBsb2Fkcy8yMDI2LzAzL3Z3LWZhc3RzdGFydC1pZDMtNjAweDUwMC0xLmpwZyIgbWVkaWE9IihtYXgtd2lkdGg6IDcwMHB4KSI+PHNvdXJjZSBzcmNzZXQ9Imh0dHBzOi8vdmlsbGFueWF1dG9zb2suaHUvd3AtY29udGVudC91cGxvYWRzLzIwMjYvMDMvdnctZmFzdHN0YXJ0LWlkMy0xMzAweDYwMC0xLmpwZyIgbWVkaWE9IihtaW4td2lkdGg6IDcwMHB4KSI+PGltZyBzcmM9Imh0dHBzOi8vdmlsbGFueWF1dG9zb2suaHUvd3AtY29udGVudC91cGxvYWRzLzIwMjYvMDMvdnctZmFzdHN0YXJ0LWlkMy0xMzAweDYwMC0xLmpwZyIgYWx0PSIiPjwvcGljdHVyZT48L2E+<\/p>\n<p>PGEgaHJlZj0iaHR0cHM6Ly92aWxsYW55YXV0b3Nvay5odS9yb3ZpZGVuLzIxMzE2Nl9hNDliNDQyZjkwIiBvbmNsaWNrPSJqYXZhc2NyaXB0OndpbmRvdy5vcGVuKCdodHRwczovL3ZpbGxhbnlhdXRvc29rLmh1L3JvdmlkZW4vMjEzMTY2X2E0OWI0NDJmOTAnLCAnX2JsYW5rJywgJ25vb3BlbmVyJyk7IHJldHVybiBmYWxzZTsiPjxwaWN0dXJlPjxzb3VyY2Ugc3Jjc2V0PSJodHRwczovL3ZpbGxhbnlhdXRvc29rLmh1L3dwLWNvbnRlbnQvdXBsb2Fkcy8yMDI2LzAzL3Z3LWZhc3RzdGFydC1pZDQtNjAweDUwMC0xLmpwZyIgbWVkaWE9IihtYXgtd2lkdGg6IDcwMHB4KSI+PHNvdXJjZSBzcmNzZXQ9Imh0dHBzOi8vdmlsbGFueWF1dG9zb2suaHUvd3AtY29udGVudC91cGxvYWRzLzIwMjYvMDMvdnctZmFzdHN0YXJ0LWlkNC0xMzAweDYwMC0xLmpwZyIgbWVkaWE9IihtaW4td2lkdGg6IDcwMHB4KSI+PGltZyBzcmM9Imh0dHBzOi8vdmlsbGFueWF1dG9zb2suaHUvd3AtY29udGVudC91cGxvYWRzLzIwMjYvMDMvdnctZmFzdHN0YXJ0LWlkNC0xMzAweDYwMC0xLmpwZyIgYWx0PSIiPjwvcGljdHVyZT48L2E+<\/p>\n<p>PGEgaHJlZj0iaHR0cHM6Ly92aWxsYW55YXV0b3Nvay5odS9yb3ZpZGVuLzIxMzE2Nl9mNzM4NGVjMWMzIiBvbmNsaWNrPSJqYXZhc2NyaXB0OndpbmRvdy5vcGVuKCdodHRwczovL3ZpbGxhbnlhdXRvc29rLmh1L3JvdmlkZW4vMjEzMTY2X2Y3Mzg0ZWMxYzMnLCAnX2JsYW5rJywgJ25vb3BlbmVyJyk7IHJldHVybiBmYWxzZTsiPjxwaWN0dXJlPjxzb3VyY2Ugc3Jjc2V0PSJodHRwczovL3ZpbGxhbnlhdXRvc29rLmh1L3dwLWNvbnRlbnQvdXBsb2Fkcy8yMDI2LzAzL3Z3LWZhc3RzdGFydC1pZDctNjAweDUwMC0xLmpwZyIgbWVkaWE9IihtYXgtd2lkdGg6IDcwMHB4KSI+PHNvdXJjZSBzcmNzZXQ9Imh0dHBzOi8vdmlsbGFueWF1dG9zb2suaHUvd3AtY29udGVudC91cGxvYWRzLzIwMjYvMDMvdnctZmFzdHN0YXJ0LWlkNy0xMzAweDYwMC0xLmpwZyIgbWVkaWE9IihtaW4td2lkdGg6IDcwMHB4KSI+PGltZyBzcmM9Imh0dHBzOi8vdmlsbGFueWF1dG9zb2suaHUvd3AtY29udGVudC91cGxvYWRzLzIwMjYvMDMvdnctZmFzdHN0YXJ0LWlkNy0xMzAweDYwMC0xLmpwZyIgYWx0PSIiPjwvcGljdHVyZT48L2E+aHR0cHM6Ly93ZS50bC90LVFCdmV6cGRLTno=<\/p>\n<p>A Mercedes-Benz meger\u0151s\u00edtette, hogy a meg\u00fajult Mercedes-Benz EQS modellel deb\u00fct\u00e1l sorozatgy\u00e1rt\u00e1sban a forradalmi steer-by-wire korm\u00e1nyrendszere, m\u00e9g az idei \u00e9vben. A technol\u00f3gia \u00e9rkez\u00e9s\u00e9t ugyan <a href=\"https:\/\/villanyautosok.hu\/2025\/04\/24\/a-merci-is-bevezeti-a-vezetekes-kormanyzast\/\" rel=\"nofollow noopener\" target=\"_blank\">m\u00e1r tavaly beharangozta a gy\u00e1rt\u00f3<\/a>, most az is hivataloss\u00e1 v\u00e1lt, hogy a r\u00e1ncfelvarrott elektromos z\u00e1szl\u00f3shaj\u00f3 lesz az els\u0151 modell, amely megkapja a fejleszt\u00e9st. A bejelent\u00e9ssel egy\u00fctt az \u00e1lc\u00e1zott tesztaut\u00f3kr\u00f3l k\u00e9sz\u00fclt fot\u00f3kat is k\u00f6zz\u00e9tettek, amelyek a friss\u00edtett EQS premierj\u00e9nek k\u00f6zeledt\u00e9t jelzik.<\/p>\n<p><a href=\"https:\/\/villanyautosok.hu\/wp-content\/uploads\/2026\/04\/2026-04-03-mercedes-yoke-steer-by-wire-eqs-02.jpg\" data-lbwps-width=\"6000\" data-lbwps-height=\"3993\" data-lbwps-srcsmall=\"https:\/\/villanyautosok.hu\/wp-content\/uploads\/2026\/04\/2026-04-03-mercedes-yoke-steer-by-wire-eqs-02-300x200.jpg\" rel=\"nofollow noopener\" target=\"_blank\"><img fetchpriority=\"high\" decoding=\"async\" class=\"aligncenter size-large wp-image-214947 webpexpress-processed\" src=\"https:\/\/www.europesays.com\/hu\/wp-content\/uploads\/2026\/04\/2026-04-03-mercedes-yoke-steer-by-wire-eqs-02-1024x681.jpg\" alt=\"\" width=\"1024\" height=\"681\"  \/><\/a><\/p>\n<p>Az opcion\u00e1lisan v\u00e1laszthat\u00f3 steer-by-wire rendszer teljesen megsz\u00fcnteti a mechanikus kapcsolatot a korm\u00e1nyker\u00e9k \u00e9s az els\u0151 kerekek k\u00f6z\u00f6tt. A hagyom\u00e1nyos korm\u00e1nyoszlop helyett elektronikus jelek ir\u00e1ny\u00edtj\u00e1k a kerekeket, ami lehet\u0151v\u00e9 teszi a v\u00e1ltoz\u00f3 \u00e1tt\u00e9tel\u0171 korm\u00e1nyz\u00e1st. Ez azt jelenti, hogy alacsony sebess\u00e9gn\u00e9l gyorsabb, k\u00f6nnyebb man\u0151verez\u00e9st, aut\u00f3p\u00e1ly\u00e1n pedig stabilabb, nyugodtabb ir\u00e1ny\u00edthat\u00f3s\u00e1got k\u00edn\u00e1l a rendszer. A Mercedes szerint az \u00faj technol\u00f3gia t\u00f6bb mint egymilli\u00f3 kilom\u00e9teres tesztel\u00e9sen esett \u00e1t pr\u00f3bapadon, tesztp\u00e1ly\u00e1kon \u00e9s k\u00f6z\u00fati k\u00f6r\u00fclm\u00e9nyek k\u00f6z\u00f6tt.<\/p>\n<p>\t\t\t\t<a href=\"https:\/\/villanyautosok.hu\/wp-content\/uploads\/2026\/04\/2026-04-03-mercedes-yoke-steer-by-wire-eqs-04.jpg\" data-lbwps-width=\"6000\" data-lbwps-height=\"3993\" data-lbwps-srcsmall=\"https:\/\/villanyautosok.hu\/wp-content\/uploads\/2026\/04\/2026-04-03-mercedes-yoke-steer-by-wire-eqs-04-300x200.jpg\" rel=\"nofollow noopener\" target=\"_blank\"><img loading=\"lazy\" decoding=\"async\" width=\"1024\" height=\"681\" src=\"https:\/\/www.europesays.com\/hu\/wp-content\/uploads\/2026\/04\/2026-04-03-mercedes-yoke-steer-by-wire-eqs-04-1024x681.jpg\" class=\"attachment-large size-large webpexpress-processed\" alt=\"\"  \/><\/a><\/p>\n<p>\t\t\t\t<a href=\"https:\/\/villanyautosok.hu\/wp-content\/uploads\/2026\/04\/2026-04-03-mercedes-yoke-steer-by-wire-eqs-05.jpg\" data-lbwps-width=\"6000\" data-lbwps-height=\"3993\" data-lbwps-srcsmall=\"https:\/\/villanyautosok.hu\/wp-content\/uploads\/2026\/04\/2026-04-03-mercedes-yoke-steer-by-wire-eqs-05-300x200.jpg\" rel=\"nofollow noopener\" target=\"_blank\"><img loading=\"lazy\" decoding=\"async\" width=\"1024\" height=\"681\" src=\"https:\/\/www.europesays.com\/hu\/wp-content\/uploads\/2026\/04\/2026-04-03-mercedes-yoke-steer-by-wire-eqs-05-1024x681.jpg\" class=\"attachment-large size-large webpexpress-processed\" alt=\"\"  \/><\/a><br \/>\n\t\t\t<br style=\"clear: both\"\/><\/p>\n<p>A biztons\u00e1g \u00e9rdek\u00e9ben redund\u00e1ns architekt\u00far\u00e1t alkalmaztak, k\u00e9t f\u00fcggetlen jel\u00fatvonallal, megdupl\u00e1zott aktu\u00e1torokkal \u00e9s tartal\u00e9k energiaell\u00e1t\u00e1ssal. Ez annyit tesz, hogy ha a f\u0151 rendszer meghib\u00e1sodna, a j\u00e1rm\u0171 ir\u00e1ny\u00edt\u00e1sa akkor sem ker\u00fcl vesz\u00e9lybe. A steer-by-wire a megl\u00e9v\u0151, ak\u00e1r 10 fokban elfordul\u00f3 h\u00e1ts\u00f3ker\u00e9k-korm\u00e1nyz\u00e1ssal egy\u00fctt m\u0171k\u00f6dik, ami a gy\u00e1rt\u00f3 szerint jav\u00edtja az ir\u00e1ny\u00edthat\u00f3s\u00e1got, az agilit\u00e1st \u00e9s cs\u00f6kkenti az \u00fathib\u00e1kb\u00f3l sz\u00e1rmaz\u00f3 rezg\u00e9seket.<\/p>\n<p><a href=\"https:\/\/villanyautosok.hu\/wp-content\/uploads\/2026\/04\/2026-04-03-mercedes-yoke-steer-by-wire-eqs-03.jpg\" data-lbwps-width=\"6000\" data-lbwps-height=\"3993\" data-lbwps-srcsmall=\"https:\/\/villanyautosok.hu\/wp-content\/uploads\/2026\/04\/2026-04-03-mercedes-yoke-steer-by-wire-eqs-03-300x200.jpg\" rel=\"nofollow noopener\" target=\"_blank\"><img loading=\"lazy\" decoding=\"async\" class=\"aligncenter size-large wp-image-214948 webpexpress-processed\" src=\"https:\/\/www.europesays.com\/hu\/wp-content\/uploads\/2026\/04\/2026-04-03-mercedes-yoke-steer-by-wire-eqs-03-1024x681.jpg\" alt=\"\" width=\"1024\" height=\"681\"  \/><\/a><\/p>\n<p>Az \u00faj rendszerrel egy\u00fctt a Mercedes szak\u00edt a hagyom\u00e1nyos korm\u00e1nyker\u00e9kkel is, \u00e9s egy lap\u00edtott, yoke-kialak\u00edt\u00e1s\u00fa megold\u00e1st vezet be. A gy\u00e1rt\u00f3 szerint a kompaktabb korm\u00e1ny t\u00f6bb helyet biztos\u00edt a vezet\u0151 t\u00e9rdeinek, megk\u00f6nny\u00edti a ki- \u00e9s besz\u00e1ll\u00e1st, valamint jobb r\u00e1l\u00e1t\u00e1st ny\u00fajt a m\u0171szeregys\u00e9gre. A steer-by-wire miatt m\u00e1r nincs sz\u00fcks\u00e9g t\u00f6bb teljes korm\u00e1nyfordulatra, \u00edgy a szokatlan forma praktikusabb\u00e1 v\u00e1lik a mindennapi haszn\u00e1lat sor\u00e1n.<\/p>\n<p>A Mercedes ezzel csatlakozik azon gy\u00e1rt\u00f3k egyel\u0151re sz\u0171k k\u00f6r\u00e9hez, amelyek m\u00e1r bevezett\u00e9k a technol\u00f3gi\u00e1t. A rendszer m\u00e1r el\u00e9rhet\u0151 p\u00e9ld\u00e1ul a Tesla Cybertruckban, a Lexus RZ-ben, valamint a Nio ET9-ben is.<\/p>\n<p><a href=\"https:\/\/villanyautosok.hu\/2023\/03\/13\/minden-autoba-ilyen-kormanyt-akarok-lexus-rz450e-elso-benyomasok\/\" rel=\"nofollow noopener\" target=\"_blank\">Minden aut\u00f3ba ilyen korm\u00e1nyt akarok! \u2013 Lexus RZ450e els\u0151 benyom\u00e1sok<\/a><\/p>\n<p>          <a id=\"authorcard\" title=\"Simon Zsolt cikkei\" href=\"https:\/\/villanyautosok.hu\/author\/simon_zsolt\/\" rel=\"nofollow noopener\" target=\"_blank\">&#13;<br \/>\n              <img alt=\"\" src=\"https:\/\/www.europesays.com\/hu\/wp-content\/uploads\/2026\/04\/1775467928_278_5643cc5411d8add74db63797683efadff34419c6e15e5bb24ef333d04915d8c0.jpeg\"  class=\"avatar avatar-96 photo\" height=\"96\" width=\"96\" loading=\"lazy\" decoding=\"async\"\/>Simon Zsolt<\/p>\n<p>Nem az aut\u00f3z\u00e1s, hanem a k\u00f6rnyezetv\u00e9delem ir\u00e1nti elk\u00f6telezetts\u00e9g sodorta a Villanyaut\u00f3sok k\u00f6z\u00e9, hogy geogr\u00e1fus \u00e9s k\u00f6zgazd\u00e1sz tanulm\u00e1nyai befejez\u00e9se ut\u00e1n tud\u00e1s\u00e1val seg\u00edthesse egy fenntarthat\u00f3bb vil\u00e1g kialakul\u00e1s\u00e1t.<\/p>\n<p>          <\/a><\/p>\n","protected":false},"excerpt":{"rendered":"PGEgaHJlZj0iaHR0cHM6Ly92aWxsYW55YXV0b3Nvay5odS9yb3ZpZGVuLzIxMzE2Nl9lY2JhNDRkYTJhIiBvbmNsaWNrPSJqYXZhc2NyaXB0OndpbmRvdy5vcGVuKCdodHRwczovL3ZpbGxhbnlhdXRvc29rLmh1L3JvdmlkZW4vMjEzMTY2X2VjYmE0NGRhMmEnLCAnX2JsYW5rJywgJ25vb3BlbmVyJyk7IHJldHVybiBmYWxzZTsiPjxwaWN0dXJlPjxzb3VyY2Ugc3Jjc2V0PSJodHRwczovL3ZpbGxhbnlhdXRvc29rLmh1L3dwLWNvbnRlbnQvdXBsb2Fkcy8yMDI2LzAzL3Z3LWZhc3RzdGFydC1pZDMtNjAweDUwMC0xLmpwZyIgbWVkaWE9IihtYXgtd2lkdGg6IDcwMHB4KSI+PHNvdXJjZSBzcmNzZXQ9Imh0dHBzOi8vdmlsbGFueWF1dG9zb2suaHUvd3AtY29udGVudC91cGxvYWRzLzIwMjYvMDMvdnctZmFzdHN0YXJ0LWlkMy0xMzAweDYwMC0xLmpwZyIgbWVkaWE9IihtaW4td2lkdGg6IDcwMHB4KSI+PGltZyBzcmM9Imh0dHBzOi8vdmlsbGFueWF1dG9zb2suaHUvd3AtY29udGVudC91cGxvYWRzLzIwMjYvMDMvdnctZmFzdHN0YXJ0LWlkMy0xMzAweDYwMC0xLmpwZyIgYWx0PSIiPjwvcGljdHVyZT48L2E+ PGEgaHJlZj0iaHR0cHM6Ly92aWxsYW55YXV0b3Nvay5odS9yb3ZpZGVuLzIxMzE2Nl9hNDliNDQyZjkwIiBvbmNsaWNrPSJqYXZhc2NyaXB0OndpbmRvdy5vcGVuKCdodHRwczovL3ZpbGxhbnlhdXRvc29rLmh1L3JvdmlkZW4vMjEzMTY2X2E0OWI0NDJmOTAnLCAnX2JsYW5rJywgJ25vb3BlbmVyJyk7IHJldHVybiBmYWxzZTsiPjxwaWN0dXJlPjxzb3VyY2Ugc3Jjc2V0PSJodHRwczovL3ZpbGxhbnlhdXRvc29rLmh1L3dwLWNvbnRlbnQvdXBsb2Fkcy8yMDI2LzAzL3Z3LWZhc3RzdGFydC1pZDQtNjAweDUwMC0xLmpwZyIgbWVkaWE9IihtYXgtd2lkdGg6IDcwMHB4KSI+PHNvdXJjZSBzcmNzZXQ9Imh0dHBzOi8vdmlsbGFueWF1dG9zb2suaHUvd3AtY29udGVudC91cGxvYWRzLzIwMjYvMDMvdnctZmFzdHN0YXJ0LWlkNC0xMzAweDYwMC0xLmpwZyIgbWVkaWE9IihtaW4td2lkdGg6IDcwMHB4KSI+PGltZyBzcmM9Imh0dHBzOi8vdmlsbGFueWF1dG9zb2suaHUvd3AtY29udGVudC91cGxvYWRzLzIwMjYvMDMvdnctZmFzdHN0YXJ0LWlkNC0xMzAweDYwMC0xLmpwZyIgYWx0PSIiPjwvcGljdHVyZT48L2E+ PGEgaHJlZj0iaHR0cHM6Ly92aWxsYW55YXV0b3Nvay5odS9yb3ZpZGVuLzIxMzE2Nl9mNzM4NGVjMWMzIiBvbmNsaWNrPSJqYXZhc2NyaXB0OndpbmRvdy5vcGVuKCdodHRwczovL3ZpbGxhbnlhdXRvc29rLmh1L3JvdmlkZW4vMjEzMTY2X2Y3Mzg0ZWMxYzMnLCAnX2JsYW5rJywgJ25vb3BlbmVyJyk7IHJldHVybiBmYWxzZTsiPjxwaWN0dXJlPjxzb3VyY2Ugc3Jjc2V0PSJodHRwczovL3ZpbGxhbnlhdXRvc29rLmh1L3dwLWNvbnRlbnQvdXBsb2Fkcy8yMDI2LzAzL3Z3LWZhc3RzdGFydC1pZDctNjAweDUwMC0xLmpwZyIgbWVkaWE9IihtYXgtd2lkdGg6IDcwMHB4KSI+PHNvdXJjZSBzcmNzZXQ9Imh0dHBzOi8vdmlsbGFueWF1dG9zb2suaHUvd3AtY29udGVudC91cGxvYWRzLzIwMjYvMDMvdnctZmFzdHN0YXJ0LWlkNy0xMzAweDYwMC0xLmpwZyIgbWVkaWE9IihtaW4td2lkdGg6IDcwMHB4KSI+PGltZyBzcmM9Imh0dHBzOi8vdmlsbGFueWF1dG9zb2suaHUvd3AtY29udGVudC91cGxvYWRzLzIwMjYvMDMvdnctZmFzdHN0YXJ0LWlkNy0xMzAweDYwMC0xLmpwZyIgYWx0PSIiPjwvcGljdHVyZT48L2E+aHR0cHM6Ly93ZS50bC90LVFCdmV6cGRLTno= A Mercedes-Benz meger\u0151s\u00edtette, hogy a meg\u00fajult Mercedes-Benz EQS modellel deb\u00fct\u00e1l sorozatgy\u00e1rt\u00e1sban a forradalmi steer-by-wire korm\u00e1nyrendszere,&hellip;\n","protected":false},"author":2,"featured_media":54159,"comment_status":"","ping_status":"","sticky":false,"template":"","format":"standard","meta":{"footnotes":"","_share_on_mastodon":"0"},"categories":[10],"tags":[110,466,44,42,40,3619,43,41,20944,3867,21374,111],"class_list":["post-54158","post","type-post","status-publish","format-standard","has-post-thumbnail","category-vallalkozas","tag-business","tag-elektromos-auto","tag-hu","tag-hungarian","tag-hungary","tag-kormanyzas","tag-magyar","tag-magyarorszag","tag-mercedes-eqs","tag-mercedes-benz","tag-steer-by-wire","tag-vallalkozas"],"share_on_mastodon":{"url":"https:\/\/pubeurope.com\/@hu\/116357073722785837","error":""},"_links":{"self":[{"href":"https:\/\/www.europesays.com\/hu\/wp-json\/wp\/v2\/posts\/54158","targetHints":{"allow":["GET"]}}],"collection":[{"href":"https:\/\/www.europesays.com\/hu\/wp-json\/wp\/v2\/posts"}],"about":[{"href":"https:\/\/www.europesays.com\/hu\/wp-json\/wp\/v2\/types\/post"}],"author":[{"embeddable":true,"href":"https:\/\/www.europesays.com\/hu\/wp-json\/wp\/v2\/users\/2"}],"replies":[{"embeddable":true,"href":"https:\/\/www.europesays.com\/hu\/wp-json\/wp\/v2\/comments?post=54158"}],"version-history":[{"count":0,"href":"https:\/\/www.europesays.com\/hu\/wp-json\/wp\/v2\/posts\/54158\/revisions"}],"wp:featuredmedia":[{"embeddable":true,"href":"https:\/\/www.europesays.com\/hu\/wp-json\/wp\/v2\/media\/54159"}],"wp:attachment":[{"href":"https:\/\/www.europesays.com\/hu\/wp-json\/wp\/v2\/media?parent=54158"}],"wp:term":[{"taxonomy":"category","embeddable":true,"href":"https:\/\/www.europesays.com\/hu\/wp-json\/wp\/v2\/categories?post=54158"},{"taxonomy":"post_tag","embeddable":true,"href":"https:\/\/www.europesays.com\/hu\/wp-json\/wp\/v2\/tags?post=54158"}],"curies":[{"name":"wp","href":"https:\/\/api.w.org\/{rel}","templated":true}]}}