{"id":55076,"date":"2026-04-07T07:57:06","date_gmt":"2026-04-07T07:57:06","guid":{"rendered":"https:\/\/www.europesays.com\/hu\/55076\/"},"modified":"2026-04-07T07:57:06","modified_gmt":"2026-04-07T07:57:06","slug":"orban-viktor-elengedte-a-kormanyt","status":"publish","type":"post","link":"https:\/\/www.europesays.com\/hu\/55076\/","title":{"rendered":"Orb\u00e1n Viktor elengedte a korm\u00e1nyt"},"content":{"rendered":"<p>\u201eZ\u00fazzunk!\u201d<\/p>\n<p>\u2013 sz\u00f3l\u00edtotta fel k\u00f6vet\u0151it, \u00e9s saj\u00e1t mag\u00e1t is Orb\u00e1n Viktor kedd reggel <a href=\"https:\/\/www.facebook.com\/reel\/2688370788208503\" target=\"_blank\" rel=\"nofollow noopener\">a Facebook-oldal\u00e1n<\/a>.<\/p>\n<p>Z\u00fazott is, m\u00e9gpedig kocsival, Bud\u00e1n, mik\u00f6zben sz\u00f3lt a mulat\u00f3s, amit Orb\u00e1n Viktor annyira \u00e9lt, hogy a csapat\u00e1s kedv\u00e9\u00e9rt r\u00f6vid id\u0151re m\u00e9g a korm\u00e1nyt is elengedte. Ezt onnan tudjuk, hogy a minisztereln\u00f6k egy vide\u00f3t is k\u00f6zz\u00e9tett a vid\u00e1man indul\u00f3 reggel\u00e9r\u0151l:<\/p>\n<p>B\u00e1r azt nem \u00edrta, hova tart, feltehet\u0151en <a href=\"https:\/\/telex.hu\/belfold\/2026\/04\/03\/lezaras-jd-vance-budapest\" class=\"\" rel=\"nofollow noopener\" target=\"_blank\">J. D. Vance amerikai aleln\u00f6k fogad\u00e1s\u00e1ra menet<\/a> bulizott egy j\u00f3t a kocsiban. Most azt se tartotta fontosnak le\u00edrni, mit hallgat, de ha hihet\u00fcnk a kor\u00e1bbi nyilatkozat\u00e1nak, <a href=\"https:\/\/telex.hu\/zacc\/2026\/01\/29\/orban-viktor-danko-radio-lazar-janos-romak\" class=\"\" rel=\"nofollow noopener\" target=\"_blank\">Dank\u00f3 r\u00e1di\u00f3t<\/a>.<\/p>\n<p>Janu\u00e1r v\u00e9g\u00e9n egy Facebook-vide\u00f3ban ugyanis azt mondta, vezet\u00e9s k\u00f6zben csakis a Dank\u00f3 r\u00e1di\u00f3t szokta hallgatni, mert \u201eideges\u00edtik a g\u00e9pzen\u00e9k, amik elszaporodtak a vil\u00e1gban\u201d. A v\u00e1ratlannak t\u0171n\u0151 kijelent\u00e9s <a href=\"https:\/\/telex.hu\/zacc\/2026\/01\/29\/orban-viktor-danko-radio-lazar-janos-romak\" class=\"\" rel=\"nofollow noopener\" target=\"_blank\">id\u0151z\u00edt\u00e9se feltehet\u0151en nem volt v\u00e9letlen<\/a>.<\/p>\n<p>Azok, akik a minisztereln\u00f6kh\u00f6z hasonl\u00f3an aut\u00f3ba sz\u00e1lln\u00e1nak kedd d\u00e9lel\u0151tt, legyenek r\u00e9sen, J. D. Vance l\u00e1togat\u00e1sa miatt ugyanis lez\u00e1r\u00e1sokra kell sz\u00e1m\u00edtani a f\u0151v\u00e1rosban. <a href=\"https:\/\/telex.hu\/belfold\/2026\/04\/06\/j-d-vance-amerikai-alelnok-latogatas-forgalomkorlatozasok\" class=\"\" rel=\"nofollow noopener\" target=\"_blank\">Itt szedt\u00fck \u00f6ssze<\/a>, merre ne furik\u00e1zzon senki, ha nem akar \u00fattorlaszokba szaladni.<\/p>\n","protected":false},"excerpt":{"rendered":"\u201eZ\u00fazzunk!\u201d \u2013 sz\u00f3l\u00edtotta fel k\u00f6vet\u0151it, \u00e9s saj\u00e1t mag\u00e1t is Orb\u00e1n Viktor kedd reggel a Facebook-oldal\u00e1n. Z\u00fazott is, m\u00e9gpedig&hellip;\n","protected":false},"author":2,"featured_media":55077,"comment_status":"","ping_status":"","sticky":false,"template":"","format":"standard","meta":{"footnotes":"","_share_on_mastodon":"0"},"categories":[6],"tags":[115,22145,453,44,42,40,1609,43,41,66,245,916],"class_list":["post-55076","post","type-post","status-publish","format-standard","has-post-thumbnail","category-magyarorszag","tag-auto","tag-danko-radio","tag-facebook","tag-hu","tag-hungarian","tag-hungary","tag-j-d-vance","tag-magyar","tag-magyarorszag","tag-orban-viktor","tag-vezetes","tag-zacc"],"share_on_mastodon":{"url":"https:\/\/pubeurope.com\/@hu\/116362362905748761","error":""},"_links":{"self":[{"href":"https:\/\/www.europesays.com\/hu\/wp-json\/wp\/v2\/posts\/55076","targetHints":{"allow":["GET"]}}],"collection":[{"href":"https:\/\/www.europesays.com\/hu\/wp-json\/wp\/v2\/posts"}],"about":[{"href":"https:\/\/www.europesays.com\/hu\/wp-json\/wp\/v2\/types\/post"}],"author":[{"embeddable":true,"href":"https:\/\/www.europesays.com\/hu\/wp-json\/wp\/v2\/users\/2"}],"replies":[{"embeddable":true,"href":"https:\/\/www.europesays.com\/hu\/wp-json\/wp\/v2\/comments?post=55076"}],"version-history":[{"count":0,"href":"https:\/\/www.europesays.com\/hu\/wp-json\/wp\/v2\/posts\/55076\/revisions"}],"wp:featuredmedia":[{"embeddable":true,"href":"https:\/\/www.europesays.com\/hu\/wp-json\/wp\/v2\/media\/55077"}],"wp:attachment":[{"href":"https:\/\/www.europesays.com\/hu\/wp-json\/wp\/v2\/media?parent=55076"}],"wp:term":[{"taxonomy":"category","embeddable":true,"href":"https:\/\/www.europesays.com\/hu\/wp-json\/wp\/v2\/categories?post=55076"},{"taxonomy":"post_tag","embeddable":true,"href":"https:\/\/www.europesays.com\/hu\/wp-json\/wp\/v2\/tags?post=55076"}],"curies":[{"name":"wp","href":"https:\/\/api.w.org\/{rel}","templated":true}]}}