{"id":56414,"date":"2026-04-08T09:05:06","date_gmt":"2026-04-08T09:05:06","guid":{"rendered":"https:\/\/www.europesays.com\/hu\/56414\/"},"modified":"2026-04-08T09:05:06","modified_gmt":"2026-04-08T09:05:06","slug":"nemzeti-hos-lett-a-bosnyak-sracbol-aki-a-sorsdonto-vb-selejtezon-ellopta-az-olaszok-kapusanak-puskajat","status":"publish","type":"post","link":"https:\/\/www.europesays.com\/hu\/56414\/","title":{"rendered":"Nemzeti h\u0151s lett a bosny\u00e1k sr\u00e1cb\u00f3l, aki a sorsd\u00f6nt\u0151 vb-selejtez\u0151n ellopta az olaszok kapus\u00e1nak pusk\u00e1j\u00e1t"},"content":{"rendered":"<p class=\"lead\">M\u00e1r arr\u00f3l sz\u00f3lnak a h\u00edrek, hogy kiviszik a vil\u00e1gbajnoks\u00e1gra.<\/p>\n<p><a href=\"https:\/\/player.hu\/sport-3\/bosnyak-olasz-vb-selejtezo\" target=\"_blank\" rel=\"noopener nofollow\">\u00d3ri\u00e1si eredm\u00e9nyt \u00e9rt el Bosznia-Hercegovina<\/a> v\u00e1logatottja azt k\u00f6vet\u0151en, hogy a p\u00f3tselejtez\u0151 utols\u00f3 fordul\u00f3j\u00e1ban tizenegyesek ut\u00e1n kiejtette Olaszorsz\u00e1got \u00e9s \u00edgy kijutott a ny\u00e1ri futball-vil\u00e1gbajnoks\u00e1gra.<\/p>\n<p>A bosny\u00e1k futballist\u00e1k egyszer sem hib\u00e1ztak a tizenegyesp\u00e1rbajban, hi\u00e1ba \u00e1llt az olasz kapuban a vil\u00e1g egyik legjobbja, Gianluigi Donnarumma.<\/p>\n<p>A meccs ut\u00e1n kider\u00fclt, nem biztos, hogy v\u00e9letlen az, hogy Donnarumma egyszer sem tudott v\u00e9deni, \u00e9s mindig rossz oldalra vet\u0151d\u00f6tt. Az t\u00f6rt\u00e9nt ugyanis, hogy<\/p>\n<p>egy 14 \u00e9ves labdaszed\u0151 kisz\u00farta, hogy az olasz kapusnak hol van az a pap\u00edrja, amelyen azok az inf\u00f3k szerepelnek, hogy a bosny\u00e1k j\u00e1t\u00e9kosok nagy val\u00f3sz\u00edn\u0171s\u00e9ggel melyik oldalra l\u00f6vik a tizenegyes.<\/p>\n<p>Donnarumma a t\u00f6r\u00f6lk\u00f6z\u0151je al\u00e1 tette a pap\u00edrt, a puska azonban elt\u0171nt, \u00edgy az olasz kapus nem tudta haszn\u00e1lni a plusz inf\u00f3t. K\u00e9s\u0151bb kider\u00fclt, egy 14 \u00e9ves labdaszed\u0151,<\/p>\n<p>Afan Cizmic ellopta a pap\u00edrt, majd a meccs ut\u00e1n otthon megmutatta az apj\u00e1nak.<\/p>\n<p>\u00dagy d\u00f6nt\u00f6ttek, hogy j\u00f3t\u00e9konys\u00e1gi \u00e1rver\u00e9sre bocs\u00e1tj\u00e1k a pap\u00edrt, k\u00f6zben a sr\u00e1cb\u00f3l nemzeti h\u0151s lett, t\u00f6bb telev\u00edzi\u00f3 is megkereste, \u00e9s sokan m\u00e1r azt k\u00f6vetelik, a vil\u00e1gbajnoks\u00e1gra is vigy\u00e9k ki a sr\u00e1cot, aki egy\u00e9bk\u00e9nt csat\u00e1rk\u00e9nt focizik. Ez egy\u00e9bk\u00e9nt a h\u00edrek szerint megval\u00f3sul, a Face bosny\u00e1k telev\u00edzi\u00f3s t\u00e1rsas\u00e1g \u00fagy d\u00f6nt\u00f6tt, a tin\u00e9dzsert kiviszik a vil\u00e1gbajnoks\u00e1gra.<\/p>\n<p>\u00dagy teljes a sztori, ha azt is megeml\u00edtj\u00fck, hogy a fecni-gate-et Donnarumma kezdte, aki \u00e1ll\u00edt\u00f3lag \u00f6sszet\u00e9pte a bosny\u00e1k kapus hasonl\u00f3 pusk\u00e1j\u00e1t, miut\u00e1n koll\u00e9g\u00e1ja t\u00fals\u00e1gosan l\u00e1tv\u00e1nyosan \u00fcnnepelte az els\u0151 kihagyott olasz tizenegyest.<\/p>\n<p>Bosznia-Hercegovina teh\u00e1t ott lesz a vb-n, r\u00e1ad\u00e1sul <a href=\"https:\/\/player.hu\/sport-3\/kialakult-a-vilagbajnoksag-teljes-mezonye-megvan-mind-a-48-resztvevo\" target=\"_blank\" rel=\"noopener nofollow\">nem is neh\u00e9z csoportban<\/a>, a t\u00e1rsh\u00e1zigazda Kanad\u00e1val, Katarral \u00e9s Sv\u00e1jccal j\u00e1tszik ny\u00e1ron.<\/p>\n<p>Ez is \u00e9rdekelhet:<\/p>\n<p>        <img decoding=\"async\" src=\"https:\/\/www.europesays.com\/hu\/wp-content\/uploads\/2026\/04\/photo-2025-10-13-20-30-23-1024x576-1-768x432.jpg\" loading=\"lazy\" alt=\"\"\/><\/p>\n<p>Iratkozz fel a h\u00edrlevel\u00fcnkre, \u00e9s mi minden h\u00e9ten \u00e9rdekes, sz\u00f3rakoztat\u00f3 sztorikat k\u00fcld\u00fcnk neked a vil\u00e1gb\u00f3l.<\/p>\n<p>H\u00edrlev\u00e9l feliratkoz\u00e1s<\/p>\n<p>T\u00e1mogatott \u00e9s aj\u00e1nlott tartalmaink<\/p>\n","protected":false},"excerpt":{"rendered":"M\u00e1r arr\u00f3l sz\u00f3lnak a h\u00edrek, hogy kiviszik a vil\u00e1gbajnoks\u00e1gra. \u00d3ri\u00e1si eredm\u00e9nyt \u00e9rt el Bosznia-Hercegovina v\u00e1logatottja azt k\u00f6vet\u0151en, hogy&hellip;\n","protected":false},"author":2,"featured_media":56415,"comment_status":"","ping_status":"","sticky":false,"template":"","format":"standard","meta":{"footnotes":"","_share_on_mastodon":"0"},"categories":[14],"tags":[16905,378,7631,44,42,40,43,41,16615,45,131],"class_list":["post-56414","post","type-post","status-publish","format-standard","has-post-thumbnail","category-sport","tag-bosnyak-valogatott","tag-foci","tag-foci-vb-2026","tag-hu","tag-hungarian","tag-hungary","tag-magyar","tag-magyarorszag","tag-olasz-valogatott","tag-sport","tag-sports"],"share_on_mastodon":{"url":"https:\/\/pubeurope.com\/@hu\/116368292126326817","error":""},"_links":{"self":[{"href":"https:\/\/www.europesays.com\/hu\/wp-json\/wp\/v2\/posts\/56414","targetHints":{"allow":["GET"]}}],"collection":[{"href":"https:\/\/www.europesays.com\/hu\/wp-json\/wp\/v2\/posts"}],"about":[{"href":"https:\/\/www.europesays.com\/hu\/wp-json\/wp\/v2\/types\/post"}],"author":[{"embeddable":true,"href":"https:\/\/www.europesays.com\/hu\/wp-json\/wp\/v2\/users\/2"}],"replies":[{"embeddable":true,"href":"https:\/\/www.europesays.com\/hu\/wp-json\/wp\/v2\/comments?post=56414"}],"version-history":[{"count":0,"href":"https:\/\/www.europesays.com\/hu\/wp-json\/wp\/v2\/posts\/56414\/revisions"}],"wp:featuredmedia":[{"embeddable":true,"href":"https:\/\/www.europesays.com\/hu\/wp-json\/wp\/v2\/media\/56415"}],"wp:attachment":[{"href":"https:\/\/www.europesays.com\/hu\/wp-json\/wp\/v2\/media?parent=56414"}],"wp:term":[{"taxonomy":"category","embeddable":true,"href":"https:\/\/www.europesays.com\/hu\/wp-json\/wp\/v2\/categories?post=56414"},{"taxonomy":"post_tag","embeddable":true,"href":"https:\/\/www.europesays.com\/hu\/wp-json\/wp\/v2\/tags?post=56414"}],"curies":[{"name":"wp","href":"https:\/\/api.w.org\/{rel}","templated":true}]}}