{"id":56947,"date":"2026-04-08T16:50:08","date_gmt":"2026-04-08T16:50:08","guid":{"rendered":"https:\/\/www.europesays.com\/hu\/56947\/"},"modified":"2026-04-08T16:50:08","modified_gmt":"2026-04-08T16:50:08","slug":"kitiltana-piacarol-a-nagy-amerikai-pickupokat-az-eu","status":"publish","type":"post","link":"https:\/\/www.europesays.com\/hu\/56947\/","title":{"rendered":"Kitiltan\u00e1 piac\u00e1r\u00f3l a nagy amerikai pickupokat az EU!"},"content":{"rendered":"<p>\t\t\t\t<a href=\"https:\/\/www.autonavigator.hu\/cikkek\/kitiltana-piacarol-a-nagy-amerikai-pickupokat-az-eu\/2024-ford-f-150-stx_02\/\" rel=\"nofollow noopener\" target=\"_blank\"><img fetchpriority=\"high\" decoding=\"async\" width=\"696\" height=\"351\" src=\"https:\/\/www.europesays.com\/hu\/wp-content\/uploads\/2026\/04\/2024-Ford-F-150-STX_02-1200x605.webp.webp\" class=\"attachment-large size-large not-transparent\" alt=\"\"   data-has-transparency=\"false\" data-dominant-color=\"737768\" style=\"--dominant-color: #737768;\"\/><\/a><\/p>\n<p>M\u00e1r a t\u00f6rt\u00e9net elej\u00e9n fontos lesz\u00f6gezni, hogy a Ford Ranger \u00e9s az ehhez hasonl\u00f3 amerikai gy\u00e1rtm\u00e1ny\u00fa pickupok &#8222;biztons\u00e1gban&#8221; vannak, hiszen ezek rendelkeznek az EU-s homologiz\u00e1ci\u00f3s enged\u00e9llyel. Ugyanakkor az F-150 vagy \u00e9ppen a RAM 1500 eset\u00e9ben nincs ilyen a gy\u00e1rt\u00f3 mark\u00e1ban, ez\u00e9rt Eur\u00f3p\u00e1ban kiz\u00e1r\u00f3lag az Uni\u00f3 egyedi j\u00e1rm\u0171j\u00f3v\u00e1hagy\u00e1si (Individual Vehicle Approval (IVA)) elj\u00e1r\u00e1s\u00e1nak keret\u00e9ben kaphatnak rendsz\u00e1mot.<\/p>\n<p>\t\t\t\t<a href=\"https:\/\/www.autonavigator.hu\/cikkek\/kitiltana-piacarol-a-nagy-amerikai-pickupokat-az-eu\/2025-ram-1500-tungsten\/\" rel=\"nofollow noopener\" target=\"_blank\"><img loading=\"lazy\" decoding=\"async\" width=\"696\" height=\"464\" src=\"https:\/\/www.europesays.com\/hu\/wp-content\/uploads\/2026\/04\/NewRam1500_Tungsten-1200x800.webp.webp\" class=\"attachment-large size-large not-transparent\" alt=\"\" aria-describedby=\"gallery-2-780143\"   data-has-transparency=\"false\" data-dominant-color=\"4e3e31\" style=\"--dominant-color: #4e3e31;\"\/><\/a><\/p>\n<p>\t\t\t\t2025 Ram 1500 Tungsten<\/p>\n<p>2024-ben megk\u00f6zel\u00edt\u0151leg 7000 ilyen pickup ker\u00fclt a kontinens \u00fatjaira, ebb\u0151l mintegy 5200 a RAM gy\u00e1rtm\u00e1nya volt &#8211; \u00edrja az Automotive News Europe. A Transport &amp; Environment k\u00f6rnyezetv\u00e9delmi lobbicsoport szerint viszont m\u00e1r ez a sz\u00e1m is t\u00fal magas, mivel \u00e1ll\u00e1spontjuk szerint ezeknek pickupoknak terjed\u00e9se s\u00falyosan n\u00f6veli a baleseti kock\u00e1zatokat is, valamint az IVA a szab\u00e1lyok al\u00f3li kib\u00fav\u00e1si lehet\u0151s\u00e9get biztos\u00edt az aut\u00f3gy\u00e1rt\u00f3knak.<\/p>\n<p>\t\t\t\t<a href=\"https:\/\/www.autonavigator.hu\/cikkek\/kitiltana-piacarol-a-nagy-amerikai-pickupokat-az-eu\/2025-ram-1500-rho\/\" rel=\"nofollow noopener\" target=\"_blank\"><img loading=\"lazy\" decoding=\"async\" width=\"696\" height=\"463\" src=\"https:\/\/www.europesays.com\/hu\/wp-content\/uploads\/2026\/04\/2025Ram1500RHO-1200x799.webp.webp\" class=\"attachment-large size-large not-transparent\" alt=\"\"   data-has-transparency=\"false\" data-dominant-color=\"7e674a\" style=\"--dominant-color: #7e674a;\"\/><\/a><\/p>\n<p>A nagy amerikai pickupok k\u00f6r\u00fcli helyzet l\u00e1tsz\u00f3lag nem t\u0171nik l\u00e9tfontoss\u00e1g\u00fa k\u00e9rd\u00e9snek, viszont komoly konfliktust eredm\u00e9nyezhet Eur\u00f3pa \u00e9s az USA k\u00f6z\u00f6tt, annak ellen\u00e9re, hogy tavaly meg\u00e1llapodott egym\u00e1ssal a k\u00e9t blokk. Ennek \u00e9rtelm\u00e9ben az Egyes\u00fclt \u00c1llamok korm\u00e1nya 27,5 sz\u00e1zal\u00e9kr\u00f3l 15 sz\u00e1zal\u00e9kra cs\u00f6kkenti az \u00f6reg kontinensr\u0151l \u00e9rkez\u0151 aut\u00f3k v\u00e1mj\u00e1t, m\u00edg Eur\u00f3pa a 10 sz\u00e1zal\u00e9kos k\u00fcl\u00f6nad\u00f3t elt\u00f6rli &#8211; \u00e1ll a Financial Times egyik jelent\u00e9s\u00e9ben. Emellett a felek egy olyan keretrendszer kidolgoz\u00e1sa mellett is elk\u00f6telez\u0151dtek, amely k\u00f6zelebb hozza egym\u00e1shoz az USA \u00e9s Eur\u00f3pa g\u00e9pkocsikra vonatkoz\u00f3 szab\u00e1lyoz\u00e1s\u00e1t. B\u00e1r a meg\u00e1llapod\u00e1s m\u00e1r 2025-ben megsz\u00fcletett, azt az EU a mai napig nem ratifik\u00e1lta.<\/p>\n","protected":false},"excerpt":{"rendered":"M\u00e1r a t\u00f6rt\u00e9net elej\u00e9n fontos lesz\u00f6gezni, hogy a Ford Ranger \u00e9s az ehhez hasonl\u00f3 amerikai gy\u00e1rtm\u00e1ny\u00fa pickupok &#8222;biztons\u00e1gban&#8221;&hellip;\n","protected":false},"author":2,"featured_media":56948,"comment_status":"","ping_status":"","sticky":false,"template":"","format":"standard","meta":{"footnotes":"","_share_on_mastodon":"0"},"categories":[3],"tags":[22610,2586,107,22611,106,105,22612,42,43,22613],"class_list":["post-56947","post","type-post","status-publish","format-standard","has-post-thumbnail","category-europa","tag-amerikai-pickup","tag-autoipar","tag-eu","tag-eu-szabalyozas","tag-europa","tag-europe","tag-ford-f-150","tag-hungarian","tag-magyar","tag-ram-1500"],"share_on_mastodon":{"url":"https:\/\/pubeurope.com\/@hu\/116370120784405271","error":""},"_links":{"self":[{"href":"https:\/\/www.europesays.com\/hu\/wp-json\/wp\/v2\/posts\/56947","targetHints":{"allow":["GET"]}}],"collection":[{"href":"https:\/\/www.europesays.com\/hu\/wp-json\/wp\/v2\/posts"}],"about":[{"href":"https:\/\/www.europesays.com\/hu\/wp-json\/wp\/v2\/types\/post"}],"author":[{"embeddable":true,"href":"https:\/\/www.europesays.com\/hu\/wp-json\/wp\/v2\/users\/2"}],"replies":[{"embeddable":true,"href":"https:\/\/www.europesays.com\/hu\/wp-json\/wp\/v2\/comments?post=56947"}],"version-history":[{"count":0,"href":"https:\/\/www.europesays.com\/hu\/wp-json\/wp\/v2\/posts\/56947\/revisions"}],"wp:featuredmedia":[{"embeddable":true,"href":"https:\/\/www.europesays.com\/hu\/wp-json\/wp\/v2\/media\/56948"}],"wp:attachment":[{"href":"https:\/\/www.europesays.com\/hu\/wp-json\/wp\/v2\/media?parent=56947"}],"wp:term":[{"taxonomy":"category","embeddable":true,"href":"https:\/\/www.europesays.com\/hu\/wp-json\/wp\/v2\/categories?post=56947"},{"taxonomy":"post_tag","embeddable":true,"href":"https:\/\/www.europesays.com\/hu\/wp-json\/wp\/v2\/tags?post=56947"}],"curies":[{"name":"wp","href":"https:\/\/api.w.org\/{rel}","templated":true}]}}