{"id":58076,"date":"2026-04-09T16:21:06","date_gmt":"2026-04-09T16:21:06","guid":{"rendered":"https:\/\/www.europesays.com\/hu\/58076\/"},"modified":"2026-04-09T16:21:06","modified_gmt":"2026-04-09T16:21:06","slug":"megfogta-kezzel-az-atletico-vedoje-a-kapus-kiguritasat-a-barcelona-edzoje-felrobbant-a-duhtol-mert-nem-kaptak-tizenegyest","status":"publish","type":"post","link":"https:\/\/www.europesays.com\/hu\/58076\/","title":{"rendered":"Megfogta k\u00e9zzel az Atl\u00e9tico v\u00e9d\u0151je a kapus kigur\u00edt\u00e1s\u00e1t \u2013 a Barcelona edz\u0151je felrobbant a d\u00fcht\u0151l, mert nem kaptak tizenegyest"},"content":{"rendered":"<p>A Bajnokok Lig\u00e1ja negyedd\u00f6nt\u0151j\u00e9nek legnagyobb meglepet\u00e9s\u00e9t az Atl\u00e9tico Madrid okozta, miut\u00e1n 2\u20130-ra nyert a Barcelona vend\u00e9gek\u00e9nt. A vend\u00e9gcsapat edz\u0151je, Diego Simeone m\u00e9g sohasem t\u00e1vozott gy\u0151ztesk\u00e9nt a Nou Campb\u00f3l.<\/p>\n<p>Kov\u00e1cs Istv\u00e1n j\u00e1t\u00e9kvezet\u0151 a 41. percben el\u0151bb csak s\u00e1rga lapot akart adni az utols\u00f3 emberk\u00e9nt szab\u00e1lytalankod\u00f3 Cubars\u00ednak, de a vide\u00f3z\u00e1s ut\u00e1n m\u00f3dos\u00edtott \u00e1ll\u00e1spontj\u00e1n \u00e9s ki\u00e1ll\u00edtotta a k\u00f6z\u00e9ph\u00e1tv\u00e9det. M\u00e1r emiatt a d\u00f6nt\u00e9s is t\u00e1madj\u00e1k a rom\u00e1niai j\u00e1t\u00e9kvezet\u0151t \u2013 Thierry Henry <a href=\"https:\/\/www.mundodeportivo.com\/futbol\/fc-barcelona\/20260409\/1004167272\/thierry-henry-argumenta-motivos-roja-cubarsi.html\" target=\"_blank\" rel=\"nofollow noopener\">szerint az eredeti volt a helyes \u00edt\u00e9let<\/a>, mert nem uralta a labd\u00e1t a csat\u00e1r \u2013, de egy elmaradt tizenegyes miatt is a katal\u00e1n sajt\u00f3 c\u00e9lkeresztj\u00e9be ker\u00fclt.<\/p>\n<p>Az Atl\u00e9tico egy g\u00f3los vezet\u00e9s\u00e9n\u00e9l ugyanis Marc Pubill egy kapuskir\u00fag\u00e1s ut\u00e1n k\u00e9zzel <a href=\"https:\/\/www.reddit.com\/r\/soccer\/comments\/1sg5vb0\/pubill_picking_up_the_ball_with_his_hands_after\/?utm_source=share&amp;utm_medium=web3x&amp;utm_name=web3xcss&amp;utm_term=1&amp;utm_content=share_button\" target=\"_blank\" rel=\"nofollow noopener\">\u00e1ll\u00edtotta meg a labd\u00e1t az \u00f6t\u00f6s sark\u00e1n\u00e1l, ahogy a vide\u00f3n is l\u00e1that\u00f3.<\/a> Kov\u00e1cs \u00fagy \u00edt\u00e9lte meg, hogy Musso kapus nem kir\u00fag\u00e1st v\u00e9gzett el, ez\u00e9rt meg sem \u00e1ll\u00edtotta a j\u00e1t\u00e9kot.<\/p>\n<p>Ha b\u00fcntet\u0151t \u00edt\u00e9l, \u00e9s s\u00e1rga lapot ad Pubillnak, akkor az Atl\u00e9tico is megfogyatkozott volna, mert a v\u00e9d\u0151nek m\u00e1r volt egy. Egy\u00fattal nagy es\u00e9lyt kap a Barcelona az egyenl\u00edt\u00e9sre. Ut\u00e1na viszont kapott m\u00e9g egy g\u00f3lt, \u00edgy j\u00f6v\u0151 kedden k\u00e9tg\u00f3los h\u00e1tr\u00e1nyt kell ledolgozniuk a madridi visszav\u00e1g\u00f3n az el\u0151d\u00f6nt\u0151\u00e9rt.<\/p>\n<p>A n\u00e9met edz\u0151, Hansi Flick a meccs k\u00f6zben hevesen el\u00e9gedetlenkedett, ut\u00e1na is kifejezetten morcosan nyilatkozott, b\u00edr\u00e1lta a VAR-szob\u00e1ban \u00fcl\u0151ket is, p\u00e9ld\u00e1ul a szint\u00e9n n\u00e9met Christian Dingertet.<\/p>\n<p>\u201eMi a tizenegyes \u00e9s piros lap, ha nem ez? Elmagyar\u00e1zhatn\u00e1k nekem, hogy ezt az esetet mi\u00e9rt nem vizsg\u00e1lt\u00e1k meg a vide\u00f3szob\u00e1ban. Igazs\u00e1gtalan ez a d\u00f6nt\u00e9s, de el kell fogadnunk\u201d \u2013 <a href=\"https:\/\/www.mundodeportivo.com\/futbol\/fc-barcelona\/20260408\/1004167218\/flick-estalla-var.html\" target=\"_blank\" rel=\"nofollow noopener\">\u00e9rt\u00e9kelte az esetet.<\/a><\/p>\n<p>A BL-ben k\u00e9t \u00e9ve k\u00eds\u00e9rtetiesen hasonl\u00f3 jelenet fordult el\u0151, akkor a Bayern M\u00fcnchen \u00e9s az Arsenal m\u00e9rk\u0151z\u00e9s\u00e9n ugyan\u00fagy nagyvonal\u00faan tov\u00e1bbot intett a j\u00e1t\u00e9kvezet\u0151, amikor <a href=\"https:\/\/telex.hu\/sport\/2024\/04\/10\/arsenal-bayern-kezezes-jatekvezeto-vita\" class=\"\" rel=\"nofollow noopener\" target=\"_blank\">Raya passza ut\u00e1n Gabriel k\u00e9zzel \u00e9rt a labd\u00e1hoz.<\/a> A magyar bajnoks\u00e1gban a Ferencv\u00e1ros v\u00e9d\u0151je, <a href=\"https:\/\/telex.hu\/sport\/2025\/08\/10\/nyiregyhaza-ferencvaros-tizenegyes\" class=\"\" rel=\"nofollow noopener\" target=\"_blank\">Ciss\u00e9 ugyan\u00edgy meg\u00e9rintette a labd\u00e1t<\/a>, \u00e9s akkor a j\u00e1t\u00e9kvezet\u0151 haboz\u00e1s n\u00e9lk\u00fcl a b\u00fcntet\u0151pontra mutatott.<\/p>\n","protected":false},"excerpt":{"rendered":"A Bajnokok Lig\u00e1ja negyedd\u00f6nt\u0151j\u00e9nek legnagyobb meglepet\u00e9s\u00e9t az Atl\u00e9tico Madrid okozta, miut\u00e1n 2\u20130-ra nyert a Barcelona vend\u00e9gek\u00e9nt. A vend\u00e9gcsapat&hellip;\n","protected":false},"author":2,"featured_media":58078,"comment_status":"","ping_status":"","sticky":false,"template":"","format":"standard","meta":{"footnotes":"","_share_on_mastodon":"0"},"categories":[33],"tags":[4522,1812,1770,38,35,37,44,42,40,6494,43,41,34,45,36,39],"class_list":["post-58076","post","type-post","status-publish","format-standard","has-post-thumbnail","category-hirek","tag-atletico-madrid","tag-bajnokok-ligaja","tag-barcelona","tag-focimek","tag-headlines","tag-hirek","tag-hu","tag-hungarian","tag-hungary","tag-kovacs-istvan","tag-magyar","tag-magyarorszag","tag-news","tag-sport","tag-top-stories","tag-vezeto-hirek"],"share_on_mastodon":{"url":"https:\/\/pubeurope.com\/@hu\/116375668855404988","error":""},"_links":{"self":[{"href":"https:\/\/www.europesays.com\/hu\/wp-json\/wp\/v2\/posts\/58076","targetHints":{"allow":["GET"]}}],"collection":[{"href":"https:\/\/www.europesays.com\/hu\/wp-json\/wp\/v2\/posts"}],"about":[{"href":"https:\/\/www.europesays.com\/hu\/wp-json\/wp\/v2\/types\/post"}],"author":[{"embeddable":true,"href":"https:\/\/www.europesays.com\/hu\/wp-json\/wp\/v2\/users\/2"}],"replies":[{"embeddable":true,"href":"https:\/\/www.europesays.com\/hu\/wp-json\/wp\/v2\/comments?post=58076"}],"version-history":[{"count":0,"href":"https:\/\/www.europesays.com\/hu\/wp-json\/wp\/v2\/posts\/58076\/revisions"}],"wp:featuredmedia":[{"embeddable":true,"href":"https:\/\/www.europesays.com\/hu\/wp-json\/wp\/v2\/media\/58078"}],"wp:attachment":[{"href":"https:\/\/www.europesays.com\/hu\/wp-json\/wp\/v2\/media?parent=58076"}],"wp:term":[{"taxonomy":"category","embeddable":true,"href":"https:\/\/www.europesays.com\/hu\/wp-json\/wp\/v2\/categories?post=58076"},{"taxonomy":"post_tag","embeddable":true,"href":"https:\/\/www.europesays.com\/hu\/wp-json\/wp\/v2\/tags?post=58076"}],"curies":[{"name":"wp","href":"https:\/\/api.w.org\/{rel}","templated":true}]}}