{"id":59372,"date":"2026-04-10T17:58:11","date_gmt":"2026-04-10T17:58:11","guid":{"rendered":"https:\/\/www.europesays.com\/hu\/59372\/"},"modified":"2026-04-10T17:58:11","modified_gmt":"2026-04-10T17:58:11","slug":"index-futball-futball-vb-2026-18","status":"publish","type":"post","link":"https:\/\/www.europesays.com\/hu\/59372\/","title":{"rendered":"Index &#8211; Futball &#8211; Futball-vb 2026"},"content":{"rendered":"<p>\n                          A Nemzetk\u00f6zi Labdar\u00fag\u00f3 Sz\u00f6vets\u00e9g kijel\u00f6lte azoknak a j\u00e1t\u00e9kvezet\u0151knek a keret\u00e9t, akik k\u00f6zrem\u0171k\u00f6dnek majd az Egyes\u00fclt \u00c1llamokban, Kanad\u00e1ban \u00e9s Mexik\u00f3ban sorra ker\u00fcl\u0151 ny\u00e1ri vil\u00e1gbajnoks\u00e1gon.\n                        <\/p>\n<p>A FIFA honlapj\u00e1n k\u00f6zz\u00e9tett list\u00e1n 52 b\u00edr\u00f3, 88 asszisztens \u00e9s tov\u00e1bbi 30 VAR-b\u00edr\u00f3 szerepel. A j\u00e1t\u00e9kvezet\u0151k k\u00f6z\u00f6tt ott lesz a rom\u00e1niai Kov\u00e1cs Istv\u00e1n, aki m\u00e1r a 2022-es katari vb is ott volt, de csak tartal\u00e9k j\u00e1t\u00e9kvezet\u0151k\u00e9nt m\u0171k\u00f6d\u00f6tt k\u00f6zre.<\/p>\n<p>A vb-n dolgoz\u00f3 b\u00edr\u00f3k m\u00e1jus 31-\u00e9n, Miamiban kezdik meg a felk\u00e9sz\u00fcl\u00e9st a viadalra.\u00a0A torna j\u00fanius 11-\u00e9n kezd\u0151dik, a fin\u00e1l\u00e9t pedig j\u00falius 19-\u00e9n tartj\u00e1k.<\/p>\n<p>A vil\u00e1gtorna <a href=\"https:\/\/index.hu\/sport\/futball\/2026\/vb\/2026\/04\/05\/vilagbajnoksag-2026-mezony-erling-haaland-svedorszag-nyeretlenseg-curacao-zold-foki-szigetek-jordania-uzbegisztan\/\" id=\"hyperlink_d64b601d72bec6dbb95889a39aa906df\" target=\"_blank\" title=\"Meglep\u0151 els\u0151b\u00e1loz\u00f3k \u00e9s r\u00e9gi visszat\u00e9r\u0151k a vb-mez\u0151nyben, valakinek m\u00e9g a nyeretlens\u00e9g is belef\u00e9rt a kijut\u00e1shoz\" data-recommendation=\"bekezdes_utan\" data-recommendation-preview=\"{&quot;og:title&quot;:&quot;Meglep\\u0151 els\\u0151b\u00e1loz\u00f3k \u00e9s r\u00e9gi visszat\u00e9r\\u0151k a vb-mez\\u0151nyben, valakinek m\u00e9g a nyeretlens\u00e9g is belef\u00e9rt a kijut\u00e1shoz&quot;,&quot;og:description&quot;:&quot;Erling Haaland elk\u00e9peszt\\u0151 teljes\u00edtm\u00e9nye is kellett a k\u00f6zel harminc\u00e9ves norv\u00e9g \u00e1tok megt\u00f6r\u00e9s\u00e9hez.&quot;,&quot;og:image&quot;:&quot;\\\/\\\/kep.cdn.indexvas.hu\\\/1\\\/0\\\/6863\\\/68635\\\/686359\\\/68635983_5066207_9c74ca0456087b2aded97bd31b3b9d8d_wm.jpg&quot;}\" data-recommendation-id=\"6188309\" rel=\"nofollow noopener\">mez\u0151nye<\/a> az el\u0151z\u0151 h\u00e9ten v\u00e1lt v\u00e9glegess\u00e9, a legnagyobb hi\u00e1nyz\u00f3 most m\u00e1r sorozatban harmadik alkalommal <a href=\"https:\/\/index.hu\/sport\/futball\/2026\/vb\/2026\/03\/31\/olaszorszag-bosznia-hercegovina-vb-potselejtezo-2026-svedorszag-torokorszag-csehorszag\/\" id=\"hyperlink_033068b40c8d449ff04bc2277f025cae\" target=\"_blank\" title=\"Rettenetes ostobas\u00e1g ut\u00e1n szenvedtek t\u00f6rt\u00e9nelmi veres\u00e9get az olaszok, \u00e9s sorozatban harmadszor cs\u00fasztak le a vb-r\u0151l\" rel=\"nofollow noopener\">Olaszorsz\u00e1g lesz, amely a bosny\u00e1k v\u00e1logatott ellen szenvedett veres\u00e9get az eur\u00f3pai p\u00f3tselejtez\u0151ben<\/a>.<\/p>\n<p>A vb valamennyi m\u00e9rk\u0151z\u00e9s\u00e9t az M4 Sport \u00e9l\u0151ben k\u00f6zvet\u00edti.<\/p>\n<p>                        A vil\u00e1gbajnoks\u00e1g j\u00e1t\u00e9kvezet\u0151i<\/p>\n<p>\n                          Eur\u00f3pai labdar\u00fag\u00f3-sz\u00f6vets\u00e9g (UEFA)\n                        <\/p>\n<p>                        Alejandro Hern\u00e1ndez (spanyol),\u00a0Kov\u00e1cs Istv\u00e1n (rom\u00e1niai), Danny Makkelie (holland), Szymon Marciniak (lengyel), Francois Letexier (francia), Maurizio Mariani (olasz), Slavko Vincic (szlov\u00e9n),\u00a0Glenn Nyberg (sv\u00e9d), Michael Oliver (angol), Joao Pinheiro (portug\u00e1l), Sandro Schaerer (sv\u00e1jci), Anthony Taylor (angol), Cl\u00e9ment Turpin (francia), Felix Zwayer (n\u00e9met), Espen Eskas (norv\u00e9g)<\/p>\n<p>\n                          \u00c1zsiai Labdar\u00fag\u00f3-sz\u00f6vets\u00e9g (AFC)\n                        <\/p>\n<p>                        Abdulraman el-Jasszim (katari), Kalid el-Turajsz (sza\u00fadi), Araki Juszuke (jap\u00e1n), Alireza Faghani (ausztr\u00e1l), Omar Al Ali (egyes\u00fclet arab em\u00edrs\u00e9gekbeli), Ning Ma (k\u00ednai), Adam Mahadme (jord\u00e1n), Ilgiz Tantasev (\u00fczb\u00e9g)<\/p>\n<p>\n                          D\u00e9l-amerikai Labdar\u00fag\u00f3-sz\u00f6vets\u00e9g (CONMEBOL)\n                        <\/p>\n<p>                        Cristian Garay (chilei), Dar\u00edo Herrera (argentin),\u00a0Yael Falc\u00f3n P\u00e9rez (argentin), Kevin Ortega (perui),\u00a0Ram\u00f3n Abatti (brazil),\u00a0Andr\u00e9s Rojas (kolumbiai), Gustavo Tejera (uruguayi), Facundo Tello (argentin), Jes\u00fas Valenzuela (venezuelai), Wilton Sampaio (brazil),\u00a0Juan Gabriel Ben\u00edtez (paraguayi),\u00a0Raphael Claus (brazil)<\/p>\n<p>\n                          \u00c9szak- \u00e9s k\u00f6z\u00e9p-amerikai Labdar\u00fag\u00f3-sz\u00f6vets\u00e9g (CONCACAF)\n                        <\/p>\n<p>                        Drew Fischer (kanadai),\u00a0Katia Garc\u00eda (mexik\u00f3i), H\u00e9ctor Said Mart\u00ednez (hondurasi), Oshane Nation (jamaicai), Tori Penso (amerikai), C\u00e9sar Ramos (mexik\u00f3i), Ismail Elfath (amerikai), Juan Calder\u00f3n (Costa Rica-i), Ivan Barton (salvadori),\u00a0<\/p>\n<p>\n                          Afrikai Labdar\u00fag\u00f3-sz\u00f6vets\u00e9g (CAF)\n                        <\/p>\n<p>                        Mustapha Ghorbal (alg\u00e9riai), Amin Mohamed (egyiptomi),\u00a0Dzsalal Dzsajed (marokk\u00f3i),\u00a0Omar Abdulkadir Artan (szom\u00e1liai), Pierre Atcho (gaboni),\u00a0Dahane Beida (maurit\u00e1niai), Abongile Tom (d\u00e9l-afrikai)<\/p>\n<p>\n                          \u00d3ce\u00e1niai Labdar\u00fag\u00f3-sz\u00f6vets\u00e9g (OFC)\n                        <\/p>\n<p>                        Campbell-Kirk Kawana-Waugh (\u00faj-z\u00e9landi)<\/p>\n<p>\n                          (Index\/MTI)\n                        <\/p>\n<p>(Bor\u00edt\u00f3k\u00e9p:\u00a0 Robbie Jay Barratt &#8211; AMA )<\/p>\n<p>                <a href=\"https:\/\/konyvek.index.hu\/\" target=\"_blank\" rel=\"nofollow noopener\"><br \/>\n                <img decoding=\"async\" src=\"https:\/\/index.hu\/assets\/images\/konyvajanlo\/book_indapress\/book_indapress_logo.svg\" loading=\"lazy\" alt=\"Inda Press Kiad\u00f3\"\/><br \/>\n                <\/a><\/p>\n<p>                <img decoding=\"async\" src=\"https:\/\/www.europesays.com\/hu\/wp-content\/uploads\/2026\/04\/rossi.png\" loading=\"lazy\" alt=\"Rossi\"\/><\/p>\n<p>Ismerd meg a magyar labdar\u00fag\u00e1s h\u0151s\u00e9nek eml\u00e9kezetes pillanatait!<br \/>Folytassa, Mister!<\/p>\n<p>                <a class=\"book_index_btn\" href=\"https:\/\/indexadhu.hit.gemius.pl\/hitredir\/id=nSCbubuYpDWJZLZs0TssLrbt33Lk5kbipuiZrkg89G3.g7\/stparam=uciklwjurk\/fastid=efdamtuhsxcjschvtzobuxredglq\/nc=0\/url=https:\/\/www.indapresskiado.hu\/products\/marco-rossi?_pos=1&amp;_psq=rossi&amp;_ss=e&amp;_v=1.0\" target=\"_blank\" rel=\"nofollow noopener\">MEGVESZEM<\/a><\/p>\n<p>    <img loading=\"lazy\" decoding=\"async\" src=\"https:\/\/www.europesays.com\/hu\/wp-content\/uploads\/2026\/02\/1771583768_97_nc=0.gif\" border=\"0\" height=\"0\" width=\"0\"\/><\/p>\n<p>    <img decoding=\"async\" src=\"https:\/\/index.hu\/assets\/images\/social-follow\/logo-big.svg\" alt=\"Index.hu logo\"\/><\/p>\n<p>K\u00f6vesse az Indexet Facebookon is!<\/p>\n<p>    <a href=\"https:\/\/facebook.com\/Indexhu\" target=\"_blank\" rel=\"nofollow noopener\"><\/p>\n<p>        K\u00f6vetem!<br \/>\n    <\/a><\/p>\n","protected":false},"excerpt":{"rendered":"A Nemzetk\u00f6zi Labdar\u00fag\u00f3 Sz\u00f6vets\u00e9g kijel\u00f6lte azoknak a j\u00e1t\u00e9kvezet\u0151knek a keret\u00e9t, akik k\u00f6zrem\u0171k\u00f6dnek majd az Egyes\u00fclt \u00c1llamokban, Kanad\u00e1ban \u00e9s&hellip;\n","protected":false},"author":2,"featured_media":59373,"comment_status":"","ping_status":"","sticky":false,"template":"","format":"standard","meta":{"footnotes":"","_share_on_mastodon":"0"},"categories":[14],"tags":[553,44,42,40,11434,6494,502,43,41,45,131,4411],"class_list":["post-59372","post","type-post","status-publish","format-standard","has-post-thumbnail","category-sport","tag-futball","tag-hu","tag-hungarian","tag-hungary","tag-jatekvezeto","tag-kovacs-istvan","tag-labdarugas","tag-magyar","tag-magyarorszag","tag-sport","tag-sports","tag-vb-2026"],"share_on_mastodon":{"url":"https:\/\/pubeurope.com\/@hu\/116381712651051439","error":""},"_links":{"self":[{"href":"https:\/\/www.europesays.com\/hu\/wp-json\/wp\/v2\/posts\/59372","targetHints":{"allow":["GET"]}}],"collection":[{"href":"https:\/\/www.europesays.com\/hu\/wp-json\/wp\/v2\/posts"}],"about":[{"href":"https:\/\/www.europesays.com\/hu\/wp-json\/wp\/v2\/types\/post"}],"author":[{"embeddable":true,"href":"https:\/\/www.europesays.com\/hu\/wp-json\/wp\/v2\/users\/2"}],"replies":[{"embeddable":true,"href":"https:\/\/www.europesays.com\/hu\/wp-json\/wp\/v2\/comments?post=59372"}],"version-history":[{"count":0,"href":"https:\/\/www.europesays.com\/hu\/wp-json\/wp\/v2\/posts\/59372\/revisions"}],"wp:featuredmedia":[{"embeddable":true,"href":"https:\/\/www.europesays.com\/hu\/wp-json\/wp\/v2\/media\/59373"}],"wp:attachment":[{"href":"https:\/\/www.europesays.com\/hu\/wp-json\/wp\/v2\/media?parent=59372"}],"wp:term":[{"taxonomy":"category","embeddable":true,"href":"https:\/\/www.europesays.com\/hu\/wp-json\/wp\/v2\/categories?post=59372"},{"taxonomy":"post_tag","embeddable":true,"href":"https:\/\/www.europesays.com\/hu\/wp-json\/wp\/v2\/tags?post=59372"}],"curies":[{"name":"wp","href":"https:\/\/api.w.org\/{rel}","templated":true}]}}