{"id":63869,"date":"2026-04-15T05:28:05","date_gmt":"2026-04-15T05:28:05","guid":{"rendered":"https:\/\/www.europesays.com\/hu\/63869\/"},"modified":"2026-04-15T05:28:05","modified_gmt":"2026-04-15T05:28:05","slug":"55-evesen-fogyott-le-a-90-es-evek-magyar-enekesnoje-ra-se-ismerni-olyan-karcsu-lett-hazai-sztar","status":"publish","type":"post","link":"https:\/\/www.europesays.com\/hu\/63869\/","title":{"rendered":"55 \u00e9vesen fogyott le a 90-es \u00e9vek magyar \u00e9nekesn\u0151je: r\u00e1 se ismerni, olyan karcs\u00fa lett &#8211; Hazai szt\u00e1r"},"content":{"rendered":"<p>Pint\u00e1csi Viki mindig is leny\u0171g\u00f6zte az embereket ragyog\u00f3 megjelen\u00e9s\u00e9vel \u00e9s form\u00e1s alakj\u00e1val, \u00e1m az elm\u00falt id\u0151szakban l\u00e1tv\u00e1nyos v\u00e1ltoz\u00e1son ment kereszt\u00fcl.<\/p>\n<p>                        Pint\u00e1csi Viki ilyen karcs\u00fa lett<\/p>\n<p>B\u00e1r <a href=\"http:\/\/femina.hu\/hazai_sztar\/szandi-novere-viki\/\" id=\"hyperlink_eba9e91a982a5d0357321f25007034ea\" target=\"_blank\" title=\"Szandi 55 \u00e9ves n\u0151v\u00e9re fekete haj\u00fa bomb\u00e1z\u00f3: Vikir\u0151l sz\u00fclinapos fot\u00f3t posztolt\" rel=\"nofollow noopener\">Szandi n\u0151v\u00e9r\u00e9\u00e9rt<\/a> kor\u00e1bban is rajongtak a f\u00e9rfiak, az ut\u00f3bbi \u00e9vekben m\u00e1r nem \u00e9rezte igaz\u00e1n j\u00f3l mag\u00e1t a b\u0151r\u00e9ben, ez\u00e9rt \u00fagy d\u00f6nt\u00f6tt, \u00e9letm\u00f3dot v\u00e1lt. Ennek k\u00f6sz\u00f6nhet\u0151en f\u00e9l \u00e9v alatt 15 kil\u00f3t\u00f3l szabadult meg, \u00edgy nemcsak fizikailag lett eg\u00e9szs\u00e9gesebb, hanem lelkileg is sokkal kiegyens\u00falyozottabbnak \u00e9rzi mag\u00e1t. Mindez a <a href=\"https:\/\/tv2play.hu\/mokka\/a_spiritualitas_fele_fordult_pintacsi_viki_elo_adasban_arulta_el_az_okat_\" id=\"hyperlink_b125f9af61df013264f612ffaf89b038\" rel=\"nofollow noopener\" target=\"_blank\">Mokka<\/a> ad\u00e1s\u00e1ban is j\u00f3l l\u00e1tszott, ahol vend\u00e9gk\u00e9nt t\u0171nt fel.<\/p>\n<p>                            <img decoding=\"async\" id=\"kep_szerkfoto_image_68863837\" src=\"https:\/\/www.europesays.com\/hu\/wp-content\/uploads\/2026\/04\/68863837_429c8e48fea67b9df64d35ef5c919679_wm.png\" loading=\"lazy\" alt=\"Pint\u00e1csi Viki.png\" data-image_width=\"1229\" data-image_height=\"623\" width=\"1229\" height=\"623\"\/><\/p>\n<p>Pint\u00e1csi Viki \u00e9vek \u00f3ta foglalkozik csal\u00e1d\u00e1ll\u00edt\u00e1ssal, mostan\u00e1ban pedig a handpan j\u00e1t\u00e9k vil\u00e1g\u00e1ba is elm\u00e9lyedt.<\/p>\n<p>Id\u00e9n janu\u00e1rban megalakult a Mantra Flow nev\u0171 mantra zenekarom, ahol nagyon boldogan vagyok \u00e9nekesn\u0151, \u00e9s valami\u00e9rt j\u00f6tt egy olyan \u00e9rz\u00e9sem, egy intu\u00edci\u00f3m, hogy valami hangszeren k\u00e9ne m\u00e9g j\u00e1tszanom, hogy a zene alkot\u00e1s\u00e1ban is r\u00e9szt vegyek.<\/p>\n<p>&#8211; Minim\u00e1lisan j\u00e1tszom zongor\u00e1n, annyira, hogy az \u00e9nek\u00f3r\u00e1kon a sk\u00e1l\u00e1ztat\u00e1st meg tudom oldani, de nem tudn\u00e9k szintetiz\u00e1toron j\u00e1tszani ezekben a dalokban sem, \u00e9s akkor j\u00f6tt egy ilyen intu\u00edci\u00f3 \u00e9s gyakorlatilag p\u00e1r napon bel\u00fcl ott volt a lehet\u0151s\u00e9g, hogy kipr\u00f3b\u00e1lhattam, kedvez\u0151en megv\u00e1s\u00e1rolhattam, \u00e9s az\u00f3ta \u00f6ssze vagyunk rezegve \u2013 mes\u00e9lte boldogan az \u00e9nekesn\u0151.\u00a0<\/p>\n<p>B\u00e1r nem tartja mag\u00e1t profi zen\u00e9sznek, az \u00e9l\u0151 m\u0171sorban m\u00e9gis egy gy\u00f6ny\u00f6r\u0171 dalt adott el\u0151. L\u00e1that\u00f3an teljes \u00f6sszhangban van \u00f6nmag\u00e1val, testileg \u00e9s lelkileg egyar\u00e1nt, ennek k\u00f6sz\u00f6nhet\u0151en pedig egyszer\u0171en ragyogott a kamer\u00e1k el\u0151tt.<\/p>\n<p>Kor\u00e1bban a <a href=\"http:\/\/femina.hu\/hazai_sztar\/pintacsi-viki-sztarformaban\/\" id=\"hyperlink_3d87738e50d3eaa4524d170124d05d03\" target=\"_blank\" title=\"Pint\u00e1csi Viki 55 \u00e9vesen gy\u00f6ny\u00f6r\u0171bb, mint valaha: a Femin\u00e1nak \u00e1rulta el, mit\u0151l ilyen sug\u00e1rz\u00f3\" rel=\"nofollow noopener\">Femina Szt\u00e1rform\u00e1ban<\/a> c\u00edm\u0171 interj\u00faban is besz\u00e9lt arr\u00f3l, milyen \u00fat vezetett od\u00e1ig, hogy ma ilyen irigyl\u00e9sre m\u00e9lt\u00f3 form\u00e1ban van.<\/p>\n<p>                                    <a href=\"https:\/\/femina.hu\/hazai_sztar\/monique-covet-2026\/\" title=\"\" rel=\"nofollow noopener\" target=\"_blank\"><br \/>\n                                    <img decoding=\"async\" src=\"https:\/\/www.europesays.com\/hu\/wp-content\/uploads\/2026\/04\/67130511_4956531_2ddef77622a410890606602c56385639_wm.jpg\" alt=\"\" title=\"\"\/><br \/>\n                                <\/a><\/p>\n<p>                                A legismertebb magyar feln\u0151tt filmes sz\u00edn\u00e9szn\u0151 volt: 49 \u00e9vesen \u00edgy n\u00e9z ki<\/p>\n<p class=\"lead\">Monique Cov\u00e9t vil\u00e1gszerte ismert magyar feln\u0151ttfilmes sz\u00edn\u00e9szn\u0151 volt, mutatjuk, hogy n\u00e9z ki most.<\/p>\n<p>                                <a href=\"https:\/\/femina.hu\/hazai_sztar\/monique-covet-2026\/\" class=\"btn btn-normal\" rel=\"nofollow noopener\" target=\"_blank\">Elolvasom<\/a><\/p>\n<p>\n                          Cover-fot\u00f3: Trenka Attila\/Profim\u00e9dia\n                        <\/p>\n<p>                                    <img loading=\"lazy\" decoding=\"async\" src=\"https:\/\/www.europesays.com\/hu\/wp-content\/uploads\/2026\/04\/1775923819_34_68204953_20bb222a049bca551bfa29b6ef389012_wm.jpg\" width=\"200\" height=\"290\" alt=\"\"\/><br \/>\n                            \t    \tA benn\u00fcnk \u00e9l\u0151 n\u0151k &#8211; Hol az egyens\u00faly a megfelel\u00e9s \u00e9s az \u00f6nazonoss\u00e1g k\u00f6z\u00f6tt?<\/p>\n<p>A 21. sz\u00e1zadi n\u0151 minden szerepben helyt \u00e1ll: dolgozik, \u00e9desanya, t\u00e1rs, bar\u00e1t, gondoskod\u00f3, \u00e9s k\u00f6zben pr\u00f3b\u00e1l \u00f6nmaga is maradni. Hogyan lehet lav\u00edrozni a rohan\u00f3 mindennapok, a teljes\u00edtm\u00e9nyk\u00e9nyszer \u00e9s a saj\u00e1t lelki b\u00e9k\u00e9nk k\u00f6z\u00f6tt? Hogyan tal\u00e1ljuk meg az egyens\u00falyt szerepeink k\u00f6z\u00f6tt?\u00a0Er\u0151s Ant\u00f3nia \u00e9s Pokorny Lia besz\u00e9lgetnek j\u00fanius 1-j\u00e9n a MOMkultban arr\u00f3l, mit jelent ma n\u0151nek lenni: hogyan lehet egyszerre helyt \u00e1llni a munka, a csal\u00e1d \u00e9s a saj\u00e1t v\u00e1gyak vil\u00e1g\u00e1ban, mik\u00f6zben meg\u0151rizz\u00fck \u00f6nmagunkat, bels\u0151 er\u0151nket \u00e9s harm\u00f3ni\u00e1nkat.\u00a0<\/p>\n<p><a href=\"https:\/\/indaevents.hu\/\/e\/erosantonia-pokornylia\" rel=\"nofollow noopener\" target=\"_blank\">Biztos\u00edtsd be a helyed most!<\/a><\/p>\n<p class=\"promocio\">Prom\u00f3ci\u00f3<\/p>\n","protected":false},"excerpt":{"rendered":"Pint\u00e1csi Viki mindig is leny\u0171g\u00f6zte az embereket ragyog\u00f3 megjelen\u00e9s\u00e9vel \u00e9s form\u00e1s alakj\u00e1val, \u00e1m az elm\u00falt id\u0151szakban l\u00e1tv\u00e1nyos v\u00e1ltoz\u00e1son&hellip;\n","protected":false},"author":2,"featured_media":63870,"comment_status":"","ping_status":"","sticky":false,"template":"","format":"standard","meta":{"footnotes":"","_share_on_mastodon":"0"},"categories":[21],"tags":[198,329,137,206,199,44,42,40,1661,43,41,204,24329,138,205],"class_list":["post-63869","post","type-post","status-publish","format-standard","has-post-thumbnail","category-hiressegek","tag-celebrities","tag-enekesno","tag-entertainment","tag-hazai-sztar","tag-hiressegek","tag-hu","tag-hungarian","tag-hungary","tag-igy-nez-ki-most","tag-magyar","tag-magyarorszag","tag-mokka","tag-pintacsi-viktoria","tag-szorakozas","tag-sztar"],"share_on_mastodon":{"url":"https:\/\/pubeurope.com\/@hu\/116407075032581583","error":""},"_links":{"self":[{"href":"https:\/\/www.europesays.com\/hu\/wp-json\/wp\/v2\/posts\/63869","targetHints":{"allow":["GET"]}}],"collection":[{"href":"https:\/\/www.europesays.com\/hu\/wp-json\/wp\/v2\/posts"}],"about":[{"href":"https:\/\/www.europesays.com\/hu\/wp-json\/wp\/v2\/types\/post"}],"author":[{"embeddable":true,"href":"https:\/\/www.europesays.com\/hu\/wp-json\/wp\/v2\/users\/2"}],"replies":[{"embeddable":true,"href":"https:\/\/www.europesays.com\/hu\/wp-json\/wp\/v2\/comments?post=63869"}],"version-history":[{"count":0,"href":"https:\/\/www.europesays.com\/hu\/wp-json\/wp\/v2\/posts\/63869\/revisions"}],"wp:featuredmedia":[{"embeddable":true,"href":"https:\/\/www.europesays.com\/hu\/wp-json\/wp\/v2\/media\/63870"}],"wp:attachment":[{"href":"https:\/\/www.europesays.com\/hu\/wp-json\/wp\/v2\/media?parent=63869"}],"wp:term":[{"taxonomy":"category","embeddable":true,"href":"https:\/\/www.europesays.com\/hu\/wp-json\/wp\/v2\/categories?post=63869"},{"taxonomy":"post_tag","embeddable":true,"href":"https:\/\/www.europesays.com\/hu\/wp-json\/wp\/v2\/tags?post=63869"}],"curies":[{"name":"wp","href":"https:\/\/api.w.org\/{rel}","templated":true}]}}