{"id":64402,"date":"2026-04-15T14:16:13","date_gmt":"2026-04-15T14:16:13","guid":{"rendered":"https:\/\/www.europesays.com\/hu\/64402\/"},"modified":"2026-04-15T14:16:13","modified_gmt":"2026-04-15T14:16:13","slug":"tulzsufoltsag-es-vihar-donthette-fel-a-menekulthajot-250-embernek-nyoma-veszett","status":"publish","type":"post","link":"https:\/\/www.europesays.com\/hu\/64402\/","title":{"rendered":"T\u00falzs\u00fafolts\u00e1g \u00e9s vihar d\u00f6nthette fel a menek\u00fclthaj\u00f3t, 250 embernek nyoma veszett"},"content":{"rendered":"<p class=\"\">\n    Mintegy 250 ember \u2013 t\u00f6bbs\u00e9g\u00e9ben rohingya menek\u00fcltek \u00e9s bangladesiek, k\u00f6zt\u00fck gyerekek &#8211; t\u0171nt el az Andam\u00e1n-tengeren, miut\u00e1n a haj\u00f3juk felborult a m\u00falt h\u00e9ten &#8211; k\u00f6z\u00f6lte az ENSZ Menek\u00fclt\u00fcgyi F\u0151biztoss\u00e1ga \u00e9s a Nemzetk\u00f6zi Migr\u00e1ci\u00f3s Szervezet.\n  <\/p>\n<p class=\"\">\n    A Bangladesb\u0151l Malajzi\u00e1ba tart\u00f3 hal\u00e1szhaj\u00f3 a <a href=\"https:\/\/www.bbc.com\/news\/articles\/cz6778j78vlo\" target=\"_blank\" rel=\"nofollow noopener\">BBC \u00e9rtes\u00fcl\u00e9sei<\/a> szerint feltehet\u0151en az er\u0151s sz\u00e9l, a viharos tenger \u00e9s a t\u00falzs\u00fafolts\u00e1g miatt s\u00fcllyedt el. A bangladesi parti \u0151rs\u00e9g arr\u00f3l sz\u00e1molt be, hogy \u00e1prilis 9-\u00e9n kilenc embert siker\u00fclt kimenteni, de nem tudni pontosan, mikor t\u00f6rt\u00e9nt a baleset.\n  <\/p>\n<p>    <a href=\"https:\/\/www.europesays.com\/hu\/wp-content\/uploads\/2026\/04\/8KU5Mg3lKl9Q1PewRs.jpeg\" class=\"uwwrama _1chu0ywg _8b6bx65\" rel=\"nofollow\"><\/p>\n<p>  <img decoding=\"async\" loading=\"lazy\" src=\"https:\/\/www.europesays.com\/hu\/wp-content\/uploads\/2026\/04\/8KU5Mg3lKl9Q1PewRs.jpeg\"   class=\"_672m2jd _1chu0ywo ta3a4c1ey ta3a4c1aa he2knv4 ta3a4c1ey ta3a4czs\" style=\"--_672m2j6:1.50;--_672m2j5:2560px 1707px\" alt=\"\"\/><\/p>\n<p>      <\/a><\/p>\n<p>\n              Egy rohingya menek\u00fclteket sz\u00e1ll\u00edt\u00f3 haj\u00f3 (balra) 2024. okt\u00f3ber 23-\u00e1n.<\/p>\n<p>\n              Fot\u00f3:<br \/>\n                CHAIDEER MAHYUDDIN\/AFP\n            <\/p>\n<p class=\"\">\n    A trag\u00e9dia h\u00e1tter\u00e9ben egy r\u00e9g\u00f3ta h\u00faz\u00f3d\u00f3 menek\u00fcltv\u00e1ls\u00e1g \u00e1ll. A rohingy\u00e1k \u2013 Mianmar egyik \u00fcld\u00f6z\u00f6tt etnikai kisebbs\u00e9ge \u2013 sz\u00e1zezres nagys\u00e1grendben menek\u00fcltek \u00e1t Bangladesbe a 2017-es, v\u00e9res katonai fell\u00e9p\u00e9s ut\u00e1n. A t\u00falnyom\u00f3r\u00e9szt muszlim k\u00f6z\u00f6ss\u00e9get a buddhista t\u00f6bbs\u00e9g\u0171 orsz\u00e1gban m\u00e1ig nem ismerik el \u00e1llampolg\u00e1rk\u00e9nt.\n  <\/p>\n<p class=\"\">\n    B\u00e1r Banglades mened\u00e9ket ny\u00fajtott sz\u00e1mukra, a menek\u00fcltt\u00e1borokban uralkod\u00f3 rossz \u00e9letk\u00f6r\u00fclm\u00e9nyek miatt sokan tov\u00e1bbindulnak. C\u00e9ljuk gyakran Malajzia, amelyet biztons\u00e1gosabb \u00e9s jobb meg\u00e9lhet\u00e9st k\u00edn\u00e1l\u00f3 orsz\u00e1gnak tartanak. Az utaz\u00e1s azonban rendk\u00edv\u00fcl vesz\u00e9lyes: a menek\u00fcltek gyakran t\u00falzs\u00fafolt, rossz \u00e1llapot\u00fa haj\u00f3kon kelnek \u00fatra.\n  <\/p>\n<p class=\"\">\n    Egy t\u00fal\u00e9l\u0151, Rafiqul Islam az AFP-nek arr\u00f3l besz\u00e9lt, hogy k\u00f6zel 36 \u00f3r\u00e1n \u00e1t sodr\u00f3dott a tengeren, miel\u0151tt kimentett\u00e9k. Elmond\u00e1sa szerint a haj\u00f3b\u00f3l kifolyt \u00fczemanyag \u00e9g\u00e9si s\u00e9r\u00fcl\u00e9seket okozott neki. A 40 \u00e9ves f\u00e9rfit a malajziai munkalehet\u0151s\u00e9g \u00edg\u00e9rete vette r\u00e1 az \u00fatra.\n  <\/p>\n<p class=\"\">\n    Az ENSZ szerint a mostani katasztr\u00f3fa is azt mutatja, milyen s\u00falyos k\u00f6vetkezm\u00e9nyei vannak annak, hogy a rohingy\u00e1k helyzete \u00e9vek \u00f3ta megoldatlan. A mianmari Rakhine \u00e1llamban tov\u00e1bbra is er\u0151szak zajlik, ami \u201eelhalv\u00e1ny\u00edtja a biztons\u00e1gos hazat\u00e9r\u00e9s rem\u00e9ny\u00e9t\u201d, mik\u00f6zben a cs\u00f6kken\u0151 nemzetk\u00f6zi t\u00e1mogat\u00e1s \u00e9s a t\u00e1borok neh\u00e9z k\u00f6r\u00fclm\u00e9nyei sokakat arra k\u00e9nyszer\u00edtenek, hogy \u00e9letvesz\u00e9lyes tengeri \u00fatra induljanak.\n  <\/p>\n<p class=\"\">\n    Az ilyen haj\u00f3k gyakran nem rendelkeznek alapvet\u0151 felszerel\u00e9sekkel, p\u00e9ld\u00e1ul iv\u00f3v\u00edzzel vagy megfelel\u0151 higi\u00e9niai k\u00f6r\u00fclm\u00e9nyekkel, \u00e9s sok esetben nem jutnak el a c\u00e9ljukig. Vannak, akik \u00fatk\u00f6zben meghalnak, m\u00e1sokat a hat\u00f3s\u00e1gok feltart\u00f3ztatnak vagy visszak\u00fcldenek.\n  <\/p>\n<p class=\"\">\n    Nem ritka az sem, hogy a menek\u00fclteket m\u00e1r a partok k\u00f6zel\u00e9ben visszaford\u00edtj\u00e1k. 2025 janu\u00e1rj\u00e1ban p\u00e9ld\u00e1ul Malajzia k\u00e9t haj\u00f3t is visszak\u00fcld\u00f6tt mintegy 300 emberrel a fed\u00e9lzeten, miut\u00e1n \u00e9lelmet \u00e9s vizet adott nekik.\n  <\/p>\n<p class=\"\">\n    \u201eAz emberek meghalnak a harcokban, meghalnak az \u00e9hs\u00e9gt\u0151l. Egyesek ez\u00e9rt ink\u00e1bb a tengeren haln\u00e1nak meg, mint hogy itt haljanak meg lassan\u201d \u2013 mondta kor\u00e1bban a Reutersnek egy rohingya menek\u00fclt a bangladesi Cox\u2019s Bazarban.\n  <\/p>\n<p class=\"\">\n    Az ENSZ-szervezetek keddi k\u00f6zlem\u00e9ny\u00fckben arra k\u00e9rt\u00e9k a nemzetk\u00f6zi k\u00f6z\u00f6ss\u00e9get, hogy ne cs\u00f6kkents\u00e9k a rohingya menek\u00fcltek \u00e9s a bangladesi befogad\u00f3 k\u00f6z\u00f6ss\u00e9gek t\u00e1mogat\u00e1s\u00e1t. Figyelmeztettek: a mostani trag\u00e9dia is azt jelzi, s\u00fcrg\u0151sen kezelni kell a mianmari elv\u00e1ndorl\u00e1s kiv\u00e1lt\u00f3 okait, \u00e9s olyan felt\u00e9teleket kell teremteni, amelyek lehet\u0151v\u00e9 teszik a menek\u00fcltek \u00f6nk\u00e9ntes, biztons\u00e1gos \u00e9s m\u00e9lt\u00f3s\u00e1gteljes hazat\u00e9r\u00e9s\u00e9t.\n  <\/p>\n","protected":false},"excerpt":{"rendered":"Mintegy 250 ember \u2013 t\u00f6bbs\u00e9g\u00e9ben rohingya menek\u00fcltek \u00e9s bangladesiek, k\u00f6zt\u00fck gyerekek &#8211; t\u0171nt el az Andam\u00e1n-tengeren, miut\u00e1n a&hellip;\n","protected":false},"author":2,"featured_media":64403,"comment_status":"","ping_status":"","sticky":false,"template":"","format":"standard","meta":{"footnotes":"","_share_on_mastodon":"0"},"categories":[8],"tags":[24501,10923,24500,24504,42,64,43,10460,24503,24506,34,24505,24502,24507,94,93,92],"class_list":["post-64402","post","type-post","status-publish","format-standard","has-post-thumbnail","category-vilag","tag-andaman-tenger","tag-banglades","tag-coxs-bazar","tag-ensz-menekultugyi-fobiztossaga","tag-hungarian","tag-kulfold","tag-magyar","tag-malajzia","tag-mianmar","tag-nemzetkozi-migracios-szervezet","tag-news","tag-rafiqul-islam","tag-rakhine-allam","tag-rohingja-menekultek","tag-vilag","tag-world","tag-world-news"],"share_on_mastodon":{"url":"https:\/\/pubeurope.com\/@hu\/116409151398880065","error":""},"_links":{"self":[{"href":"https:\/\/www.europesays.com\/hu\/wp-json\/wp\/v2\/posts\/64402","targetHints":{"allow":["GET"]}}],"collection":[{"href":"https:\/\/www.europesays.com\/hu\/wp-json\/wp\/v2\/posts"}],"about":[{"href":"https:\/\/www.europesays.com\/hu\/wp-json\/wp\/v2\/types\/post"}],"author":[{"embeddable":true,"href":"https:\/\/www.europesays.com\/hu\/wp-json\/wp\/v2\/users\/2"}],"replies":[{"embeddable":true,"href":"https:\/\/www.europesays.com\/hu\/wp-json\/wp\/v2\/comments?post=64402"}],"version-history":[{"count":0,"href":"https:\/\/www.europesays.com\/hu\/wp-json\/wp\/v2\/posts\/64402\/revisions"}],"wp:featuredmedia":[{"embeddable":true,"href":"https:\/\/www.europesays.com\/hu\/wp-json\/wp\/v2\/media\/64403"}],"wp:attachment":[{"href":"https:\/\/www.europesays.com\/hu\/wp-json\/wp\/v2\/media?parent=64402"}],"wp:term":[{"taxonomy":"category","embeddable":true,"href":"https:\/\/www.europesays.com\/hu\/wp-json\/wp\/v2\/categories?post=64402"},{"taxonomy":"post_tag","embeddable":true,"href":"https:\/\/www.europesays.com\/hu\/wp-json\/wp\/v2\/tags?post=64402"}],"curies":[{"name":"wp","href":"https:\/\/api.w.org\/{rel}","templated":true}]}}