{"id":65071,"date":"2026-04-16T05:52:15","date_gmt":"2026-04-16T05:52:15","guid":{"rendered":"https:\/\/www.europesays.com\/hu\/65071\/"},"modified":"2026-04-16T05:52:15","modified_gmt":"2026-04-16T05:52:15","slug":"a-kia-seltos-most-lett-igazan-erdekes-megerkeztek-a-pontos-muszaki-adatok","status":"publish","type":"post","link":"https:\/\/www.europesays.com\/hu\/65071\/","title":{"rendered":"A Kia Seltos most lett igaz\u00e1n \u00e9rdekes \u2013 meg\u00e9rkeztek a pontos m\u0171szaki adatok"},"content":{"rendered":"<p>\t\t\t\t<a href=\"https:\/\/www.autonavigator.hu\/cikkek\/a-kia-seltos-most-lett-igazan-erdekes-megerkeztek-a-pontos-muszaki-adatok\/31262-all-new-kia-seltos-ice-baseline-eu-pale-grey-3\/\" rel=\"nofollow noopener\" target=\"_blank\"><img fetchpriority=\"high\" decoding=\"async\" width=\"696\" height=\"464\" src=\"https:\/\/www.europesays.com\/hu\/wp-content\/uploads\/2026\/04\/31262-all-new-kia-seltos-ice-baseline-eu-pale-grey-3-1200x800.webp.webp\" class=\"attachment-large size-large not-transparent\" alt=\"\"   data-has-transparency=\"false\" data-dominant-color=\"898d91\" style=\"--dominant-color: #898d91;\"\/><\/a><\/p>\n<p data-start=\"536\" data-end=\"855\">A <a href=\"https:\/\/www.autonavigator.hu\/cikkek\/europaba-is-erkezik-a-kia-uj-suv-ja-ime-a-seltos\/\" rel=\"nofollow noopener\" target=\"_blank\">Seltos<\/a> m\u00e9retei \u00e9s az alapkarakter nem v\u00e1ltozott, tov\u00e1bbra is a Stonic \u00e9s a Sportage k\u00f6z\u00e9 \u00e9rkezik, 4430 millim\u00e9teres hossz\u00e1val \u00e9s 2690 millim\u00e9teres tengelyt\u00e1vj\u00e1val. A robusztus megjelen\u00e9s \u00e9s a klasszikus SUV-ar\u00e1nyok megmaradtak, viszont a technika m\u00f6g\u00f6tte j\u00f3val komolyabbat l\u00e9pett el\u0151re ann\u00e1l, mint amit els\u0151re kommunik\u00e1ltak. A legnagyobb k\u00e9rd\u00e9s eddig egy\u00e9rtelm\u0171en a hajt\u00e1s volt, \u00e9s itt j\u00f6tt az igazi \u00fajdons\u00e1g is. A benzines verzi\u00f3 egy 1,6 literes T-GDI turb\u00f3motorral \u00e9rkezik, amely 180 l\u00f3er\u0151t \u00e9s 265 Nm nyomat\u00e9kot ad le. Ehhez hatfokozat\u00fa manu\u00e1lis vagy h\u00e9tfokozat\u00fa duplakuplungos automata v\u00e1lt\u00f3 t\u00e1rsul, \u00e9s nem csak els\u0151, hanem \u00f6sszker\u00e9khajt\u00e1ssal is el\u00e9rhet\u0151 lesz.<img loading=\"lazy\" data-dominant-color=\"888e93\" data-has-transparency=\"false\" style=\"--dominant-color: #888e93;\" decoding=\"async\" class=\"alignnone size-medium wp-image-780603 not-transparent\" src=\"https:\/\/www.europesays.com\/hu\/wp-content\/uploads\/2026\/04\/Az-uj-Kia-Seltos-5-800x450.webp.webp\" alt=\"\" width=\"800\" height=\"450\"  \/><\/p>\n<p data-start=\"1233\" data-end=\"1651\">A hibrid v\u00e1ltozat sem marad meg egy egyszer\u0171, takar\u00e9kos alternat\u00edv\u00e1nak. K\u00e9tf\u00e9le teljes\u00edtm\u00e9nyszinten \u00e9rkezik, els\u0151ker\u00e9k-hajt\u00e1ssal 154 l\u00f3er\u0151t, m\u00edg az \u00faj e-AWD rendszerrel 178 l\u00f3er\u0151t k\u00edn\u00e1l. Ez ut\u00f3bbi k\u00fcl\u00f6n\u00f6sen \u00e9rdekes, mert a Hyundai Motor Group most el\u0151sz\u00f6r alkalmazza ezt a megold\u00e1st ebben a kateg\u00f3ri\u00e1ban, intelligens nyomat\u00e9keloszt\u00e1ssal, ami val\u00f3ban \u00e9rezhet\u0151en jav\u00edthatja a tapad\u00e1st \u00e9s a stabilit\u00e1st.<\/p>\n<p><img loading=\"lazy\" data-dominant-color=\"84888c\" data-has-transparency=\"false\" style=\"--dominant-color: #84888c;\" decoding=\"async\" class=\"size-medium wp-image-780601 not-transparent\" src=\"https:\/\/www.europesays.com\/hu\/wp-content\/uploads\/2026\/04\/Az-uj-Kia-Seltos-3-800x450.webp.webp\" alt=\"Az u\u0301j Kia Seltos \" width=\"800\" height=\"450\"  \/>A fut\u00f3m\u0171 el\u00f6l MacPherson, h\u00e1tul felszerelts\u00e9gt\u0151l f\u00fcgg\u0151en torzi\u00f3s h\u00eddas vagy t\u00f6bb leng\u0151karos kialak\u00edt\u00e1st kap, ami szint\u00e9n arra utal, hogy a Seltos nem csak v\u00e1rosi crossover akar lenni.<\/p>\n<p>EV-s technika egy hibridben<\/p>\n<p data-start=\"1872\" data-end=\"2168\">A m\u00e1sik olyan pont, ami eddig nem volt tiszta, a V2L funkci\u00f3. A Seltos az els\u0151 hibrid a konszernen bel\u00fcl, amely k\u00e9pes k\u00fcls\u0151 eszk\u00f6z\u00f6k energiaell\u00e1t\u00e1s\u00e1ra, teh\u00e1t konkr\u00e9tan haszn\u00e1lhat\u00f3 \u00e1ramforr\u00e1sk\u00e9nt is. Ez eddig ink\u00e1bb az elektromos modellek saj\u00e1tja volt. Ehhez t\u00e1rsul a Drive Mode Select rendszer, Eco, Normal \u00e9s Sport m\u00f3dokkal, valamint a Stay Mode, amely \u00e1ll\u00f3 helyzetben is k\u00e9pes komfortos utasteret biztos\u00edtani.<\/p>\n<p>Digit\u00e1lis utast\u00e9r, de nem kell mindent tapizni<\/p>\n<p data-start=\"2378\" data-end=\"2649\">A kor\u00e1bban eml\u00edtett 30 colos kijelz\u0151rendszerr\u0151l most m\u00e1r pontosabb param\u00e9terek is \u00e9rkeztek. K\u00e9t darab 12,3 colos kijelz\u0151b\u0151l \u00e9s egy 5,3 colos kl\u00edmapanelb\u0151l \u00e1ll, egys\u00e9ges grafikai fel\u00fclettel. A rendszer OTA friss\u00edt\u00e9seket kap, \u00e9s a ChatGPT-alap\u00fa AI asszisztens is m\u00e1r biztosan beker\u00fcl. Fontos r\u00e9szlet, hogy a fizikai gombok megmaradtak, \u00edgy a legfontosabb funkci\u00f3k tov\u00e1bbra is gyorsan el\u00e9rhet\u0151k. A 100 wattos USB t\u00f6lt\u00e9s, a 64 sz\u00edn\u0171 hangulatvil\u00e1g\u00edt\u00e1s \u00e9s a Harman Kardon hangrendszer mind a felszerelts\u00e9gi szintet er\u0151s\u00edtik.<\/p>\n<p data-start=\"2378\" data-end=\"2649\"><img loading=\"lazy\" data-dominant-color=\"40494b\" data-has-transparency=\"false\" style=\"--dominant-color: #40494b;\" decoding=\"async\" class=\"alignnone size-medium wp-image-780600 not-transparent\" src=\"https:\/\/www.europesays.com\/hu\/wp-content\/uploads\/2026\/04\/Az-uj-Kia-Seltos-2-800x450.webp.webp\" alt=\"\" width=\"800\" height=\"450\"  \/><\/p>\n<p>Biztons\u00e1g \u00e9s vezet\u00e9st\u00e1mogat\u00e1s<\/p>\n<p data-start=\"2922\" data-end=\"3222\">A vezet\u00e9st\u00e1mogat\u00f3 rendszerek list\u00e1ja is konkretiz\u00e1l\u00f3dott. A Seltos megkapja a 2-es szint\u0171 csomagot, benne az aut\u00f3p\u00e1lya asszisztenssel, adapt\u00edv tempomattal, s\u00e1vtart\u00e1ssal \u00e9s fejlett \u00fctk\u00f6z\u00e9smegel\u0151z\u0151 rendszerrel. Emellett el\u00e9rhet\u0151 a 360 fokos kamerarendszer \u00e9s a hibrid v\u00e1ltozatn\u00e1l az \u00f6nparkol\u00e1s funkci\u00f3 is. A head-up display szint\u00e9n beker\u00fclt a k\u00edn\u00e1latba, ami k\u00f6zvetlen\u00fcl a sz\u00e9lv\u00e9d\u0151re vet\u00edti a legfontosabb inform\u00e1ci\u00f3kat.<\/p>\n<p><img loading=\"lazy\" data-dominant-color=\"4a5052\" data-has-transparency=\"false\" style=\"--dominant-color: #4a5052;\" decoding=\"async\" class=\"alignnone size-medium wp-image-780599 not-transparent\" src=\"https:\/\/www.europesays.com\/hu\/wp-content\/uploads\/2026\/04\/Az-uj-Kia-Seltos-1-800x450.webp.webp\" alt=\"\" width=\"800\" height=\"450\"  \/><\/p>\n<p data-start=\"3663\" data-end=\"3862\">Az \u00faj Seltosr\u00f3l most m\u00e1r teljes a k\u00e9p. A kor\u00e1bbi inform\u00e1ci\u00f3k alapj\u00e1n egy j\u00f3l pozicion\u00e1lt, robusztus SUV rajzol\u00f3dott ki, a mostani adatok viszont megmutatj\u00e1k, hogy technikailag is komolyan odatett\u00e9k magukat a koreaiak. A leger\u0151sebb pont egy\u00e9rtelm\u0171en az, hogy a hibrid hajt\u00e1s nem csak a fogyaszt\u00e1s \u00e9s kibocs\u00e1jt\u00e1s optimaliz\u00e1l\u00e1sr\u00f3l, hanem val\u00f3di \u00f6sszker\u00e9khajt\u00e1ssal \u00e9s olyan extr\u00e1kkal \u00e9rkezik, mint a tiszt\u00e1n EV modellek. A gy\u00e1rt\u00e1s m\u00e1r elindult, a benzines v\u00e1ltozat 2026 m\u00e1sodik negyed\u00e9v\u00e9t\u0151l el\u00e9rhet\u0151, m\u00edg a hibrid kivitel az \u00e9v v\u00e9ge fel\u00e9 \u00e9rkezik meg a magyar piacra &#8211; v\u00e1rhat\u00f3an a hazai \u00e1rakr\u00f3l is ekkor ad majd t\u00e1j\u00e9koztat\u00e1st a m\u00e1rka.<\/p>\n<p data-start=\"3663\" data-end=\"3862\"><img loading=\"lazy\" data-dominant-color=\"80868b\" data-has-transparency=\"false\" style=\"--dominant-color: #80868b;\" decoding=\"async\" class=\"alignnone size-medium wp-image-780604 not-transparent\" src=\"https:\/\/www.europesays.com\/hu\/wp-content\/uploads\/2026\/04\/Az-uj-Kia-Seltos-6-800x450.webp.webp\" alt=\"\" width=\"800\" height=\"450\"  \/><\/p>\n","protected":false},"excerpt":{"rendered":"A Seltos m\u00e9retei \u00e9s az alapkarakter nem v\u00e1ltozott, tov\u00e1bbra is a Stonic \u00e9s a Sportage k\u00f6z\u00e9 \u00e9rkezik, 4430&hellip;\n","protected":false},"author":2,"featured_media":65072,"comment_status":"","ping_status":"","sticky":false,"template":"","format":"standard","meta":{"footnotes":"","_share_on_mastodon":"0"},"categories":[10],"tags":[110,24660,44,42,40,24661,24662,24520,24663,24664,24665,24666,24667,24668,43,41,111],"class_list":["post-65071","post","type-post","status-publish","format-standard","has-post-thumbnail","category-vallalkozas","tag-business","tag-c-suv","tag-hu","tag-hungarian","tag-hungary","tag-hyundai-motor-group-hibrid","tag-kia-europa","tag-kia-seltos","tag-kia-seltos-2026","tag-kia-seltos-e-awd","tag-kia-seltos-hibrid","tag-kia-seltos-v2l","tag-kia-suv","tag-kia-ujdonsag","tag-magyar","tag-magyarorszag","tag-vallalkozas"],"share_on_mastodon":{"url":"https:\/\/pubeurope.com\/@hu\/116412831929075577","error":""},"_links":{"self":[{"href":"https:\/\/www.europesays.com\/hu\/wp-json\/wp\/v2\/posts\/65071","targetHints":{"allow":["GET"]}}],"collection":[{"href":"https:\/\/www.europesays.com\/hu\/wp-json\/wp\/v2\/posts"}],"about":[{"href":"https:\/\/www.europesays.com\/hu\/wp-json\/wp\/v2\/types\/post"}],"author":[{"embeddable":true,"href":"https:\/\/www.europesays.com\/hu\/wp-json\/wp\/v2\/users\/2"}],"replies":[{"embeddable":true,"href":"https:\/\/www.europesays.com\/hu\/wp-json\/wp\/v2\/comments?post=65071"}],"version-history":[{"count":0,"href":"https:\/\/www.europesays.com\/hu\/wp-json\/wp\/v2\/posts\/65071\/revisions"}],"wp:featuredmedia":[{"embeddable":true,"href":"https:\/\/www.europesays.com\/hu\/wp-json\/wp\/v2\/media\/65072"}],"wp:attachment":[{"href":"https:\/\/www.europesays.com\/hu\/wp-json\/wp\/v2\/media?parent=65071"}],"wp:term":[{"taxonomy":"category","embeddable":true,"href":"https:\/\/www.europesays.com\/hu\/wp-json\/wp\/v2\/categories?post=65071"},{"taxonomy":"post_tag","embeddable":true,"href":"https:\/\/www.europesays.com\/hu\/wp-json\/wp\/v2\/tags?post=65071"}],"curies":[{"name":"wp","href":"https:\/\/api.w.org\/{rel}","templated":true}]}}