{"id":65439,"date":"2026-04-16T11:16:06","date_gmt":"2026-04-16T11:16:06","guid":{"rendered":"https:\/\/www.europesays.com\/hu\/65439\/"},"modified":"2026-04-16T11:16:06","modified_gmt":"2026-04-16T11:16:06","slug":"tularazta-a-koncertjegyeket-es-monopoliumot-epitett-ki-a-live-nation-egy-amerikai-birosag-itelete-szerint","status":"publish","type":"post","link":"https:\/\/www.europesays.com\/hu\/65439\/","title":{"rendered":"T\u00fal\u00e1razta a koncertjegyeket \u00e9s monop\u00f3liumot \u00e9p\u00edtett ki a Live Nation egy amerikai b\u00edr\u00f3s\u00e1g \u00edt\u00e9lete szerint"},"content":{"rendered":"<p>H\u00e9thetes t\u00e1rgyal\u00e1s ut\u00e1n a New York-i sz\u00f6vets\u00e9gi b\u00edr\u00f3s\u00e1g esk\u00fcdtsz\u00e9ke meg\u00e1llap\u00edtotta, hogy a Live Nation \u2013 amely a Ticketmaster tulajdonosa \u2013 monop\u00f3liumk\u00e9nt m\u0171k\u00f6d\u00f6tt a koncert- \u00e9s jegy\u00e9rt\u00e9kes\u00edt\u00e9si piacon, ezzel pedig k\u00e1ros\u00edtotta a v\u00e1s\u00e1rl\u00f3kat, \u00edrja a <a href=\"https:\/\/www.bbc.com\/news\/articles\/clyddyp19yyo?at_format=image&amp;at_ptr_name=facebook_page&amp;at_campaign=Social_Flow&amp;at_link_id=515FAAC0-390D-11F1-AF6F-8CC5B4F703F0&amp;at_campaign_type=owned&amp;at_bbc_team=editorial&amp;at_medium=social&amp;at_link_origin=BBC_News&amp;at_link_type=web_link&amp;fbclid=IwdGRleARNWH9leHRuA2FlbQIxMQBzcnRjBmFwcF9pZAo2NjI4NTY4Mzc5AAEeg5ghwRVpfXIpYr1_Tvuiolv8KodV_fuC8zOpBDr7InDRXCzVJlWKS_Yi-qQ_aem_jp309TQPF0fSJfq7NVeEww\" target=\"_blank\" rel=\"nofollow noopener\">BBC<\/a>. Az esk\u00fcdtsz\u00e9k n\u00e9gynapos tan\u00e1cskoz\u00e1s ut\u00e1n hozta meg d\u00f6nt\u00e9s\u00e9t.<\/p>\n<p>\u201eItt az ideje, hogy felel\u0151ss\u00e9gre vonjuk \u0151ket\u201d<\/p>\n<p>\u2013 <a href=\"https:\/\/www.theguardian.com\/business\/2026\/apr\/15\/live-nation-ticketmaster-monopoly-ruling?utm_source=chatgpt.com\" target=\"_blank\" rel=\"nofollow noopener\">mondta Jeffrey Kessler<\/a>, a felperesek \u00fcgyv\u00e9dje z\u00e1r\u00f3besz\u00e9d\u00e9ben, aki a Live Nationt \u201ezaklat\u00f3nak\u201d nevezte. Az esk\u00fcdtsz\u00e9k szerint a Ticketmaster jegyenk\u00e9nt 1,72 doll\u00e1rral t\u00falsz\u00e1ml\u00e1zta a v\u00e1s\u00e1rl\u00f3it.<\/p>\n<p>A Live Nation Entertainment m\u00e9g 2010-ben j\u00f6tt l\u00e9tre a Ticketmaster \u00e9s a Live Nation \u00f6sszeolvad\u00e1s\u00e1b\u00f3l, err\u0151l b\u0151vebben <a href=\"https:\/\/telex.hu\/after\/2023\/02\/04\/live-nation-amerika-monopolium-ticketmaster-koncert-szorakoztatoipar-zene\" class=\"\" rel=\"nofollow noopener\" target=\"_blank\">ebben a cikkben<\/a> \u00edrtunk. Az \u00f6sszeolvad\u00e1st k\u00f6vet\u0151en a Live Nation vil\u00e1gszerte felv\u00e1s\u00e1rl\u00e1sokba kezdett, \u00edgy jelenleg t\u00f6bb sz\u00e1z helysz\u00ednt birtokol, \u00fczemeltet \u00e9s ir\u00e1ny\u00edt. A hozz\u00e1juk tartoz\u00f3 Ticketmaster platformj\u00e1t pedig sz\u00e9les k\u00f6rben a vil\u00e1g legnagyobb jegy\u00e9rt\u00e9kes\u00edt\u0151 rendszer\u00e9nek tartj\u00e1k. A Live Nation csak 2025-ben 55 ezer koncertet szervezett 159 milli\u00f3 embernek. A mostani \u00edt\u00e9let k\u00f6vetkezm\u00e9nyek\u00e9nt a Live Nation feldarabol\u00e1sa j\u00f6het, \u00e9s az is elk\u00e9pzelhet\u0151, hogy a c\u00e9gnek k\u00fcl\u00f6n kell v\u00e1lnia a Ticketmastert\u0151l.<\/p>\n<p>Az \u00edt\u00e9let megsz\u00fclet\u00e9s\u00e9t hosszas vit\u00e1k \u00e9s peresked\u00e9sek el\u0151zt\u00e9k meg, mivel egyre t\u00f6bben k\u00f6vetelt\u00e9k, hogy a Live Nation dominanci\u00e1j\u00e1t vizsg\u00e1lj\u00e1k ki. Ezek a hangok legink\u00e1bb Taylor Swift 2023-as turn\u00e9ja ut\u00e1n kezdtek feler\u0151s\u00f6dni, amikor a hatalmas \u00e9rdekl\u0151d\u00e9s miatt \u00f6sszeomlott a Ticketmaster oldala, ekkor rengeteg jegyet olyan hi\u00e9n\u00e1k v\u00e1s\u00e1roltak meg, akik ut\u00e1na dupla- vagy triplaannyi\u00e9rt kezdt\u00e9k el \u00e1rulni azokat.<\/p>\n<p>A t\u00e1rgyal\u00e1s sor\u00e1n el\u0151ker\u00fclt egy olyan <a href=\"https:\/\/apnews.com\/article\/live-nation-antitrust-justice-department-4c35e005caedf1058ba8cd84dd55e9ef\" target=\"_blank\" rel=\"nofollow noopener\">\u00fczenetv\u00e1lt\u00e1s<\/a> is k\u00e9t alkalmazott k\u00f6z\u00f6tt, amelynek sor\u00e1n az egyik munkav\u00e1llal\u00f3 azzal dicsekedett, hogy vakon kirabolj\u00e1k a koncertre jegyet v\u00e1s\u00e1rl\u00f3kat, mert annyira h\u00fcly\u00e9k. A Live Nation vez\u00e9rigazgat\u00f3ja, Michael Rapino azt mondta, ez a hangnem nem jellemz\u0151 a c\u00e9gen bel\u00fcl, \u00e9s hogy k\u00f6vetkezm\u00e9nyei lesznek a hangfelv\u00e9telnek.<\/p>\n<p>A Live Nation a v\u00e1dakkal szemben azt \u00e1ll\u00edtotta, hogy nincs monopolhelyzetben, \u00e9s hogy az \u00e1rakat az el\u0151ad\u00f3k \u00e9s helysz\u00ednek hat\u00e1rozz\u00e1k meg. A v\u00e1llalat szerint a siker\u00fcknek \u00e9s er\u0151fesz\u00edt\u00e9seinek k\u00f6sz\u00f6nhet\u0151, hogy ekkor\u00e1ra n\u0151ttek.<\/p>\n<p>A b\u00edr\u00f3s\u00e1g m\u00e9g nem d\u00f6nt\u00f6tt a teljes k\u00e1rt\u00e9r\u00edt\u00e9s \u00f6sszeg\u00e9r\u0151l, a Live Nation pedig azt nyilatkozta, hogy az esk\u00fcdtsz\u00e9k \u00edt\u00e9lete nem az utols\u00f3 sz\u00f3 ebben az \u00fcgyben, \u00e9s fellebbez\u00e9st ny\u00fajtottak be a b\u00edr\u00f3s\u00e1ghoz.<\/p>\n<p>Morgan Harper, az <a href=\"https:\/\/www.economicliberties.us\" target=\"_blank\" rel=\"nofollow noopener\">American Economic Liberties Project<\/a> nev\u0171 nonprofit gazdas\u00e1gi \u00e9rdekv\u00e9delmi szervezet igazgat\u00f3ja hozz\u00e1tette, hogy ez t\u00f6rt\u00e9nelmi gy\u0151zelemnek sz\u00e1m\u00edt, ami a rajong\u00f3k, az el\u0151ad\u00f3k, a koncertszervez\u0151k \u00e9s a helysz\u00edntulajdonosok sz\u00e1m\u00e1ra egyar\u00e1nt kedvez\u0151 lehet. A szerdai \u00edt\u00e9let \u00f3ta a Live Nation r\u00e9szv\u00e9nyei t\u00f6bb mint 6 sz\u00e1zal\u00e9kot zuhantak.<\/p>\n","protected":false},"excerpt":{"rendered":"H\u00e9thetes t\u00e1rgyal\u00e1s ut\u00e1n a New York-i sz\u00f6vets\u00e9gi b\u00edr\u00f3s\u00e1g esk\u00fcdtsz\u00e9ke meg\u00e1llap\u00edtotta, hogy a Live Nation \u2013 amely a Ticketmaster&hellip;\n","protected":false},"author":2,"featured_media":65440,"comment_status":"","ping_status":"","sticky":false,"template":"","format":"standard","meta":{"footnotes":"","_share_on_mastodon":"0"},"categories":[8],"tags":[161,42,213,708,24748,43,34,24747,94,93,92,13521],"class_list":["post-65439","post","type-post","status-publish","format-standard","has-post-thumbnail","category-vilag","tag-after","tag-hungarian","tag-koncert","tag-live-nation","tag-live-nation-entertainment","tag-magyar","tag-news","tag-ticketmaster","tag-vilag","tag-world","tag-world-news","tag-zeneipar"],"share_on_mastodon":{"url":"https:\/\/pubeurope.com\/@hu\/116414105755612448","error":""},"_links":{"self":[{"href":"https:\/\/www.europesays.com\/hu\/wp-json\/wp\/v2\/posts\/65439","targetHints":{"allow":["GET"]}}],"collection":[{"href":"https:\/\/www.europesays.com\/hu\/wp-json\/wp\/v2\/posts"}],"about":[{"href":"https:\/\/www.europesays.com\/hu\/wp-json\/wp\/v2\/types\/post"}],"author":[{"embeddable":true,"href":"https:\/\/www.europesays.com\/hu\/wp-json\/wp\/v2\/users\/2"}],"replies":[{"embeddable":true,"href":"https:\/\/www.europesays.com\/hu\/wp-json\/wp\/v2\/comments?post=65439"}],"version-history":[{"count":0,"href":"https:\/\/www.europesays.com\/hu\/wp-json\/wp\/v2\/posts\/65439\/revisions"}],"wp:featuredmedia":[{"embeddable":true,"href":"https:\/\/www.europesays.com\/hu\/wp-json\/wp\/v2\/media\/65440"}],"wp:attachment":[{"href":"https:\/\/www.europesays.com\/hu\/wp-json\/wp\/v2\/media?parent=65439"}],"wp:term":[{"taxonomy":"category","embeddable":true,"href":"https:\/\/www.europesays.com\/hu\/wp-json\/wp\/v2\/categories?post=65439"},{"taxonomy":"post_tag","embeddable":true,"href":"https:\/\/www.europesays.com\/hu\/wp-json\/wp\/v2\/tags?post=65439"}],"curies":[{"name":"wp","href":"https:\/\/api.w.org\/{rel}","templated":true}]}}