{"id":65564,"date":"2026-04-16T13:14:06","date_gmt":"2026-04-16T13:14:06","guid":{"rendered":"https:\/\/www.europesays.com\/hu\/65564\/"},"modified":"2026-04-16T13:14:06","modified_gmt":"2026-04-16T13:14:06","slug":"index-belfold-atszervezes-a-tv2-nel-megszunik-szalai-vivien-hirigazgatoi-posztja","status":"publish","type":"post","link":"https:\/\/www.europesays.com\/hu\/65564\/","title":{"rendered":"Index &#8211; Belf\u00f6ld &#8211; \u00c1tszervez\u00e9s a TV2-n\u00e9l, megsz\u0171nik Szalai Vivien h\u00edrigazgat\u00f3i posztja"},"content":{"rendered":"<p>K\u00f6zlem\u00e9nyt adott ki a TV2, amely szerint a\u00a0mai nappal Vaszily Mikl\u00f3s vez\u00e9rigazgat\u00f3 felmenti poz\u00edci\u00f3j\u00e1b\u00f3l Szalai Vivient, aki 2016 febru\u00e1rja \u00f3ta t\u00f6lt\u00f6tte be a TV2 Csoport h\u00edrigazgat\u00f3i tiszts\u00e9g\u00e9t. A d\u00f6nt\u00e9s oka, hogy a h\u00edrigazgat\u00f3i poz\u00edci\u00f3 a v\u00e1llalat szervezeti \u00e1talak\u00edt\u00e1s\u00e1nak r\u00e9szek\u00e9nt megsz\u0171nik.<\/p>\n<p>A m\u00e9diav\u00e1llalat h\u00edrszolg\u00e1ltat\u00e1si tev\u00e9kenys\u00e9g\u00e9nek m\u0171k\u00f6d\u00e9si modellje \u00e1talakul: egyszer\u0171s\u00f6dik a vezet\u0151i strukt\u00fara, \u00e9s integr\u00e1l\u00e1sra ker\u00fclnek a h\u00edrszerkeszt\u0151s\u00e9gi feladatok.\u00a0Ennek k\u00f6vetkezt\u00e9ben a h\u00edrigazgat\u00f3i feladatk\u00f6r a tov\u00e1bbiakban nem \u00f6n\u00e1ll\u00f3 vezet\u0151i poz\u00edci\u00f3k\u00e9nt m\u0171k\u00f6dik tov\u00e1bb<\/p>\n<p>\u2013 olvashat\u00f3 a k\u00f6zlem\u00e9nyben.<\/p>\n<p>A v\u00e1ltoz\u00e1s \u00e9rtelm\u00e9ben a TV2 infotainmentm\u0171sorainak \u2013 T\u00e9nyek, T\u00e9nyek Plusz, Napl\u00f3, Mokka, <a href=\"http:\/\/tenyek.hu\/\" id=\"hyperlink_21c3e555cedc958b78c1f051b4c2a3b3\" target=\"_blank\" rel=\"nofollow noopener\">tenyek.hu<\/a> \u2013 f\u0151szerkeszt\u0151i k\u00f6zvetlen\u00fcl Vaszily Mikl\u00f3s vez\u00e9rigazgat\u00f3nak riport\u00e1lnak.<\/p>\n<p>                        A Story f\u0151szerkeszt\u0151i sz\u00e9k\u00e9b\u0151l a TV2 h\u00edrigazgat\u00f3i poz\u00edci\u00f3j\u00e1ba \u00e9s a DPK-ba<\/p>\n<p>Szalai Vivien a Sz\u00ednes Bulv\u00e1r Lapn\u00e1l \u2013 amib\u0151l k\u00e9s\u0151bb a Bors lett \u2013 dolgozott 2003 \u00e9s 2011 k\u00f6z\u00f6tt. A k\u00f6vetkez\u0151 \u00e1llom\u00e1shelye a Story magazin volt, a lapot \u00e9vekig f\u0151szerkeszt\u0151k\u00e9nt vezette. 2016-ban a Storyt\u00f3l igazolt az Andy Vajna-f\u00e9le TV2-h\u00f6z, ahol r\u00f6gt\u00f6n a h\u00edrigazgat\u00f3i poz\u00edci\u00f3ba ker\u00fclt, Azur\u00e1k Csaba hely\u00e9t vette \u00e1t a telev\u00edzi\u00f3n\u00e1l.<\/p>\n<p>A t\u00e1voz\u00f3 h\u00edrigazgat\u00f3 t\u00f6bb k\u00f6nyv szerz\u0151je. A Magyar b\u00f6rt\u00f6npokol c\u00edm\u0171 k\u00f6tetet Stohl Andr\u00e1s sz\u00edn\u00e9sszel, m\u0171sorvezet\u0151vel jegyezte, de luxusprostitu\u00e1ltakr\u00f3l szint\u00e9n \u00edrt k\u00f6nyveket Hamis gy\u00f6ny\u00f6r \u00e9s Dr\u00e1ga k\u00e9j c\u00edmekkel. A szerz\u0151i reperto\u00e1rj\u00e1ban szerepel a Zuschlag J\u00e1nos: p\u00e1rth\u00e1zb\u00f3l b\u00f6rt\u00f6nbe c\u00edm\u0171 k\u00f6tet is.<\/p>\n<p>A TV2 h\u00edrigazgat\u00f3jak\u00e9nt Szalai Vivient az ellenz\u00e9ki oldalr\u00f3l folyamatos kritika \u00e9rte az elm\u00falt \u00e9vekben, \u00e9s Hadh\u00e1zy \u00c1kos f\u00fcggetlen orsz\u00e1ggy\u0171l\u00e9si k\u00e9pvisel\u0151 is felfigyelt r\u00e1 a luxiz\u00e1st bemutat\u00f3 sorozat\u00e1ban. A kamp\u00e1ny felfut\u00e1sakor ez\u00fattal is szerepet v\u00e1llalt a Fidesz oldal\u00e1n, Szalay-Bobrovniczky Krist\u00f3f honv\u00e9delmi miniszter 2025. okt\u00f3ber 5-i k\u00f6zlem\u00e9ny\u00e9b\u0151l der\u00fclt ki, hogy Szalai Vivien csatlakozott a Bajt\u00e1rsak Digit\u00e1lis Polg\u00e1ri K\u00f6rh\u00f6z. Most pedig, t\u00edz \u00e9vvel a TV2-h\u00f6z val\u00f3 \u00e9rkez\u00e9se ut\u00e1n megsz\u0171nik a poz\u00edci\u00f3ja.<\/p>\n<p>\n                          (Bor\u00edt\u00f3k\u00e9p:\u00a0Papajcsik P\u00e9ter \/ Index)\n                        <\/p>\n<p>    <img decoding=\"async\" src=\"https:\/\/index.hu\/assets\/images\/social-follow\/logo-big.svg\" alt=\"Index.hu logo\"\/><\/p>\n<p>K\u00f6vesse az Indexet Facebookon is!<\/p>\n<p>    <a href=\"https:\/\/facebook.com\/Indexhu\" target=\"_blank\" rel=\"nofollow noopener\"><\/p>\n<p>        K\u00f6vetem!<br \/>\n    <\/a><\/p>\n","protected":false},"excerpt":{"rendered":"K\u00f6zlem\u00e9nyt adott ki a TV2, amely szerint a\u00a0mai nappal Vaszily Mikl\u00f3s vez\u00e9rigazgat\u00f3 felmenti poz\u00edci\u00f3j\u00e1b\u00f3l Szalai Vivient, aki 2016&hellip;\n","protected":false},"author":2,"featured_media":65565,"comment_status":"","ping_status":"","sticky":false,"template":"","format":"standard","meta":{"footnotes":"","_share_on_mastodon":"0"},"categories":[19],"tags":[8269,80,137,24789,44,42,40,43,41,204,24788,138,19583,191,493,24790],"class_list":["post-65564","post","type-post","status-publish","format-standard","has-post-thumbnail","category-tv","tag-atalakitas","tag-belfold","tag-entertainment","tag-hirigazgato","tag-hu","tag-hungarian","tag-hungary","tag-magyar","tag-magyarorszag","tag-mokka","tag-szalai-vivien","tag-szorakozas","tag-tenyek","tag-tv","tag-tv2","tag-vaszily-miklos"],"share_on_mastodon":{"url":"https:\/\/pubeurope.com\/@hu\/116414569707633927","error":""},"_links":{"self":[{"href":"https:\/\/www.europesays.com\/hu\/wp-json\/wp\/v2\/posts\/65564","targetHints":{"allow":["GET"]}}],"collection":[{"href":"https:\/\/www.europesays.com\/hu\/wp-json\/wp\/v2\/posts"}],"about":[{"href":"https:\/\/www.europesays.com\/hu\/wp-json\/wp\/v2\/types\/post"}],"author":[{"embeddable":true,"href":"https:\/\/www.europesays.com\/hu\/wp-json\/wp\/v2\/users\/2"}],"replies":[{"embeddable":true,"href":"https:\/\/www.europesays.com\/hu\/wp-json\/wp\/v2\/comments?post=65564"}],"version-history":[{"count":0,"href":"https:\/\/www.europesays.com\/hu\/wp-json\/wp\/v2\/posts\/65564\/revisions"}],"wp:featuredmedia":[{"embeddable":true,"href":"https:\/\/www.europesays.com\/hu\/wp-json\/wp\/v2\/media\/65565"}],"wp:attachment":[{"href":"https:\/\/www.europesays.com\/hu\/wp-json\/wp\/v2\/media?parent=65564"}],"wp:term":[{"taxonomy":"category","embeddable":true,"href":"https:\/\/www.europesays.com\/hu\/wp-json\/wp\/v2\/categories?post=65564"},{"taxonomy":"post_tag","embeddable":true,"href":"https:\/\/www.europesays.com\/hu\/wp-json\/wp\/v2\/tags?post=65564"}],"curies":[{"name":"wp","href":"https:\/\/api.w.org\/{rel}","templated":true}]}}