{"id":65844,"date":"2026-04-16T17:10:16","date_gmt":"2026-04-16T17:10:16","guid":{"rendered":"https:\/\/www.europesays.com\/hu\/65844\/"},"modified":"2026-04-16T17:10:16","modified_gmt":"2026-04-16T17:10:16","slug":"az-igy-jartam-anyatokkal-kolyokkepu-ted-mosbyja-volt-51-evesen-osz-szakallal-kocosan-mintha-mas-ember-lenne-vilagsztar","status":"publish","type":"post","link":"https:\/\/www.europesays.com\/hu\/65844\/","title":{"rendered":"Az \u00cdgy j\u00e1rtam any\u00e1tokkal k\u00f6ly\u00f6kk\u00e9p\u0171 Ted Mosbyja volt: 51 \u00e9vesen \u0151sz szak\u00e1llal, k\u00f3cosan mintha m\u00e1s ember lenne &#8211; Vil\u00e1gszt\u00e1r"},"content":{"rendered":"<p>Josh Radnort az \u00cdgy j\u00e1rtam any\u00e1tokkal c\u00edm\u0171 nagy siker\u0171 sorozat f\u0151szerepl\u0151jek\u00e9nt 2005-ben ismerte meg a vil\u00e1g, ma viszont szinte r\u00e1 sem lehet ismerni, annyira sokat v\u00e1ltozott.<\/p>\n<p>                        Josh Radnor ma<\/p>\n<p>2005-t\u0151l k\u00f6zel 10 \u00e9ven \u00e1t tartotta l\u00e1zban a n\u00e9z\u0151ket az a k\u00e9rd\u00e9s, hogy v\u00e9g\u00fcl ki lesz Ted Mosby feles\u00e9ge az <a href=\"http:\/\/femina.hu\/vilagsztar\/neil-patrick-harris-ferje-david\/\" id=\"hyperlink_8c7b5d32c3485808bdf4e8797de00802\" target=\"_blank\" title=\"Az \u00edgy j\u00e1rtam any\u00e1tokkal Barney-j\u00e1nak \u0151 a f\u00e9rje: Daviddel 19 \u00e9ve bolondulnak egym\u00e1s\u00e9rt\" rel=\"nofollow noopener\">\u00cdgy j\u00e1rtam any\u00e1tokkal<\/a> t\u00f6rt\u00e9net\u00e9ben. A sz\u00e9ria vil\u00e1gszerte milli\u00f3k kedvence lett, \u00e9s rengetegen szurkoltak a f\u0151h\u0151snek \u00e9s bar\u00e1tainak, hogy a mindennapi \u00e9let kih\u00edv\u00e1sai mellett r\u00e1tal\u00e1ljanak a v\u00e9gs\u0151 boldogs\u00e1gra. B\u00e1r a fin\u00e1l\u00e9 a rajong\u00f3k t\u00f6bbs\u00e9g\u00e9nek nem nyerte el a tetsz\u00e9s\u00e9t, a sorozatot a mai napig rengetegen \u00fajran\u00e9zik, \u00edgy Josh Radnor sokak fej\u00e9ben m\u00e9g mindig az a k\u00f6ly\u00f6kk\u00e9p\u0171 f\u00e9rfi, aki Tedet alak\u00edtotta. A val\u00f3s\u00e1gban azonban felette is elj\u00e1rt az id\u0151, \u00e9s sokat v\u00e1ltozott.<\/p>\n<p>Az 51 \u00e9ves sz\u00edn\u00e9sz m\u00e1r \u00e9vek \u00f3ta szak\u00e1llat visel, amelyet s\u0171r\u0171n \u0151sz\u00fcl\u0151 tincsek kereteznek, k\u00f3cos frizur\u00e1ja pedig szint\u00e9n ink\u00e1bb m\u00e1r \u0151sz, mint barna.<\/p>\n<p>Kevesen tudj\u00e1k, hogy nem Ted Mosby volt Josh Radnor egyetlen szerepe, b\u00e1r k\u00e9ts\u00e9gtelen\u00fcl az egyik legismertebb. A sorozat lez\u00e1r\u00e1sa ut\u00e1n a sz\u00edn\u00e9sz karrierje tov\u00e1bbra is stabil maradt. Olyan alkot\u00e1sokban szerepelt, mint a K\u00e1oszbrig\u00e1d, a Vad\u00e1szok \u00e9s az All Happy Families.<\/p>\n<p>Mag\u00e1n\u00e9let\u00e9ben pedig a sorozattal ellent\u00e9tben v\u00e9gre megtal\u00e1lta a boldogs\u00e1got: 2024-ben feles\u00e9g\u00fcl vette Jordana Jacobst, akivel nemr\u00e9g <a href=\"http:\/\/femina.hu\/vilagsztar\/josh-radnor-apa-lett\/\" id=\"hyperlink_260e8abd0053b1d4d6a136139a80c2a9\" target=\"_blank\" title=\"Az \u00cdgy j\u00e1rtam any\u00e1tokkal Ted Mosby-ja 51 \u00e9vesen lett apa: csodasz\u00e9p babafot\u00f3val tudatta az \u00f6r\u00f6mh\u00edrt\" rel=\"nofollow noopener\">megsz\u00fcletett els\u0151 k\u00f6z\u00f6s gyermek\u00fck<\/a>.<\/p>\n<p>B\u00e1r k\u00f6z\u00f6ss\u00e9gi oldalain nem s\u0171r\u0171n enged betekint\u00e9st a priv\u00e1t \u00e9let\u00e9be, fia sz\u00fclet\u00e9s\u00e9t egy nagyon \u00e9des fot\u00f3val tudatta a k\u00f6vet\u0151ivel.<\/p>\n<p>Josh ma m\u00e1r legink\u00e1bb szabad\u00fasz\u00f3 sz\u00edn\u00e9szk\u00e9nt dolgozik, emellett t\u00f6bb zenei projektben is r\u00e9szt vesz \u00e9nekesk\u00e9nt.<\/p>\n<p>                                    <a href=\"https:\/\/femina.hu\/vilagsztar\/alyson-hannigan\/\" title=\"\" rel=\"nofollow noopener\" target=\"_blank\"><br \/>\n                                    <img decoding=\"async\" src=\"https:\/\/www.europesays.com\/hu\/wp-content\/uploads\/2026\/04\/67015879_4948035_f3afe96a5371f637655486265b9fe3fb_wm.jpg\" alt=\"\" title=\"\"\/><br \/>\n                                <\/a><\/p>\n<p>                                \u0150 volt az Amerikai pite szende v\u00f6r\u00f6sk\u00e9je: 51 \u00e9vesen r\u00e1 sem ismerni l\u00e1nyai mellett<\/p>\n<p class=\"lead\">Alyson Hannigan volt az Amerikai pite Michellje, aki felejthetetlen pillanatokat okozott a n\u00e9z\u0151knek.<\/p>\n<p>                                <a href=\"https:\/\/femina.hu\/vilagsztar\/alyson-hannigan\/\" class=\"btn btn-normal\" rel=\"nofollow noopener\" target=\"_blank\">Elolvasom<\/a><\/p>\n<p>\n                          Cover-fot\u00f3: Profim\u00e9dia\n                        <\/p>\n<p>                                    <img loading=\"lazy\" decoding=\"async\" src=\"https:\/\/www.europesays.com\/hu\/wp-content\/uploads\/2026\/04\/68892763_ec3c3c7d15754855fddb72077dc55d7b_wm.jpg\" width=\"200\" height=\"290\" alt=\"\"\/><br \/>\n                            \t    \tJ\u00f6n a DOGZ Fesztiv\u00e1l: te ott leszel?<\/p>\n<p>M\u00e1jus elsej\u00e9n minden eddigin\u00e9l nagyobb ter\u00fcleten v\u00e1rja a kuty\u00e1sokat \u00e9s a leend\u0151 kuty\u00e1sokat a DOGZ Fesztiv\u00e1l a V\u00e1rosligetben: k\u00f6z\u00f6ss\u00e9gi \u00e9lm\u00e9nyt, sz\u00f3rakoztat\u00f3 \u00e9s szakmai programokat egyar\u00e1nt k\u00edn\u00e1l az esem\u00e9ny. Falkas\u00e9t\u00e1k, kuty\u00e1s fut\u00e1s \u00e9s v\u00e1ndor vurstli is v\u00e1rnak a fesztiv\u00e1lon, amelyre a helysz\u00ednen lev\u00e1s\u00e1rolhat\u00f3, 1000 forintos bel\u00e9p\u0151 megv\u00e1lt\u00e1sa mellett l\u00e9phetsz be. Emell\u00e9 m\u00e9g aj\u00e1nd\u00e9k is j\u00e1r! A regisztr\u00e1ci\u00f3t \u00e9s a programot\u00a0<a href=\"https:\/\/dogzfesztival.hu\/\" target=\"_blank\" rel=\"nofollow noopener\">ezen a linken<\/a>\u00a0tal\u00e1lod. Ugye tal\u00e1lkozunk?\u00a0<\/p>\n<p class=\"promocio\">Prom\u00f3ci\u00f3<\/p>\n","protected":false},"excerpt":{"rendered":"Josh Radnort az \u00cdgy j\u00e1rtam any\u00e1tokkal c\u00edm\u0171 nagy siker\u0171 sorozat f\u0151szerepl\u0151jek\u00e9nt 2005-ben ismerte meg a vil\u00e1g, ma viszont&hellip;\n","protected":false},"author":2,"featured_media":65845,"comment_status":"","ping_status":"","sticky":false,"template":"","format":"standard","meta":{"footnotes":"","_share_on_mastodon":"0"},"categories":[21],"tags":[198,137,199,44,42,40,24863,1661,24862,43,41,3292,144,138,205,907],"class_list":["post-65844","post","type-post","status-publish","format-standard","has-post-thumbnail","category-hiressegek","tag-celebrities","tag-entertainment","tag-hiressegek","tag-hu","tag-hungarian","tag-hungary","tag-igy-jartam-anyatokkal","tag-igy-nez-ki-most","tag-josh-radnor","tag-magyar","tag-magyarorszag","tag-sorozatsztar","tag-szinesz","tag-szorakozas","tag-sztar","tag-vilagsztar"],"share_on_mastodon":{"url":"https:\/\/pubeurope.com\/@hu\/116415498669259673","error":""},"_links":{"self":[{"href":"https:\/\/www.europesays.com\/hu\/wp-json\/wp\/v2\/posts\/65844","targetHints":{"allow":["GET"]}}],"collection":[{"href":"https:\/\/www.europesays.com\/hu\/wp-json\/wp\/v2\/posts"}],"about":[{"href":"https:\/\/www.europesays.com\/hu\/wp-json\/wp\/v2\/types\/post"}],"author":[{"embeddable":true,"href":"https:\/\/www.europesays.com\/hu\/wp-json\/wp\/v2\/users\/2"}],"replies":[{"embeddable":true,"href":"https:\/\/www.europesays.com\/hu\/wp-json\/wp\/v2\/comments?post=65844"}],"version-history":[{"count":0,"href":"https:\/\/www.europesays.com\/hu\/wp-json\/wp\/v2\/posts\/65844\/revisions"}],"wp:featuredmedia":[{"embeddable":true,"href":"https:\/\/www.europesays.com\/hu\/wp-json\/wp\/v2\/media\/65845"}],"wp:attachment":[{"href":"https:\/\/www.europesays.com\/hu\/wp-json\/wp\/v2\/media?parent=65844"}],"wp:term":[{"taxonomy":"category","embeddable":true,"href":"https:\/\/www.europesays.com\/hu\/wp-json\/wp\/v2\/categories?post=65844"},{"taxonomy":"post_tag","embeddable":true,"href":"https:\/\/www.europesays.com\/hu\/wp-json\/wp\/v2\/tags?post=65844"}],"curies":[{"name":"wp","href":"https:\/\/api.w.org\/{rel}","templated":true}]}}