{"id":67976,"date":"2026-04-18T11:10:11","date_gmt":"2026-04-18T11:10:11","guid":{"rendered":"https:\/\/www.europesays.com\/hu\/67976\/"},"modified":"2026-04-18T11:10:11","modified_gmt":"2026-04-18T11:10:11","slug":"index-fomo-harmadik-gyermeket-varja-natalie-portman","status":"publish","type":"post","link":"https:\/\/www.europesays.com\/hu\/67976\/","title":{"rendered":"Index &#8211; FOMO &#8211; Harmadik gyermek\u00e9t v\u00e1rja Natalie Portman"},"content":{"rendered":"<p>                <a href=\"https:\/\/index.hu\/szerzo\/molnar_kamilla\" rel=\"nofollow noopener\" target=\"_blank\"><br \/>\n                        <img decoding=\"async\" class=\"szerzo-kep\" src=\"https:\/\/www.europesays.com\/hu\/wp-content\/uploads\/2026\/03\/50015481_3812841_b6b47b8315fac460d824a28875417311_wm.jpg\" alt=\"- mk -\"\/><br \/>\n                <\/a><\/p>\n<p>\n                Kicsattan\u00f3 boldogs\u00e1ggal osztotta meg a nyilv\u00e1noss\u00e1ggal Natalie Portman, hogy ism\u00e9t v\u00e1rand\u00f3s. Az Oscar-d\u00edjas sz\u00edn\u00e9szn\u0151 harmadik gyermek\u00e9t v\u00e1rja, aki \u00faj szerelm\u00e9vel els\u0151 k\u00f6z\u00f6s gyermeke lesz. Tanguy Destable francia zenei producerrel k\u00f6zel m\u00e1sf\u00e9l \u00e9ve alkotnak egy p\u00e1rt.            <\/p>\n<p>Natalie Portman ism\u00e9t v\u00e1rand\u00f3s, amit elk\u00e9peszt\u0151 \u00e1ld\u00e1sk\u00e9nt \u00e9l meg. A sz\u00edn\u00e9szn\u0151 \u00e9desapja medd\u0151s\u00e9gi specialista, \u00edgy gyermekkora \u00f3ta pontosan tudja, milyen sokan szenvednek att\u00f3l, hogy nem sz\u00fclethet gyermek\u00fck. Az Oscar-d\u00edjas sz\u00edn\u00e9szn\u0151 \u00fagy v\u00e9li, nagyon szerencs\u00e9s, hogy 44 \u00e9vesen is megadathat neki ez a csoda \u2013 \u00edrja a <a href=\"https:\/\/www.bild.de\/unterhaltung\/stars-und-leute\/natalie-portman-erwartet-ihr-drittes-kind-privileg-und-wunder-69e27fe9a2d0369988d1f44b\" id=\"hyperlink_561c2f2cb0861f3c4dd7328a54d5bd3b\" rel=\"nofollow noopener\" target=\"_blank\">Bild<\/a>.<\/p>\n<p>A sz\u00edn\u00e9szn\u0151nek k\u00e9t nagyobb gyermeke is van, kor\u00e1bbi h\u00e1zass\u00e1g\u00e1b\u00f3l. Fia tizenn\u00e9gy \u00e9ves, kisl\u00e1nya pedig kilenc, \u00edgy sz\u00e1mukra is izgalmas, hogy kistestv\u00e9r\u00fck sz\u00fcletik. Portman arr\u00f3l sz\u00e1molt be, jelenlegi terhess\u00e9ge \u00f6sszehasonl\u00edthatatlan a kor\u00e1bbi kett\u0151vel, mivel most egy eg\u00e9szen k\u00fcl\u00f6n\u00f6s nyugalom j\u00e1rja \u00e1t. \u00dagy fogalmazott:<\/p>\n<p>Van egyfajta h\u00e1la, amit fiatalon nem felt\u00e9tlen\u00fcl \u00e9rtesz vagy \u00e9lsz meg. Van ez a b\u00e9ke \u00e9s \u00f6nbizalom bennem, hogy pontosan tudom, kivel akarok id\u0151t t\u00f6lteni, \u00e9s milyen energi\u00e1t akarok magam k\u00f6r\u00fcl \u2013 ett\u0151l olyan sz\u00e9p ez az \u00e9lm\u00e9ny minden egyes nap.<\/p>\n<p>Arr\u00f3l is besz\u00e1molt, p\u00e1rj\u00e1val rendk\u00edv\u00fcl izgatottak els\u0151 k\u00f6z\u00f6s gyermek\u00fck \u00e9rkez\u00e9se miatt. Portman \u00e9s Destable 2025 janu\u00e1rja \u00f3ta vannak egy\u00fctt, miut\u00e1n a sz\u00edn\u00e9szn\u0151 v\u00e9get vetett kor\u00e1bbi h\u00e1zass\u00e1g\u00e1nak f\u00e9rje h\u0171tlens\u00e9ge miatt.<\/p>\n<p>\n                          (Bor\u00edt\u00f3k\u00e9p:\u00a0Natalie Portman 2026. janu\u00e1r 24-\u00e9n. Fot\u00f3:\u00a0\u00a0Dia Dipasupil \/ Getty Images)\n                        <\/p>\n<p>\n                          \u00a0\n                        <\/p>\n<p>    <img decoding=\"async\" src=\"https:\/\/index.hu\/assets\/images\/social-follow\/logo-big.svg\" alt=\"Index.hu logo\"\/><\/p>\n<p>K\u00f6vesse az Indexet Facebookon is!<\/p>\n<p>    <a href=\"https:\/\/facebook.com\/Indexhu\" target=\"_blank\" rel=\"nofollow noopener\"><\/p>\n<p>        K\u00f6vetem!<br \/>\n    <\/a><\/p>\n","protected":false},"excerpt":{"rendered":"Kicsattan\u00f3 boldogs\u00e1ggal osztotta meg a nyilv\u00e1noss\u00e1ggal Natalie Portman, hogy ism\u00e9t v\u00e1rand\u00f3s. Az Oscar-d\u00edjas sz\u00edn\u00e9szn\u0151 harmadik gyermek\u00e9t v\u00e1rja, aki&hellip;\n","protected":false},"author":2,"featured_media":67977,"comment_status":"","ping_status":"","sticky":false,"template":"","format":"standard","meta":{"footnotes":"","_share_on_mastodon":"0"},"categories":[16],"tags":[151,137,185,25423,44,42,40,43,41,9824,926,138,25422,6376],"class_list":["post-67976","post","type-post","status-publish","format-standard","has-post-thumbnail","category-szorakozas","tag-ce-femina","tag-entertainment","tag-fomo","tag-harmadik-gyermek","tag-hu","tag-hungarian","tag-hungary","tag-magyar","tag-magyarorszag","tag-natalie-portman","tag-szineszno","tag-szorakozas","tag-tanguy-destable","tag-varandossag"],"share_on_mastodon":{"url":"https:\/\/pubeurope.com\/@hu\/116425406848786128","error":""},"_links":{"self":[{"href":"https:\/\/www.europesays.com\/hu\/wp-json\/wp\/v2\/posts\/67976","targetHints":{"allow":["GET"]}}],"collection":[{"href":"https:\/\/www.europesays.com\/hu\/wp-json\/wp\/v2\/posts"}],"about":[{"href":"https:\/\/www.europesays.com\/hu\/wp-json\/wp\/v2\/types\/post"}],"author":[{"embeddable":true,"href":"https:\/\/www.europesays.com\/hu\/wp-json\/wp\/v2\/users\/2"}],"replies":[{"embeddable":true,"href":"https:\/\/www.europesays.com\/hu\/wp-json\/wp\/v2\/comments?post=67976"}],"version-history":[{"count":0,"href":"https:\/\/www.europesays.com\/hu\/wp-json\/wp\/v2\/posts\/67976\/revisions"}],"wp:featuredmedia":[{"embeddable":true,"href":"https:\/\/www.europesays.com\/hu\/wp-json\/wp\/v2\/media\/67977"}],"wp:attachment":[{"href":"https:\/\/www.europesays.com\/hu\/wp-json\/wp\/v2\/media?parent=67976"}],"wp:term":[{"taxonomy":"category","embeddable":true,"href":"https:\/\/www.europesays.com\/hu\/wp-json\/wp\/v2\/categories?post=67976"},{"taxonomy":"post_tag","embeddable":true,"href":"https:\/\/www.europesays.com\/hu\/wp-json\/wp\/v2\/tags?post=67976"}],"curies":[{"name":"wp","href":"https:\/\/api.w.org\/{rel}","templated":true}]}}