{"id":68352,"date":"2026-04-18T17:42:07","date_gmt":"2026-04-18T17:42:07","guid":{"rendered":"https:\/\/www.europesays.com\/hu\/68352\/"},"modified":"2026-04-18T17:42:07","modified_gmt":"2026-04-18T17:42:07","slug":"index-fomo-szamitottam-arra-hogy-a-tisza-melletti-kiallasom-miatt-lemondanak-majd-koncerteket-kitalalt-szekeres-adrien","status":"publish","type":"post","link":"https:\/\/www.europesays.com\/hu\/68352\/","title":{"rendered":"Index &#8211; FOMO &#8211; \u201eSz\u00e1m\u00edtottam arra, hogy a Tisza melletti ki\u00e1ll\u00e1som miatt lemondanak majd koncerteket\u201d \u2013 kit\u00e1lalt Szekeres Adrien"},"content":{"rendered":"<p>M\u00e1rcius 15-\u00e9n \u00e1llt ki el\u0151sz\u00f6r nyilv\u00e1nosan a k\u00f6z\u00f6ns\u00e9g el\u00e9 Szekeres Adrien mint Tisza-t\u00e1mogat\u00f3, amikor is fell\u00e9pett a Nemzeti Meneten K\u00f6teles Leander oldal\u00e1n. Az \u00e9nekesn\u0151 m\u00e1r akkor is kend\u0151zetlen \u0151szintes\u00e9ggel mutatta ki politikai \u00e9rzelmeit, most azonban m\u00e1r t\u00e9nylegesen is megsz\u00f3lalt err\u0151l a k\u00f6z\u00f6ss\u00e9gi fel\u00fclet\u00e9n. Szekeres minden k\u00f6vetkezm\u00e9nyr\u0151l besz\u00e1molt, amivel a nemzeti \u00fcnnep ut\u00e1n szembe kellett n\u00e9znie. Monol\u00f3gj\u00e1t r\u00f6gt\u00f6n\u00a0<a href=\"https:\/\/www.blikk.hu\/sztarvilag\/hazai-sztarok\/szekeres-adrien-fellepes-tiltas-tisza\/2gf18f6\" id=\"hyperlink_548b243ee8fe33166b0018a60aa2f802\" target=\"_blank\" rel=\"nofollow noopener\">\u00fagy kezdte<\/a>:\u00a0<\/p>\n<p>\n                          \u201eSz\u00e1m\u00edtottam arra, hogy a Tisza melletti ki\u00e1ll\u00e1som miatt lemondanak majd koncerteket, fell\u00e9p\u00e9seket, de \u00fagy voltam vele, hogy h\u00e1bor\u00fas vesztes\u00e9g, \u00e9s nem vertem nagydobra.\u00a0Az volt a narrat\u00edva, hogy \u00bb\u00f6ssze\u00fclt a bizotts\u00e1g, \u00e9s forr\u00e1shi\u00e1ny miatt sajnos le kell mondanunk a m\u0171v\u00e9szn\u0151 fell\u00e9p\u00e9s\u00e9t\u00ab. Miut\u00e1n t\u00f6bb ilyen visszajelz\u00e9s \u00e9rkezett r\u00f6vid id\u0151n bel\u00fcl, olyan helyekr\u0151l is, ahol m\u00e1r al\u00e1\u00edrt szerz\u0151d\u00e9sem volt, a f\u00e9rjem besz\u00e9lt az egyik szervez\u0151vel, \u00e9s ott elv\u00e1llaltam ingyen is a fell\u00e9p\u00e9st. Gondolkodtak rajta, \u00e9s a nagylelk\u0171 aj\u00e1nlatomra nem tudtak mit mondani, elfogadt\u00e1k.\u201d\n                        <\/p>\n<p>Mindezek ut\u00e1n kifejtette, sok minden t\u00f6rt\u00e9nik a z\u00e1rt ajt\u00f3k m\u00f6g\u00f6tt a zeneiparon bel\u00fcl is, amivel m\u00e9g sok szakmabeli sincs tiszt\u00e1ban. Hozz\u00e1tette, \u00fagy l\u00e1tja, mostan\u00e1ban m\u00e1r egyre t\u00f6bb sz\u00f3 esik err\u0151l az oldalr\u00f3l is, ami megl\u00e1t\u00e1sa szerint seg\u00edt majd az embereknek a tiszt\u00e1nl\u00e1t\u00e1sban. Mivel meggy\u0151z\u0151d\u00e9se, hogy rendszerszint\u0171 probl\u00e9m\u00e1kr\u00f3l besz\u00e9lhet\u00fcnk, t\u00f6k\u00e9letesen tiszt\u00e1ban volt azzal, hogy tetteinek komoly k\u00f6vetkezm\u00e9nyei lesznek. \u00dagy fogalmazott:<\/p>\n<p>Nem \u00e1ll\u00edtom, hogy mindenki \u00e9rintett, \u00e9s nem minden helyzet ilyen, de igenis l\u00e9tezett ez a m\u0171k\u00f6d\u00e9s. Ami velem t\u00f6rt\u00e9nt, az is ezt bizony\u00edtja. Pontosan tudtam, hogy ha m\u00e1rcius 15-\u00e9n ki\u00e1llok a sz\u00ednpadra, annak k\u00f6vetkezm\u00e9nyei lesznek. A k\u00f6vetkez\u0151 napok esem\u00e9nyei ezt teljesen egy\u00e9rtelm\u0171v\u00e9 tett\u00e9k.<\/p>\n<p>Kifejtette, b\u00edzik abban, hogy a jelenlegi \u00e1tmeneti id\u0151szak seg\u00edt az embereknek feldolgozni a t\u00f6rt\u00e9nteket, a szakmabelieknek pedig seg\u00edt helyre tenni n\u00e9h\u00e1ny dolgot a fej\u00fckben. Felid\u00e9zte, mivel 1997 \u00f3ta van benne a popszakm\u00e1ban, pontosan eml\u00e9kszik, hogy voltak m\u00e1r rossz k\u00f6z\u00e9leti id\u0151szakok. Azonban hangs\u00falyozta, hogy ilyen szint\u0171 probl\u00e9m\u00e1ja m\u00e9g nem volt kor\u00e1bban. Mint mondta, csak rem\u00e9nykedni tud abban, hogy mindenki tanul az elm\u00falt \u00e9vek esem\u00e9nyeib\u0151l, \u00edgy senki nem t\u0171ri el t\u00f6bbet az ilyesfajta b\u00e1n\u00e1sm\u00f3dot.<\/p>\n<p>\n                          (Bor\u00edt\u00f3k\u00e9p: Szekeres Adrien 2022. m\u00e1jus 30-\u00e1n. Fot\u00f3:\u00a0Bodn\u00e1r Patr\u00edcia \/ Index)\u00a0\n                        <\/p>\n<p>    <img decoding=\"async\" src=\"https:\/\/index.hu\/assets\/images\/social-follow\/logo-big.svg\" alt=\"Index.hu logo\"\/><\/p>\n<p>K\u00f6vesse az Indexet Facebookon is!<\/p>\n<p>    <a href=\"https:\/\/facebook.com\/Indexhu\" target=\"_blank\" rel=\"nofollow noopener\"><\/p>\n<p>        K\u00f6vetem!<br \/>\n    <\/a><\/p>\n","protected":false},"excerpt":{"rendered":"M\u00e1rcius 15-\u00e9n \u00e1llt ki el\u0151sz\u00f6r nyilv\u00e1nosan a k\u00f6z\u00f6ns\u00e9g el\u00e9 Szekeres Adrien mint Tisza-t\u00e1mogat\u00f3, amikor is fell\u00e9pett a Nemzeti&hellip;\n","protected":false},"author":2,"featured_media":68353,"comment_status":"","ping_status":"","sticky":false,"template":"","format":"standard","meta":{"footnotes":"","_share_on_mastodon":"0"},"categories":[16],"tags":[329,137,1608,185,44,42,40,25536,43,41,2675,25537,1392,325,138,945,13521],"class_list":["post-68352","post","type-post","status-publish","format-standard","has-post-thumbnail","category-szorakozas","tag-enekesno","tag-entertainment","tag-fellepes","tag-fomo","tag-hu","tag-hungarian","tag-hungary","tag-kovetkezmeny","tag-magyar","tag-magyarorszag","tag-marcius-15","tag-rendszerszintu-problema","tag-rendszervaltas","tag-szekeres-adrien","tag-szorakozas","tag-tisza-part","tag-zeneipar"],"share_on_mastodon":{"url":"https:\/\/pubeurope.com\/@hu\/116426948386886256","error":""},"_links":{"self":[{"href":"https:\/\/www.europesays.com\/hu\/wp-json\/wp\/v2\/posts\/68352","targetHints":{"allow":["GET"]}}],"collection":[{"href":"https:\/\/www.europesays.com\/hu\/wp-json\/wp\/v2\/posts"}],"about":[{"href":"https:\/\/www.europesays.com\/hu\/wp-json\/wp\/v2\/types\/post"}],"author":[{"embeddable":true,"href":"https:\/\/www.europesays.com\/hu\/wp-json\/wp\/v2\/users\/2"}],"replies":[{"embeddable":true,"href":"https:\/\/www.europesays.com\/hu\/wp-json\/wp\/v2\/comments?post=68352"}],"version-history":[{"count":0,"href":"https:\/\/www.europesays.com\/hu\/wp-json\/wp\/v2\/posts\/68352\/revisions"}],"wp:featuredmedia":[{"embeddable":true,"href":"https:\/\/www.europesays.com\/hu\/wp-json\/wp\/v2\/media\/68353"}],"wp:attachment":[{"href":"https:\/\/www.europesays.com\/hu\/wp-json\/wp\/v2\/media?parent=68352"}],"wp:term":[{"taxonomy":"category","embeddable":true,"href":"https:\/\/www.europesays.com\/hu\/wp-json\/wp\/v2\/categories?post=68352"},{"taxonomy":"post_tag","embeddable":true,"href":"https:\/\/www.europesays.com\/hu\/wp-json\/wp\/v2\/tags?post=68352"}],"curies":[{"name":"wp","href":"https:\/\/api.w.org\/{rel}","templated":true}]}}