{"id":68482,"date":"2026-04-18T19:29:07","date_gmt":"2026-04-18T19:29:07","guid":{"rendered":"https:\/\/www.europesays.com\/hu\/68482\/"},"modified":"2026-04-18T19:29:07","modified_gmt":"2026-04-18T19:29:07","slug":"index-kultur-eszmeletlenul-talaltak-ra-egy-medenceben-a-francia-szinesznore-egy-hettel-kesobb-meghalt","status":"publish","type":"post","link":"https:\/\/www.europesays.com\/hu\/68482\/","title":{"rendered":"Index &#8211; Kult\u00far &#8211; Eszm\u00e9letlen\u00fcl tal\u00e1ltak r\u00e1 egy medenc\u00e9ben a francia sz\u00edn\u00e9szn\u0151re, egy h\u00e9ttel k\u00e9s\u0151bb meghalt"},"content":{"rendered":"<p>\n                          \u00c9let\u00e9nek 58. \u00e9v\u00e9ben meghalt Nadia Fares francia sz\u00edn\u00e9szn\u0151. Hal\u00e1lh\u00edr\u00e9t l\u00e1nyai jelentett\u00e9k be, k\u00f6zlem\u00e9ny\u00fckben \u00fagy fogalmaztak, hogy \u201em\u00e9rhetetlen szomor\u00fas\u00e1ggal tudatjuk, hogy Nadia Fares p\u00e9nteken elhunyt. Franciaorsz\u00e1g elvesztett egy nagy m\u0171v\u00e9szt, de mi mindenekel\u0151tt egy any\u00e1t vesz\u00edtett\u00fcnk el\u201d.\u00a0\u00a0Az <a href=\"https:\/\/www.independent.co.uk\/arts-entertainment\/films\/news\/nadia-fares-death-cause-films-paris-b2960274.html\" id=\"hyperlink_b326817915affacdfccbda4dd828da21\" rel=\"nofollow noopener\" target=\"_blank\">Independent<\/a> inform\u00e1ci\u00f3i szerint a sz\u00edn\u00e9szn\u0151re \u00e1prilis 11-\u00e9n tal\u00e1ltak r\u00e1:\n                        <\/p>\n<p>Fares egy edz\u0151terem medenc\u00e9j\u00e9ben fek\u00fcdt eszm\u00e9letlen\u00fcl, \u00e9s egy h\u00e9tig k\u00f3m\u00e1ban volt.<\/p>\n<p>Nadia Fares 2000-ben v\u00e1lt ismertt\u00e9, miut\u00e1n f\u0151szerepet kapott Mathieu Kassovitz\u00a0B\u00edbor foly\u00f3k\u00a0c\u00edm\u0171 filmj\u00e9ben, amely Jean-Christophe Grang\u00e9 azonos c\u00edm\u0171 reg\u00e9nye alapj\u00e1n k\u00e9sz\u00fclt. A filmben Jean Reno \u00e9s Vincent Cassel oldal\u00e1n j\u00e1tszott.<\/p>\n<p>A k\u00e9s\u0151bbiekben olyan alkot\u00e1sokban t\u0171nt fel, mint a 2007-es Bossz\u00fa minden\u00e1ron, \u00e9s\u00a0a Viharjelz\u00e9s c\u00edm\u0171 horrorfilm. De l\u00e1thattuk a Netflix els\u0151 francia nyelv\u0171 sorozat\u00e1ban, a Marseille-ban, melyben\u00a0Vanessa d&#8217;Abrantes karakter\u00e9t alak\u00edtotta Gerard Depardieu partnerek\u00e9nt.<\/p>\n<p>\u00c9lete utols\u00f3 h\u00f3napjaiban egy \u00faj akci\u00f3-v\u00edgj\u00e1t\u00e9k forgat\u00f3k\u00f6nyv\u00f6n dolgozott, amely els\u0151 nagyj\u00e1t\u00e9kfilmje lett volna saj\u00e1t \u00edr\u00f3i-rendez\u0151i munk\u00e1jak\u00e9nt. A forgat\u00e1s szeptemberben kezd\u0151d\u00f6tt volna.<\/p>\n<p>\n                          (Bor\u00edt\u00f3k\u00e9p:\u00a0Nadia Fares r\u00e9szt vesz a 6. \u201ePluriel.les\u201d Fesztiv\u00e1l hetedik napj\u00e1n, 2023. m\u00e1rcius 12-\u00e9n. Fot\u00f3:\u00a0Sylvain Lefevre \/ Getty Images)\n                        <\/p>\n<p>    <img decoding=\"async\" src=\"https:\/\/index.hu\/assets\/images\/social-follow\/logo-big.svg\" alt=\"Index.hu logo\"\/><\/p>\n<p>K\u00f6vesse az Indexet Facebookon is!<\/p>\n<p>    <a href=\"https:\/\/facebook.com\/Indexhu\" target=\"_blank\" rel=\"nofollow noopener\"><\/p>\n<p>        K\u00f6vetem!<br \/>\n    <\/a><\/p>\n","protected":false},"excerpt":{"rendered":"\u00c9let\u00e9nek 58. \u00e9v\u00e9ben meghalt Nadia Fares francia sz\u00edn\u00e9szn\u0151. Hal\u00e1lh\u00edr\u00e9t l\u00e1nyai jelentett\u00e9k be, k\u00f6zlem\u00e9ny\u00fckben \u00fagy fogalmaztak, hogy \u201em\u00e9rhetetlen szomor\u00fas\u00e1ggal&hellip;\n","protected":false},"author":2,"featured_media":68483,"comment_status":"","ping_status":"","sticky":false,"template":"","format":"standard","meta":{"footnotes":"","_share_on_mastodon":"0"},"categories":[21],"tags":[198,137,4502,147,199,44,42,40,150,43,41,25567,1410,926,138,25568],"class_list":["post-68482","post","type-post","status-publish","format-standard","has-post-thumbnail","category-hiressegek","tag-celebrities","tag-entertainment","tag-francia","tag-gyasz","tag-hiressegek","tag-hu","tag-hungarian","tag-hungary","tag-kultur","tag-magyar","tag-magyarorszag","tag-nadia-fares","tag-parizs","tag-szineszno","tag-szorakozas","tag-uszoda"],"share_on_mastodon":{"url":"https:\/\/pubeurope.com\/@hu\/116427368978583905","error":""},"_links":{"self":[{"href":"https:\/\/www.europesays.com\/hu\/wp-json\/wp\/v2\/posts\/68482","targetHints":{"allow":["GET"]}}],"collection":[{"href":"https:\/\/www.europesays.com\/hu\/wp-json\/wp\/v2\/posts"}],"about":[{"href":"https:\/\/www.europesays.com\/hu\/wp-json\/wp\/v2\/types\/post"}],"author":[{"embeddable":true,"href":"https:\/\/www.europesays.com\/hu\/wp-json\/wp\/v2\/users\/2"}],"replies":[{"embeddable":true,"href":"https:\/\/www.europesays.com\/hu\/wp-json\/wp\/v2\/comments?post=68482"}],"version-history":[{"count":0,"href":"https:\/\/www.europesays.com\/hu\/wp-json\/wp\/v2\/posts\/68482\/revisions"}],"wp:featuredmedia":[{"embeddable":true,"href":"https:\/\/www.europesays.com\/hu\/wp-json\/wp\/v2\/media\/68483"}],"wp:attachment":[{"href":"https:\/\/www.europesays.com\/hu\/wp-json\/wp\/v2\/media?parent=68482"}],"wp:term":[{"taxonomy":"category","embeddable":true,"href":"https:\/\/www.europesays.com\/hu\/wp-json\/wp\/v2\/categories?post=68482"},{"taxonomy":"post_tag","embeddable":true,"href":"https:\/\/www.europesays.com\/hu\/wp-json\/wp\/v2\/tags?post=68482"}],"curies":[{"name":"wp","href":"https:\/\/api.w.org\/{rel}","templated":true}]}}