{"id":70879,"date":"2026-04-20T20:10:10","date_gmt":"2026-04-20T20:10:10","guid":{"rendered":"https:\/\/www.europesays.com\/hu\/70879\/"},"modified":"2026-04-20T20:10:10","modified_gmt":"2026-04-20T20:10:10","slug":"index-futball-futball-338","status":"publish","type":"post","link":"https:\/\/www.europesays.com\/hu\/70879\/","title":{"rendered":"Index &#8211; Futball &#8211; Futball"},"content":{"rendered":"<p>A ligaszakaszban a Manchester City elleni z\u00e1r\u00e1sig (0\u20134) minden meccs\u00e9t megnyer\u0151 Real Madrid az egyenes kies\u00e9ses szakaszban a Marseille-t (5\u20132), a Chelsea-t (1\u20130), a Sportingot (2\u20131) \u00e9s tizenegyesekkel a Paris Saint-Germaint is elb\u00facs\u00faztatta<\/p>\n<p>Az U17-es magyar v\u00e1logatott kapust, Ostoici Stefant is a soraiban tud\u00f3 \u2013 de az ifi BL-ben ez\u00fattal is csak padoztat\u00f3 \u2013 FC Bruges ugyancsak 5\u20130\u20131-gyel z\u00e1rta az els\u0151 f\u00e1zist, miel\u0151tt a Monaco (3\u20132), a Zilina (1\u20130), az Atl\u00e9tico Madrid (4\u20130) \u00e9s a Benfica (3\u20131) ellen is gy\u0151z\u00f6tt volna, ha pedig ehhez hozz\u00e1vessz\u00fck, hogy a csoportk\u00f6rben a Barcelon\u00e1t (2\u20130) is elint\u00e9zt\u00e9k a belg\u00e1k, kifejezetten kedvez\u0151 volt a spanyolok elleni m\u00e9rleg\u00fck.<\/p>\n<p>No ebb\u0151l sok nem l\u00e1tszott az els\u0151 f\u00e9lid\u0151ben, hiszen a Real Madrid gyakorlatilag egy kapuzott ellenfel\u00e9vel, mind a helyzetek sz\u00e1m\u00e1ban (2\u201313), mind a v\u00e1rhat\u00f3 g\u00f3lok mennyis\u00e9g\u00e9ben (0,06\u20131,56) d\u00f6bbenetes volt a f\u00f6l\u00e9ny, amib\u0151l a j\u00e1t\u00e9kr\u00e9sz derek\u00e1n Jacobo Ortega szerzett vezet\u00e9st (0\u20131).<\/p>\n<p>A fordul\u00e1st k\u00f6vet\u0151en l\u00e9nyegesen kiegyenl\u00edtettebb\u00e9 v\u00e1lt a j\u00e1t\u00e9k, \u00e9s a 64. percben j\u00f6tt is az egyenl\u00edt\u0151 tal\u00e1lat az FC Bruges, Tian Nai Koren centerez\u00e9s\u00e9re Tobias Lund-Jensen robbant remek \u00fctemben, \u00e9s passzolt az \u00fcres kapuba (1\u20131).<\/p>\n<p>Mivel \u00fajabb g\u00f3l m\u00e1r nem esett, \u00edgy j\u00f6hettek a tizenegyesek, amelyben Javier Navarro a PSG elleni h\u00e1rom v\u00e9d\u00e9se ut\u00e1n \u00fajabb k\u00e9t b\u00fcntet\u0151t h\u00e1r\u00edtott, BL-gy\u0151zelemhez seg\u00edtve ezzel a kir\u00e1lyi g\u00e1rd\u00e1t.<\/p>\n<p>A Real Madrid a 2013-ban \u00e9letre h\u00edvott sorozatban 2020 ut\u00e1n a m\u00e1sodik alkalommal \u00e9rt a cs\u00facsra, ezzel be\u00e9rte az \u00f6r\u00f6kranglist\u00e1n a 2015-ben \u00e9s 2016-ban gy\u0151zte (\u00e9s 2018-ban \u00e9s 2019-ben is d\u00f6nt\u0151s) Chelsea-t a m\u00e1sodik helyen, \u00e9s m\u00e1r csak a Barcelona (2014, 2018, 2025) el\u0151zi meg.<\/p>\n<p>                        Ifj\u00fas\u00e1gi Bajnokok Lig\u00e1ja, d\u00f6nt\u0151<\/p>\n<p>                         FC Bruges (belga)\u2013Real Madrid (spanyol) 1\u20131 (Lund-Jensen 64., ill. Ortega 23.) \u2013 11-esekkel: 2\u20134<\/p>\n<p>\n                          (Bor\u00edt\u00f3k\u00e9p:\u00a0Jacobo Ortega szerezte meg a fin\u00e1l\u00e9 els\u0151 g\u00f3lj\u00e1t. Fot\u00f3: Jan Kruger &#8211; UEFA \/ UEFA \/ Getty Images)\n                        <\/p>\n<p>                <a href=\"https:\/\/konyvek.index.hu\/\" target=\"_blank\" rel=\"nofollow noopener\"><br \/>\n                <img decoding=\"async\" src=\"https:\/\/index.hu\/assets\/images\/konyvajanlo\/book_indapress\/book_indapress_logo.svg\" loading=\"lazy\" alt=\"Inda Press Kiad\u00f3\"\/><br \/>\n                <\/a><\/p>\n<p>                <img decoding=\"async\" src=\"https:\/\/www.europesays.com\/hu\/wp-content\/uploads\/2026\/04\/1776151459_897_rossi.png\" loading=\"lazy\" alt=\"Rossi\"\/><\/p>\n<p>Ismerd meg a magyar labdar\u00fag\u00e1s h\u0151s\u00e9nek eml\u00e9kezetes pillanatait!<br \/>Folytassa, Mister!<\/p>\n<p>                <a class=\"book_index_btn\" href=\"https:\/\/indexadhu.hit.gemius.pl\/hitredir\/id=nSCbubuYpDWJZLZs0TssLrbt33Lk5kbipuiZrkg89G3.g7\/stparam=uciklwjurk\/fastid=efdamtuhsxcjschvtzobuxredglq\/nc=0\/url=https:\/\/www.indapresskiado.hu\/products\/marco-rossi?_pos=1&amp;_psq=rossi&amp;_ss=e&amp;_v=1.0\" target=\"_blank\" rel=\"nofollow noopener\">MEGVESZEM<\/a><\/p>\n<p>    <img loading=\"lazy\" decoding=\"async\" src=\"https:\/\/www.europesays.com\/hu\/wp-content\/uploads\/2026\/02\/1771583768_97_nc=0.gif\" border=\"0\" height=\"0\" width=\"0\"\/><\/p>\n<p>    <img decoding=\"async\" src=\"https:\/\/index.hu\/assets\/images\/social-follow\/logo-big.svg\" alt=\"Index.hu logo\"\/><\/p>\n<p>K\u00f6vesse az Indexet Facebookon is!<\/p>\n<p>    <a href=\"https:\/\/facebook.com\/Indexhu\" target=\"_blank\" rel=\"nofollow noopener\"><\/p>\n<p>        K\u00f6vetem!<br \/>\n    <\/a><\/p>\n","protected":false},"excerpt":{"rendered":"A ligaszakaszban a Manchester City elleni z\u00e1r\u00e1sig (0\u20134) minden meccs\u00e9t megnyer\u0151 Real Madrid az egyenes kies\u00e9ses szakaszban a&hellip;\n","protected":false},"author":2,"featured_media":70880,"comment_status":"","ping_status":"","sticky":false,"template":"","format":"standard","meta":{"footnotes":"","_share_on_mastodon":"0"},"categories":[14],"tags":[26201,44,42,40,26200,26199,43,41,2310,45,131],"class_list":["post-70879","post","type-post","status-publish","format-standard","has-post-thumbnail","category-sport","tag-fc-bruges","tag-hu","tag-hungarian","tag-hungary","tag-ifi-bl","tag-ifjusagi-bajnokok-ligaja","tag-magyar","tag-magyarorszag","tag-real-madrid","tag-sport","tag-sports"],"share_on_mastodon":{"url":"https:\/\/pubeurope.com\/@hu\/116438854854204848","error":""},"_links":{"self":[{"href":"https:\/\/www.europesays.com\/hu\/wp-json\/wp\/v2\/posts\/70879","targetHints":{"allow":["GET"]}}],"collection":[{"href":"https:\/\/www.europesays.com\/hu\/wp-json\/wp\/v2\/posts"}],"about":[{"href":"https:\/\/www.europesays.com\/hu\/wp-json\/wp\/v2\/types\/post"}],"author":[{"embeddable":true,"href":"https:\/\/www.europesays.com\/hu\/wp-json\/wp\/v2\/users\/2"}],"replies":[{"embeddable":true,"href":"https:\/\/www.europesays.com\/hu\/wp-json\/wp\/v2\/comments?post=70879"}],"version-history":[{"count":0,"href":"https:\/\/www.europesays.com\/hu\/wp-json\/wp\/v2\/posts\/70879\/revisions"}],"wp:featuredmedia":[{"embeddable":true,"href":"https:\/\/www.europesays.com\/hu\/wp-json\/wp\/v2\/media\/70880"}],"wp:attachment":[{"href":"https:\/\/www.europesays.com\/hu\/wp-json\/wp\/v2\/media?parent=70879"}],"wp:term":[{"taxonomy":"category","embeddable":true,"href":"https:\/\/www.europesays.com\/hu\/wp-json\/wp\/v2\/categories?post=70879"},{"taxonomy":"post_tag","embeddable":true,"href":"https:\/\/www.europesays.com\/hu\/wp-json\/wp\/v2\/tags?post=70879"}],"curies":[{"name":"wp","href":"https:\/\/api.w.org\/{rel}","templated":true}]}}