{"id":71618,"date":"2026-04-21T11:34:09","date_gmt":"2026-04-21T11:34:09","guid":{"rendered":"https:\/\/www.europesays.com\/hu\/71618\/"},"modified":"2026-04-21T11:34:09","modified_gmt":"2026-04-21T11:34:09","slug":"rendkivuli-musorvaltozas-elmarad-a-naplo-a-tv2-n-el-clasico-lesz-helyette","status":"publish","type":"post","link":"https:\/\/www.europesays.com\/hu\/71618\/","title":{"rendered":"Rendk\u00edv\u00fcli m\u0171sorv\u00e1ltoz\u00e1s: elmarad a Napl\u00f3 a TV2-n \u2013 El Cl\u00e1sico lesz helyette"},"content":{"rendered":"<p>A <a href=\"https:\/\/media1.hu\/cimke\/tv2\" rel=\"nofollow noopener\" target=\"_blank\">TV2 Csoport<\/a> egyik mai, keddi k\u00f6zlem\u00e9ny\u00e9ben arr\u00f3l \u00edr, hogy m\u00e1jus 10-\u00e9n, vas\u00e1rnap az El Cl\u00e1sico lesz l\u00e1that\u00f3 a f\u0151csatorn\u00e1n, majd ennek a k\u00f6zlem\u00e9nynek a v\u00e9g\u00e9r\u0151l az is kider\u00fcl, hogy ez egy\u00fattal azt jelenti, hogy elmarad a <a href=\"https:\/\/media1.hu\/cimke\/naplo\" rel=\"nofollow noopener\" target=\"_blank\">Napl\u00f3<\/a>.<\/p>\n<p>A k\u00f6zlem\u00e9nyben a TV2 \u00fagy fogalmazott: \u201eaz El Cl\u00e1sico a vil\u00e1g futballj\u00e1nak egyik legikonikusabb \u00e9s legnagyobb \u00e9rdekl\u0151d\u00e9ssel k\u00eds\u00e9rt rangad\u00f3ja, amely nem csup\u00e1n k\u00e9t gig\u00e1szi klub, az FC Barcelona \u00e9s a Real Madrid \u00f6sszecsap\u00e1sa, hanem t\u00f6rt\u00e9nelmi, kultur\u00e1lis \u00e9s sportszakmai szempontb\u00f3l is kiemelt jelent\u0151s\u00e9g\u0171 esem\u00e9ny, amely rendszeresen t\u00f6bb sz\u00e1zmilli\u00f3 n\u00e9z\u0151 figyelm\u00e9t vonzza vil\u00e1gszerte.<\/p>\n<p>Ez\u00fattal a bajnoki c\u00edm szempontj\u00e1b\u00f3l is kulcsfontoss\u00e1g\u00fa \u00f6sszecsap\u00e1s lehet, ahol az \u00e9llovas FC Barcelona ak\u00e1r d\u00f6nt\u0151 l\u00e9p\u00e9st tehet a v\u00e9gs\u0151 gy\u0151zelem fel\u00e9, mik\u00f6zben a hull\u00e1mz\u00f3 form\u00e1ban l\u00e9v\u0151 Real Madrid sz\u00e1m\u00e1ra ez az egyik utols\u00f3 es\u00e9ly a felz\u00e1rk\u00f3z\u00e1sra \u00e9s a szezon megment\u00e9s\u00e9re.<\/p>\n<p>A nagy v\u00e1rakoz\u00e1sra val\u00f3 tekintettel a rangad\u00f3t ez\u00fattal a TV2-n l\u00e1thatj\u00e1k majd a n\u00e9z\u0151k, m\u00e1jus 10-\u00e9n vas\u00e1rnap este, \u00edgy aznap a Napl\u00f3 nem ker\u00fcl k\u00e9perny\u0151re\u201d \u2013 \u00edrj\u00e1k.<\/p>\n<p>\u00d3ri\u00e1si szem\u00e9lyi v\u00e1ltoz\u00e1sok a TV2-n\u00e9l a v\u00e1laszt\u00e1sok ut\u00e1n<\/p>\n<p>Az, hogy a Napl\u00f3 elmarad, n\u00e9h\u00e1ny nappal k\u00f6veti azt a h\u00edrt, hogy Vaszily Mikl\u00f3s, a TV2 Csoport eln\u00f6k-vez\u00e9rigazgat\u00f3ja a v\u00e1laszt\u00e1sok ut\u00e1n szinte azonnal elbocs\u00e1totta Szalai Vivient, a TV2 h\u00edrigazgat\u00f3j\u00e1t, amit a<a href=\"https:\/\/media1.hu\/2026\/04\/16\/pezsgovel-unneplik-szalai-vivien-elbocsatasat-a-tv2-munkatarsai\/\" rel=\"nofollow noopener\" target=\"_blank\"> v\u00e1llalat t\u00f6bb munkat\u00e1rsa pezsg\u0151bont\u00e1ssal \u00e9s r\u00f6gt\u00f6nz\u00f6tt bulival \u00fcnnepelt<\/a>. M\u00e1snap G\u00f6nczi G\u00e1bor \u00e9s Marsi Anik\u00f3 bejelentett\u00e9k, <a href=\"https:\/\/media1.hu\/2026\/04\/17\/marsi-aniko-es-gonczi-gabor-lekerul-a-tv2-kepernyojerol-ezzel-indokoljak\/\" rel=\"nofollow noopener\" target=\"_blank\">hat\u00e1rozatlan ideig nem lesznek l\u00e1that\u00f3k a T\u00e9nyekben<\/a>, mivel \u201epihenni szeretn\u00e9tek\u201d, de meg\u00edg\u00e9rt\u00e9k, hogy <a href=\"https:\/\/media1.hu\/2026\/04\/17\/gonczi-gabor-es-marsi-aniko-azt-igeri-visszaternek-a-tv2-kepernyojere\/\" rel=\"nofollow noopener\" target=\"_blank\">vissza fognak t\u00e9rn<\/a>i, G\u00f6nczi G\u00e1bor pedig azt is hozz\u00e1tette a m\u00falt h\u00e9ten, hogy a Napl\u00f3t m\u00e9g elk\u00e9sz\u00edti vas\u00e1rnap, \u201eazt\u00e1n meg megl\u00e1tjuk, mit hoz a j\u00f6v\u0151\u201d.<\/p>\n<p>Most viszont m\u00e1r biztos, hogy n\u00e9gy h\u00e9t m\u00falva G\u00f6nczi m\u00e1r teljes pihen\u00e9st tarthat, hiszen akkor nem kell vezetnie a m\u0171sort.<\/p>\n<p>Politikai cenz\u00fara k\u00eds\u00e9rlete ut\u00e1n \u00e1llt fel a Napl\u00f3 r\u00e9gi st\u00e1bja 2014-ben<\/p>\n<p>Dorogi Gabriella, a 2014-ben megsz\u0171nt r\u00e9gi Napl\u00f3 egykori szt\u00e1rriportere \u00e9pp <a href=\"https:\/\/media1.hu\/2026\/04\/20\/kitalalt-dorogi-gabriella-igy-probaltak-cenzurazni-a-naplo-musorat\/\" rel=\"nofollow noopener\" target=\"_blank\">a minap t\u00e1lalt ki arr\u00f3l<\/a>, hogy miel\u0151tt annak idej\u00e9n a teljes st\u00e1b fel\u00e1llt annak idej\u00e9n, milyen cenz\u00far\u00e1kra pr\u00f3b\u00e1lta egy \u00faj, NER-es \u201elektor\u201d belek\u00e9nyszer\u00edti a m\u0171sork\u00e9sz\u00edt\u0151ket, illetve milyen saj\u00e1tos szerkeszt\u00e9si elv\u00e1r\u00e1sokat fogalmazott meg. Ilyen volt p\u00e9ld\u00e1ul, hogy a Fideszhez k\u00f6thet\u0151 figur\u00e1knak dupla besz\u00e9did\u0151t kellett adni, illetve nem lehetett t\u00e9ma p\u00e9ld\u00e1ul a magyarorsz\u00e1gi szeg\u00e9nys\u00e9g.<\/p>\n<p>A m\u00falt h\u00e9ten egy\u00e9bk\u00e9nt Vujity Tvrtko, majd Sv\u00e1by Andr\u00e1s, a m\u0171sor egykori m\u0171sorvezet\u0151i (jelenleg a konkurens ATV Heti Napl\u00f3 munkat\u00e1rsai) is <a href=\"https:\/\/media1.hu\/2026\/04\/20\/kitalalt-dorogi-gabriella-igy-probaltak-cenzurazni-a-naplo-musorat\/\" rel=\"nofollow noopener\" target=\"_blank\">felsz\u00f3l\u00edt\u00e1ssal \u00e9ltek a TV2 fel\u00e9<\/a>, hogy hagyjanak fel a 2025 \u00f3ta Napl\u00f3 c\u00edmmel jelentkez\u0151 \u00faj m\u0171sor sug\u00e1rz\u00e1s\u00e1val, az ugyanis meggyal\u00e1zza egykori, ilyen n\u00e9ven sug\u00e1rzott eredeti m\u0171sor szellemi \u00f6r\u00f6ks\u00e9g\u00e9t.<\/p>\n<p>K\u00e9s\u0151bb a Media1 azt is \u00e9szrevette, hogy a TV2 T\u00e9nyek egyik munkat\u00e1rsa, Varga Attila m\u0171sorvezet\u0151 elkezdte let\u00f6r\u00f6lni a T\u00e9nyek t\u00f6bbi m\u0171sorvezet\u0151j\u00e9vel k\u00e9sz\u00edtett, Orb\u00e1n Viktort t\u00e1mogat\u00f3 vide\u00f3it a Facebookr\u00f3l, de levette a Magyar P\u00e9tert ek\u00e9z\u0151 vide\u00f3j\u00e1t \u00e9s t\u00f6bb m\u00e1s tartalmat is \u2013 <a href=\"https:\/\/media1.hu\/2026\/04\/19\/eltuntek-orbant-tamogato-posztok-varga-attila-tv2-tenyek\/\" rel=\"nofollow noopener\" target=\"_blank\">itt \u00edrtunk err\u0151l b\u0151vebben<\/a>.<\/p>\n<p>Lapunk kor\u00e1bban arr\u00f3l is besz\u00e1molt, hogy <a href=\"https:\/\/media1.hu\/2026\/02\/27\/tv2-tenyek-gonczi-gabor-fidesz-nemzeti-peticio\/\" rel=\"nofollow noopener\" target=\"_blank\">G\u00f6nczi G\u00e1bor \u00e9s Marsi Anik\u00f3 m\u00e9g a v\u00e1laszt\u00e1sok el\u0151tt a Fidesz-f\u00e9le polg\u00e1ri k\u00f6r\u00f6knek is tagjai<\/a> lettek.<\/p>\n<p>Pontos\u00edt\u00e1s 11:25:<\/p>\n<p>H\u00edr\u00fcnk eredeti v\u00e1ltozat\u00e1ban n\u00e9h\u00e1ny percen \u00e1t pontatlanul az szerepelt, hogy k\u00e9t h\u00e9ttel a v\u00e1laszt\u00e1sok ut\u00e1n marad el a Napl\u00f3, de mivel m\u00e1jus 10-r\u0151l van sz\u00f3, \u00edgy nem sokkal k\u00e9s\u0151bb n\u00e9gy h\u00e9tre jav\u00edtottuk.<\/p>\n<p><a href=\"https:\/\/media1.hu\/2026\/04\/20\/kitalalt-dorogi-gabriella-igy-probaltak-cenzurazni-a-naplo-musorat\/\" rel=\"nofollow noopener\" target=\"_blank\">Kit\u00e1lalt Dorogi Gabriella: \u00edgy pr\u00f3b\u00e1lt\u00e1k cenz\u00far\u00e1zni a Napl\u00f3 m\u0171sor\u00e1t a st\u00e1b t\u00e1voz\u00e1sa el\u0151tt<\/a><\/p>\n<p><a href=\"https:\/\/media1.hu\/2026\/04\/21\/beszolt-gonczi-gabornak-es-marsi-anikonak-az-rtl-hiradoban-szello-istvan-es-eros-antonia\/\" rel=\"nofollow noopener\" target=\"_blank\">Besz\u00f3lt G\u00f6nczi G\u00e1bornak \u00e9s Marsi Anik\u00f3nak az RTL H\u00edrad\u00f3ban Szell\u0151 Istv\u00e1n \u00e9s Er\u0151s Ant\u00f3nia<\/a><\/p>\n<p><a href=\"https:\/\/media1.hu\/2026\/04\/20\/mi-lesz-a-tv2-vel-es-az-rtl-lel-ha-elapadnak-az-allami-milliardjaik-megszolalt-a-ket-legnagyobb-kereskedelmi-teve\/\" rel=\"nofollow noopener\" target=\"_blank\">Mi lesz a TV2-vel \u00e9s az RTL-lel, ha elapadnak az \u00e1llami milli\u00e1rdjaik? Megsz\u00f3lalt a k\u00e9t legnagyobb kereskedelmi t\u00e9v\u00e9<\/a><\/p>\n<p><a href=\"https:\/\/media1.hu\/2026\/04\/16\/pezsgovel-unneplik-szalai-vivien-elbocsatasat-a-tv2-munkatarsai\/\" rel=\"nofollow noopener\" target=\"_blank\">Pezsg\u0151vel \u00fcnneplik Szalai Vivien elbocs\u00e1t\u00e1s\u00e1t a TV2 munkat\u00e1rsai<\/a><\/p>\n<p><a href=\"https:\/\/media1.hu\/2026\/04\/16\/vujity-tvrkto-uzent-a-tv2-nek-hagyjatok-abba-a-naplot\/\" rel=\"nofollow noopener\" target=\"_blank\">Vujity Tvrtko \u00fczent a TV2-nek: hagyj\u00e1tok abba a Napl\u00f3t!<\/a><\/p>\n<p><a href=\"https:\/\/media1.hu\/2026\/04\/19\/eltuntek-orbant-tamogato-posztok-varga-attila-tv2-tenyek\/\" rel=\"nofollow noopener\" target=\"_blank\">Orb\u00e1nt t\u00e1mogat\u00f3 posztok t\u0171ntek el a TV2-s Varga Attila Facebookj\u00e1r\u00f3l<\/a><\/p>\n<p><a href=\"https:\/\/media1.hu\/2026\/04\/20\/balhe-tisza-szimpatizansok-kivettek-a-hirtv-kamerajabol-az-akkumulatort-forsthoffer-agnes-rendezvenyen-video\/\" rel=\"nofollow noopener\" target=\"_blank\">Balh\u00e9: Tisza-szimpatiz\u00e1nsok kivett\u00e9k a H\u00edrTV kamer\u00e1j\u00e1b\u00f3l az akkumul\u00e1tort Forsthoffer \u00c1gnes rendezv\u00e9ny\u00e9n (Vide\u00f3)<\/a><\/p>\n<p>\u00a0<\/p>\n<p>M\u00e9g t\u00f6bb h\u00edr \u00e9rhet\u0151 el a\u00a0<a href=\"https:\/\/media1.hu\/\" target=\"_blank\" rel=\"noopener nofollow\">Media1-en<\/a>. Megtal\u00e1lhat minket\u00a0<a href=\"https:\/\/facebook.com\/media1hu\" target=\"_blank\" rel=\"noopener nofollow\">Facebookon is<\/a>. Feliratkozhat\u00a0<a href=\"https:\/\/media1.hu\/hirlevel\" rel=\"nofollow noopener\" target=\"_blank\">napi h\u00edrlevel\u00fcnkre is<\/a>.<\/p>\n<p>Bor\u00edt\u00f3: G\u00f6nczi G\u00e1bor \u00e9s Marsi Anik\u00f3, a TV2 Napl\u00f3 m\u0171sorvezet\u0151i<\/p>\n<p>\u00a0<\/p>\n","protected":false},"excerpt":{"rendered":"A TV2 Csoport egyik mai, keddi k\u00f6zlem\u00e9ny\u00e9ben arr\u00f3l \u00edr, hogy m\u00e1jus 10-\u00e9n, vas\u00e1rnap az El Cl\u00e1sico lesz l\u00e1that\u00f3&hellip;\n","protected":false},"author":2,"featured_media":71619,"comment_status":"","ping_status":"","sticky":false,"template":"","format":"standard","meta":{"footnotes":"","_share_on_mastodon":"0"},"categories":[14],"tags":[26384,13444,3224,378,553,13488,44,42,40,43,41,1859,7222,19084,2310,26385,5690,45,131,24788,493,5103],"class_list":["post-71618","post","type-post","status-publish","format-standard","has-post-thumbnail","category-sport","tag-el-clasico","tag-elmarad","tag-fc-barcelona","tag-foci","tag-futball","tag-gonczi-gabor","tag-hu","tag-hungarian","tag-hungary","tag-magyar","tag-magyarorszag","tag-marsi-aniko","tag-naplo","tag-orszaggyulesi-valasztasok-2026","tag-real-madrid","tag-rendkivuli-musorvaltozas","tag-spanyol-foci","tag-sport","tag-sports","tag-szalai-vivien","tag-tv2","tag-tv2-media-csoport"],"share_on_mastodon":{"url":"https:\/\/pubeurope.com\/@hu\/116442488043964878","error":""},"_links":{"self":[{"href":"https:\/\/www.europesays.com\/hu\/wp-json\/wp\/v2\/posts\/71618","targetHints":{"allow":["GET"]}}],"collection":[{"href":"https:\/\/www.europesays.com\/hu\/wp-json\/wp\/v2\/posts"}],"about":[{"href":"https:\/\/www.europesays.com\/hu\/wp-json\/wp\/v2\/types\/post"}],"author":[{"embeddable":true,"href":"https:\/\/www.europesays.com\/hu\/wp-json\/wp\/v2\/users\/2"}],"replies":[{"embeddable":true,"href":"https:\/\/www.europesays.com\/hu\/wp-json\/wp\/v2\/comments?post=71618"}],"version-history":[{"count":0,"href":"https:\/\/www.europesays.com\/hu\/wp-json\/wp\/v2\/posts\/71618\/revisions"}],"wp:featuredmedia":[{"embeddable":true,"href":"https:\/\/www.europesays.com\/hu\/wp-json\/wp\/v2\/media\/71619"}],"wp:attachment":[{"href":"https:\/\/www.europesays.com\/hu\/wp-json\/wp\/v2\/media?parent=71618"}],"wp:term":[{"taxonomy":"category","embeddable":true,"href":"https:\/\/www.europesays.com\/hu\/wp-json\/wp\/v2\/categories?post=71618"},{"taxonomy":"post_tag","embeddable":true,"href":"https:\/\/www.europesays.com\/hu\/wp-json\/wp\/v2\/tags?post=71618"}],"curies":[{"name":"wp","href":"https:\/\/api.w.org\/{rel}","templated":true}]}}