{"id":71811,"date":"2026-04-21T14:22:09","date_gmt":"2026-04-21T14:22:09","guid":{"rendered":"https:\/\/www.europesays.com\/hu\/71811\/"},"modified":"2026-04-21T14:22:09","modified_gmt":"2026-04-21T14:22:09","slug":"index-futball-futball-340","status":"publish","type":"post","link":"https:\/\/www.europesays.com\/hu\/71811\/","title":{"rendered":"Index &#8211; Futball &#8211; Futball"},"content":{"rendered":"<p>\n                          K\u00e9sel\u00e9ses t\u00e1mad\u00e1s \u00e9rte Alamara Djabit, a d\u00e1n Midtjylland labdar\u00fag\u00f3csapat\u00e1nak 19 \u00e9ves j\u00e1t\u00e9kos\u00e1t, akit k\u00e9tszer meg kellett oper\u00e1lni, \u00e9s k\u00f3m\u00e1ban volt, miel\u0151tt stabiliz\u00e1l\u00f3dott az \u00e1llapota.\n                        <\/p>\n<p>A klub k\u00f6zl\u00e9se szerint a fiatal futballista \u00e9letvesz\u00e9lyben volt a h\u00e9tv\u00e9gi, herningi eset ut\u00e1n, de most m\u00e1r tudat\u00e1n\u00e1l van.<\/p>\n<p>\u201eAz FC Midtjylland folyamatos egy\u00fcttm\u0171k\u00f6d\u00e9sben van a hat\u00f3s\u00e1gokkal, \u00e9s minden t\u00e1mogat\u00e1st megad Alamara Djabinak \u00e9s csal\u00e1dj\u00e1nak\u201d\u00a0\u2013 \u00e1ll az egyes\u00fclet <a href=\"https:\/\/www.fcm.dk\/nyheder\/orientering-om-alamara-djabi\/\" id=\"hyperlink_b0c964139067c8499e4da5c902a4d7dc\" rel=\"nofollow noopener\" target=\"_blank\">k\u00f6zlem\u00e9ny\u00e9ben<\/a>.<\/p>\n<p>Az \u00fcgy h\u00e1tter\u00e9r\u0151l egyel\u0151re nem k\u00f6z\u00f6ltek r\u00e9szleteket, de megk\u00e9rt\u00e9k a sajt\u00f3t, hogy az eset s\u00falyoss\u00e1g\u00e1ra val\u00f3 tekintettel ne pr\u00f3b\u00e1ljanak kapcsolatba l\u00e9pni a j\u00e1t\u00e9kos csal\u00e1dj\u00e1val, csapatt\u00e1rsakkal, valamint a klub alkalmazottjaival se.<\/p>\n<p>A bissau-guineai sz\u00e1rmaz\u00e1s\u00fa Djabi 2023-ban szerz\u0151d\u00f6tt a Midtjyllandhoz, majd egy \u00e9vre k\u00f6lcs\u00f6nadt\u00e1k a portug\u00e1l harmadik lig\u00e1s CD Mafr\u00e1nak. A d\u00e1nok els\u0151 csapat\u00e1ban m\u00e9g tavaly a finn Kups elleni Eur\u00f3pa-liga-selejtez\u0151 visszav\u00e1g\u00f3j\u00e1n kapott lehet\u0151s\u00e9get.<\/p>\n<p>\n                           (Index\/MTI)\n                        <\/p>\n<p>Ebben a cikkben a t\u00e9ma \u00e9rz\u00e9kenys\u00e9ge miatt nem tartjuk etikusnak rekl\u00e1mok elhelyez\u00e9s\u00e9t.<br \/>R\u00e9szletes t\u00e1j\u00e9koztat\u00e1st az Indamedia Csoport <a href=\"https:\/\/ajanlat.indamediasales.hu\/markabiztonsag\/Indamedia_Sales_Markabiztonsagi_nyilatkozat.pdf\" target=\"_blank\" rel=\"nofollow noopener\">m\u00e1rkabiztons\u00e1gi nyilatkozat\u00e1ban<\/a> tal\u00e1l.<\/p>\n<p>    <img decoding=\"async\" src=\"https:\/\/index.hu\/assets\/images\/social-follow\/logo-big.svg\" alt=\"Index.hu logo\"\/><\/p>\n<p>K\u00f6vesse az Indexet Facebookon is!<\/p>\n<p>    <a href=\"https:\/\/facebook.com\/Indexhu\" target=\"_blank\" rel=\"nofollow noopener\"><\/p>\n<p>        K\u00f6vetem!<br \/>\n    <\/a><\/p>\n","protected":false},"excerpt":{"rendered":"K\u00e9sel\u00e9ses t\u00e1mad\u00e1s \u00e9rte Alamara Djabit, a d\u00e1n Midtjylland labdar\u00fag\u00f3csapat\u00e1nak 19 \u00e9ves j\u00e1t\u00e9kos\u00e1t, akit k\u00e9tszer meg kellett oper\u00e1lni, \u00e9s&hellip;\n","protected":false},"author":2,"featured_media":71812,"comment_status":"","ping_status":"","sticky":false,"template":"","format":"standard","meta":{"footnotes":"","_share_on_mastodon":"0"},"categories":[14],"tags":[26426,26427,553,44,42,40,3589,502,43,41,15407,45,131],"class_list":["post-71811","post","type-post","status-publish","format-standard","has-post-thumbnail","category-sport","tag-alamara-djabi","tag-dan-bajnoksag","tag-futball","tag-hu","tag-hungarian","tag-hungary","tag-keseles","tag-labdarugas","tag-magyar","tag-magyarorszag","tag-midtjylland","tag-sport","tag-sports"],"share_on_mastodon":{"url":"https:\/\/pubeurope.com\/@hu\/116443148757369990","error":""},"_links":{"self":[{"href":"https:\/\/www.europesays.com\/hu\/wp-json\/wp\/v2\/posts\/71811","targetHints":{"allow":["GET"]}}],"collection":[{"href":"https:\/\/www.europesays.com\/hu\/wp-json\/wp\/v2\/posts"}],"about":[{"href":"https:\/\/www.europesays.com\/hu\/wp-json\/wp\/v2\/types\/post"}],"author":[{"embeddable":true,"href":"https:\/\/www.europesays.com\/hu\/wp-json\/wp\/v2\/users\/2"}],"replies":[{"embeddable":true,"href":"https:\/\/www.europesays.com\/hu\/wp-json\/wp\/v2\/comments?post=71811"}],"version-history":[{"count":0,"href":"https:\/\/www.europesays.com\/hu\/wp-json\/wp\/v2\/posts\/71811\/revisions"}],"wp:featuredmedia":[{"embeddable":true,"href":"https:\/\/www.europesays.com\/hu\/wp-json\/wp\/v2\/media\/71812"}],"wp:attachment":[{"href":"https:\/\/www.europesays.com\/hu\/wp-json\/wp\/v2\/media?parent=71811"}],"wp:term":[{"taxonomy":"category","embeddable":true,"href":"https:\/\/www.europesays.com\/hu\/wp-json\/wp\/v2\/categories?post=71811"},{"taxonomy":"post_tag","embeddable":true,"href":"https:\/\/www.europesays.com\/hu\/wp-json\/wp\/v2\/tags?post=71811"}],"curies":[{"name":"wp","href":"https:\/\/api.w.org\/{rel}","templated":true}]}}