{"id":72974,"date":"2026-04-22T12:41:12","date_gmt":"2026-04-22T12:41:12","guid":{"rendered":"https:\/\/www.europesays.com\/hu\/72974\/"},"modified":"2026-04-22T12:41:12","modified_gmt":"2026-04-22T12:41:12","slug":"szigligeti-ivett-gyerekeivel-ment-a-tevebe-dudas-miki-szuletesnapjan-a-kamerak-elott-sirta-el-magat-hazai-sztar","status":"publish","type":"post","link":"https:\/\/www.europesays.com\/hu\/72974\/","title":{"rendered":"Szigligeti Ivett gyerekeivel ment a t\u00e9v\u00e9be Dud\u00e1s Miki sz\u00fclet\u00e9snapj\u00e1n: a kamer\u00e1k el\u0151tt s\u00edrta el mag\u00e1t &#8211; Hazai szt\u00e1r"},"content":{"rendered":"<p>Meghat\u00f3 pillanatoknak lehettek szemtan\u00fai a Mokka n\u00e9z\u0151i, Szigligeti Ivett a k\u00f6nnyeivel k\u00fcszk\u00f6dve eml\u00e9kezett Dud\u00e1s Mikire a sz\u00fclet\u00e9snapj\u00e1n.<\/p>\n<p>                        Szigligeti Ivett a Mokk\u00e1ban<\/p>\n<p>\u00c1prilis 14-\u00e9n \u00fcnnepelte volna 35. sz\u00fclet\u00e9snapj\u00e1t Dud\u00e1s Mikl\u00f3s vil\u00e1gbajnok kajakoz\u00f3, aki tragikus hirtelens\u00e9ggel hunyt el id\u00e9n janu\u00e1rban. A sportol\u00f3 hal\u00e1l\u00e1nak k\u00f6r\u00fclm\u00e9nyei a mai napig tiszt\u00e1zatlanok, arr\u00f3l kor\u00e1bban a <a href=\"https:\/\/femina.hu\/hazai_sztar\/dudas-miki-meghalt\/\" id=\"hyperlink_80df8061c8282eb479b7f423677e823f\" target=\"_self\" rel=\"nofollow noopener\">Femina is besz\u00e1molt<\/a>, hogy otthon\u00e1ban tal\u00e1ltak r\u00e1.\u00a0<\/p>\n<p>Sz\u00fclet\u00e9snapja alkalm\u00e1b\u00f3l h\u00edvt\u00e1k meg a Mokka reggeli ad\u00e1s\u00e1ba volt p\u00e1rj\u00e1t, Szigligeti Ivettet, aki k\u00e9t gyermek\u00fcket, a h\u00e9t\u00e9ves Nar\u00e1t \u00e9s a n\u00e9gy\u00e9ves Mil\u00f3t is mag\u00e1val vitte.\u00a0<\/p>\n<p>&#8211; Nyilv\u00e1n \u0151k adnak nekem mindenben er\u0151t \u00e9s most a rosszban kicsit az a j\u00f3, hogy \u0151k itt vannak velem, mert minden egyes m\u00e9diamegjelen\u00e9sn\u00e9l \u00f6sszeszorul a torkom, amikor ezzel kapcsolatban kell besz\u00e9lni &#8211; mondta az \u00e9desanya.<\/p>\n<p>Szigligeti Ivett hozz\u00e1tette, a gyerekek nagyon sokszor emlegetik \u00e9desapjukat, f\u0151leg a kis Mil\u00f3 mondja gyakran, hogy hi\u00e1nyolja az \u00e9desapj\u00e1t \u00e9s szeretne vele lenni. Kisl\u00e1ny\u00e1val kapcsolatban elmondta, \u0151 ink\u00e1bb mag\u00e1ba fordul \u00e9s nem adja ki az \u00e9rz\u00e9seit.<\/p>\n<p>&#8211; Ezt anyak\u00e9nt \u00e9n meg\u00e9rtem, \u00e9s azt hittem, kib\u00edrom s\u00edr\u00e1s n\u00e9lk\u00fcl, de nem. \u00c9n sem tudom sokszor szavakba \u00f6nteni azt, hogy hi\u00e1ba telnek el a napok \u00e9s a h\u00f3napok, ez a legjobb sz\u00f3 r\u00e1, hogy f\u00e1j &#8211; vallotta be Szigligeti Ivett k\u00f6nnyek k\u00f6z\u00f6tt.<\/p>\n<p>                                    <a href=\"https:\/\/femina.hu\/hazai_sztar\/dudas-miki-alhir\/\" title=\"\" rel=\"nofollow noopener\" target=\"_blank\"><br \/>\n                                    <img decoding=\"async\" src=\"https:\/\/www.europesays.com\/hu\/wp-content\/uploads\/2026\/03\/66995189_4946479_1458058a7c01b8a6d173ed4d859696e6_wm.jpg\" alt=\"\" title=\"\"\/><br \/>\n                                <\/a><\/p>\n<p>                                Dud\u00e1s Miki \u00fcgy\u00e9ben van gyan\u00fas\u00edtott: ez az igaz a neten elterjedt \u00e1lh\u00edrb\u0151l<\/p>\n<p class=\"lead\">Dud\u00e1s Miki \u00fcgy\u00e9ben fut\u00f3t\u0171zk\u00e9nt terjedt el egy \u00e1lh\u00edr a neten. \u00d6sszeszedt\u00fck, mik az utols\u00f3 inform\u00e1ci\u00f3k a trag\u00e9di\u00e1r\u00f3l.<\/p>\n<p>                                <a href=\"https:\/\/femina.hu\/hazai_sztar\/dudas-miki-alhir\/\" class=\"btn btn-normal\" rel=\"nofollow noopener\" target=\"_blank\">Elolvasom<\/a><\/p>\n<p>\n                          Cover-fot\u00f3: RTL\n                        <\/p>\n<p>                                    <img loading=\"lazy\" decoding=\"async\" src=\"https:\/\/www.europesays.com\/hu\/wp-content\/uploads\/2026\/04\/1775923819_34_68204953_20bb222a049bca551bfa29b6ef389012_wm.jpg\" width=\"200\" height=\"290\" alt=\"\"\/><br \/>\n                            \t    \tA benn\u00fcnk \u00e9l\u0151 n\u0151k &#8211; Hol az egyens\u00faly a megfelel\u00e9s \u00e9s az \u00f6nazonoss\u00e1g k\u00f6z\u00f6tt?<\/p>\n<p>A 21. sz\u00e1zadi n\u0151 minden szerepben helyt \u00e1ll: dolgozik, \u00e9desanya, t\u00e1rs, bar\u00e1t, gondoskod\u00f3, \u00e9s k\u00f6zben pr\u00f3b\u00e1l \u00f6nmaga is maradni. Hogyan lehet lav\u00edrozni a rohan\u00f3 mindennapok, a teljes\u00edtm\u00e9nyk\u00e9nyszer \u00e9s a saj\u00e1t lelki b\u00e9k\u00e9nk k\u00f6z\u00f6tt? Hogyan tal\u00e1ljuk meg az egyens\u00falyt szerepeink k\u00f6z\u00f6tt?\u00a0Er\u0151s Ant\u00f3nia \u00e9s Pokorny Lia besz\u00e9lgetnek j\u00fanius 1-j\u00e9n a MOMkultban arr\u00f3l, mit jelent ma n\u0151nek lenni: hogyan lehet egyszerre helyt \u00e1llni a munka, a csal\u00e1d \u00e9s a saj\u00e1t v\u00e1gyak vil\u00e1g\u00e1ban, mik\u00f6zben meg\u0151rizz\u00fck \u00f6nmagunkat, bels\u0151 er\u0151nket \u00e9s harm\u00f3ni\u00e1nkat.\u00a0<\/p>\n<p><a href=\"https:\/\/indaevents.hu\/\/e\/erosantonia-pokornylia\" rel=\"nofollow noopener\" target=\"_blank\">Biztos\u00edtsd be a helyed most!<\/a><\/p>\n<p class=\"promocio\">Prom\u00f3ci\u00f3<\/p>\n","protected":false},"excerpt":{"rendered":"Meghat\u00f3 pillanatoknak lehettek szemtan\u00fai a Mokka n\u00e9z\u0151i, Szigligeti Ivett a k\u00f6nnyeivel k\u00fcszk\u00f6dve eml\u00e9kezett Dud\u00e1s Mikire a sz\u00fclet\u00e9snapj\u00e1n. Szigligeti&hellip;\n","protected":false},"author":2,"featured_media":72975,"comment_status":"","ping_status":"","sticky":false,"template":"","format":"standard","meta":{"footnotes":"","_share_on_mastodon":"0"},"categories":[21],"tags":[198,5292,137,206,199,44,42,40,43,41,204,5293,138,205],"class_list":["post-72974","post","type-post","status-publish","format-standard","has-post-thumbnail","category-hiressegek","tag-celebrities","tag-dudas-miki","tag-entertainment","tag-hazai-sztar","tag-hiressegek","tag-hu","tag-hungarian","tag-hungary","tag-magyar","tag-magyarorszag","tag-mokka","tag-szigligeti-ivett","tag-szorakozas","tag-sztar"],"share_on_mastodon":{"url":"https:\/\/pubeurope.com\/@hu\/116448413836007842","error":""},"_links":{"self":[{"href":"https:\/\/www.europesays.com\/hu\/wp-json\/wp\/v2\/posts\/72974","targetHints":{"allow":["GET"]}}],"collection":[{"href":"https:\/\/www.europesays.com\/hu\/wp-json\/wp\/v2\/posts"}],"about":[{"href":"https:\/\/www.europesays.com\/hu\/wp-json\/wp\/v2\/types\/post"}],"author":[{"embeddable":true,"href":"https:\/\/www.europesays.com\/hu\/wp-json\/wp\/v2\/users\/2"}],"replies":[{"embeddable":true,"href":"https:\/\/www.europesays.com\/hu\/wp-json\/wp\/v2\/comments?post=72974"}],"version-history":[{"count":0,"href":"https:\/\/www.europesays.com\/hu\/wp-json\/wp\/v2\/posts\/72974\/revisions"}],"wp:featuredmedia":[{"embeddable":true,"href":"https:\/\/www.europesays.com\/hu\/wp-json\/wp\/v2\/media\/72975"}],"wp:attachment":[{"href":"https:\/\/www.europesays.com\/hu\/wp-json\/wp\/v2\/media?parent=72974"}],"wp:term":[{"taxonomy":"category","embeddable":true,"href":"https:\/\/www.europesays.com\/hu\/wp-json\/wp\/v2\/categories?post=72974"},{"taxonomy":"post_tag","embeddable":true,"href":"https:\/\/www.europesays.com\/hu\/wp-json\/wp\/v2\/tags?post=72974"}],"curies":[{"name":"wp","href":"https:\/\/api.w.org\/{rel}","templated":true}]}}