{"id":73508,"date":"2026-04-22T20:46:11","date_gmt":"2026-04-22T20:46:11","guid":{"rendered":"https:\/\/www.europesays.com\/hu\/73508\/"},"modified":"2026-04-22T20:46:11","modified_gmt":"2026-04-22T20:46:11","slug":"index-sport-szollosi-gyorgy-lett-a-european-sport-media-vezetoje","status":"publish","type":"post","link":"https:\/\/www.europesays.com\/hu\/73508\/","title":{"rendered":"Index &#8211; Sport &#8211; Sz\u00f6ll\u0151si Gy\u00f6rgy lett a European Sport Media vezet\u0151je"},"content":{"rendered":"<p>Sz\u00f6ll\u0151si Gy\u00f6rgy lett a legnagyobb eur\u00f3pai sport- \u00e9s futballszaklapokat t\u00f6m\u00f6r\u00edt\u0151 European Sport Media (ESM) nev\u0171 szervezet vezet\u0151je.<\/p>\n<p>Az ESM a budapesti Football Forum Hungary szakmai konferenci\u00e1ja keret\u00e9ben megrendezett k\u00f6zgy\u0171l\u00e9se a La Gazzetta dello Sport, az A Bola, a Kicker, a World Soccer, a holland ELF Voetbal Magazine, a Marca \u00e9s a Nemzeti Sport r\u00e9szv\u00e9tel\u00e9vel \u00fagy d\u00f6nt\u00f6tt, hogy \u00fajra\u00e9p\u00edti a szervezetet \u00e9s \u00fajraalkotja az 1968 \u00f3ta l\u00e9tez\u0151, a legjobb eur\u00f3pai g\u00f3ll\u00f6v\u0151nek j\u00e1r\u00f3 Aranycip\u0151-d\u00edj im\u00e1zs\u00e1t, koncepci\u00f3j\u00e1t.<\/p>\n<p>A Football Forum Hungary Facebook-oldal\u00e1nak besz\u00e1mol\u00f3ja szerint az esem\u00e9nyen sz\u00f3ba ker\u00fclt a n\u0151i Aranycip\u0151-d\u00edj megalap\u00edt\u00e1sa, az Ez\u00fcst- \u00e9s Bronzcip\u0151 hagyom\u00e1ny\u00e1nak \u00fajra\u00e9leszt\u00e9se \u00e9ppen \u00fagy, mint egy rangos, rendszeres d\u00edj\u00e1tad\u00f3 g\u00e1la megrendez\u00e9se. Az \u00faj koncepci\u00f3 kidolgoz\u00e1s\u00e1val Sz\u00f6ll\u0151si Gy\u00f6rgy\u00f6t, a Nemzeti Sport f\u0151szerkeszt\u0151j\u00e9t, az ESM eddigi aleln\u00f6k\u00e9t b\u00edzt\u00e1k meg.<\/p>\n<p>    <img decoding=\"async\" src=\"https:\/\/index.hu\/assets\/images\/social-follow\/logo-big.svg\" alt=\"Index.hu logo\"\/><\/p>\n<p>K\u00f6vesse az Indexet Facebookon is!<\/p>\n<p>    <a href=\"https:\/\/facebook.com\/Indexhu\" target=\"_blank\" rel=\"nofollow noopener\"><\/p>\n<p>        K\u00f6vetem!<br \/>\n    <\/a><\/p>\n","protected":false},"excerpt":{"rendered":"Sz\u00f6ll\u0151si Gy\u00f6rgy lett a legnagyobb eur\u00f3pai sport- \u00e9s futballszaklapokat t\u00f6m\u00f6r\u00edt\u0151 European Sport Media (ESM) nev\u0171 szervezet vezet\u0151je. Az&hellip;\n","protected":false},"author":2,"featured_media":73509,"comment_status":"","ping_status":"","sticky":false,"template":"","format":"standard","meta":{"footnotes":"","_share_on_mastodon":"0"},"categories":[14],"tags":[26839,44,42,40,43,41,19548,45,131,7218,4364,245],"class_list":["post-73508","post","type-post","status-publish","format-standard","has-post-thumbnail","category-sport","tag-european-sport-media","tag-hu","tag-hungarian","tag-hungary","tag-magyar","tag-magyarorszag","tag-msusz","tag-sport","tag-sports","tag-szervezet","tag-szollosi-gyorgy","tag-vezetes"],"share_on_mastodon":{"url":"https:\/\/pubeurope.com\/@hu\/116450320888139678","error":""},"_links":{"self":[{"href":"https:\/\/www.europesays.com\/hu\/wp-json\/wp\/v2\/posts\/73508","targetHints":{"allow":["GET"]}}],"collection":[{"href":"https:\/\/www.europesays.com\/hu\/wp-json\/wp\/v2\/posts"}],"about":[{"href":"https:\/\/www.europesays.com\/hu\/wp-json\/wp\/v2\/types\/post"}],"author":[{"embeddable":true,"href":"https:\/\/www.europesays.com\/hu\/wp-json\/wp\/v2\/users\/2"}],"replies":[{"embeddable":true,"href":"https:\/\/www.europesays.com\/hu\/wp-json\/wp\/v2\/comments?post=73508"}],"version-history":[{"count":0,"href":"https:\/\/www.europesays.com\/hu\/wp-json\/wp\/v2\/posts\/73508\/revisions"}],"wp:featuredmedia":[{"embeddable":true,"href":"https:\/\/www.europesays.com\/hu\/wp-json\/wp\/v2\/media\/73509"}],"wp:attachment":[{"href":"https:\/\/www.europesays.com\/hu\/wp-json\/wp\/v2\/media?parent=73508"}],"wp:term":[{"taxonomy":"category","embeddable":true,"href":"https:\/\/www.europesays.com\/hu\/wp-json\/wp\/v2\/categories?post=73508"},{"taxonomy":"post_tag","embeddable":true,"href":"https:\/\/www.europesays.com\/hu\/wp-json\/wp\/v2\/tags?post=73508"}],"curies":[{"name":"wp","href":"https:\/\/api.w.org\/{rel}","templated":true}]}}