{"id":75948,"date":"2026-04-24T18:19:06","date_gmt":"2026-04-24T18:19:06","guid":{"rendered":"https:\/\/www.europesays.com\/hu\/75948\/"},"modified":"2026-04-24T18:19:06","modified_gmt":"2026-04-24T18:19:06","slug":"19-millio-toth-gabieknak-penzeso-az-eddara-de-muri-enikot-es-kis-grofot-sem-hagytak-az-ut-szelen","status":"publish","type":"post","link":"https:\/\/www.europesays.com\/hu\/75948\/","title":{"rendered":"19 milli\u00f3 T\u00f3th Gabi\u00e9knak, p\u00e9nzes\u0151 az Edd\u00e1ra, de Muri Enik\u0151t \u00e9s Kis Gr\u00f3f\u00f3t sem hagyt\u00e1k az \u00fat sz\u00e9l\u00e9n"},"content":{"rendered":"<p>\u00c1llami kifizet\u0151helyk\u00e9nt m\u0171k\u00f6d\u00f6tt az a Nemzeti Kultur\u00e1lis Alaphoz tartoz\u00f3 program, amely keret\u00e9ben 2025 v\u00e9g\u00e9n 17 milli\u00e1rd forint t\u00e1mogat\u00e1s foly\u00f3s\u00edt\u00e1s\u00e1r\u00f3l sz\u00fcletett d\u00f6nt\u00e9s \u2013 <a href=\"https:\/\/www.youtube.com\/live\/8lUt3j_ShsY?si=IV61GNElwRxs_gRB&amp;t=2540\" target=\"_blank\" rel=\"nofollow noopener\">mondta Moln\u00e1r \u00c1ron<\/a> a Magyarorsz\u00e1g Kedvenc Reggeli M\u0171sora c\u00edmen fut\u00f3 YouTube-m\u0171sor\u00e1ban cs\u00fct\u00f6rt\u00f6k\u00f6n.<\/p>\n<p>A sz\u00edn\u00e9sz, Fidesz-ellenes mozgalm\u00e1r-influenszer arr\u00f3l besz\u00e9lt az ad\u00e1sban, hogy az eml\u00edtett \u00f6sszeg kultur\u00e1lis t\u00e1mogat\u00e1s c\u00edmen jutott el 790 kedvezm\u00e9nyezetthez, a Nemzeti Kultur\u00e1lis Alap (NKA) al\u00e1 tartoz\u00f3 Nemzeti Kultur\u00e1lis T\u00e1mogat\u00e1skezel\u0151n (NKTK) kereszt\u00fcl.<\/p>\n<p>2025-ben sz\u00e1mos olyan d\u00f6nt\u00e9s sz\u00fcletett az NKA Kiemelt Kultur\u00e1lis Programok Ideiglenes Koll\u00e9giuma \u00e1ltal, amelyek kifejezetten a v\u00e1laszt\u00e1s el\u0151tt ker\u00fcltek meg\u00edt\u00e9l\u00e9sre. A miniszt\u00e9rium egyedileg \u00e9rtes\u00edtette ezeket a jogi szem\u00e9lyeket, hogy az NKTK-hoz ny\u00fajtsanak be k\u00e9relmet, ami egy\u00e9bk\u00e9nt mag\u00e1nszem\u00e9lyek eset\u00e9ben \u00e1ltal\u00e1ban 5 milli\u00f3 forint. Ezek a szem\u00e9lyek (\u2026) d\u00f6nt\u00e9sek nem ker\u00fcltek nyilv\u00e1noss\u00e1gra sem az NKA, sem NKTK honlapj\u00e1n, pedig ez t\u00f6rv\u00e9nyi el\u0151\u00edr\u00e1s<\/p>\n<p>\u2013 mondta Moln\u00e1r. A \u201ekifejezetten a v\u00e1laszt\u00e1s el\u0151tt\u201d r\u00e9szt egy\u00e9bk\u00e9nt \u00fagy kell \u00e9rteni, hogy a t\u00e1mogat\u00e1sokat 2025 okt\u00f3ber\u00e9ben, november\u00e9ben \u00e9s december\u00e9ben \u00edt\u00e9lt\u00e9k oda.<\/p>\n<p>Szerinte p\u00e1r ember \u00e9s egyes\u00fclet t\u00e1mogat\u00e1sa volt csak nyilv\u00e1nos, viszont t\u00f6bb ezer t\u00e1mogat\u00e1s rejtve maradt a nyilv\u00e1noss\u00e1g el\u0151l \u2013 ezek egyedi elb\u00edr\u00e1l\u00e1sban r\u00e9szes\u00fcltek, \u00e9s k\u00fcl\u00f6n \u00e9rtes\u00edt\u00e9s ment a nyerteseknek. A lista az\u00e9rt nem maradhatott titokban, mert az Orsz\u00e1gos T\u00e1mogat\u00e1si Rendszerben (OTR) ezeket a t\u00e1mogat\u00e1sokat att\u00f3l m\u00e9g be kellett jelenteni, azok nyilv\u00e1nosan lek\u00e9rdezhet\u0151k a K\u00f6zp\u00e9nz\u00fcgyi Port\u00e1lon \u2013 fejtette ki Moln\u00e1r.<\/p>\n<p>A m\u0171sorban a sz\u00edn\u00e9sz ki is emelt a t\u00e1mogatottak list\u00e1j\u00e1r\u00f3l p\u00e1r nagyon fideszes zen\u00e9szt, eml\u00edtette p\u00e9ld\u00e1ul T\u00f3th Gabit, Dopemant, G\u00e1sp\u00e1r Gy\u0151z\u0151t \u00e9s Pataky Attil\u00e1t is. A t\u00e1mogat\u00e1sokat Moln\u00e1r \u00c1ron szerint \u201ekamp\u00e1nyc\u00e9lokra\u201d kapt\u00e1k a kedvezm\u00e9nyezettek, mert elsz\u00e1molni \u201enem nagyon kell vel\u00fck, sz\u00e9pen el lehet sink\u00f3f\u00e1lni\u201d. Emellett a p\u00e1ly\u00e1zat nem nyilv\u00e1nos, ami t\u00f6rv\u00e9nyellenes, a kurat\u00f3riumi tagok se nyilv\u00e1nosak, ami szint\u00e9n t\u00f6rv\u00e9nyellenes \u2013 f\u0171zte m\u00e9g hozz\u00e1 Moln\u00e1r.<\/p>\n<p>A list\u00e1t lapunk is lek\u00e9rte, ennek alapj\u00e1n t\u00e1mogat\u00e1st sz\u00e1mos vid\u00e9ki \u00f6nkorm\u00e1nyzat, kultur\u00e1lis \u00e9s sportegyes\u00fclet is kapott, de az igaz, hogy a kedvezm\u00e9nyezettek k\u00f6z\u00f6tt egy sor olyan zen\u00e9szt, el\u0151ad\u00f3m\u0171v\u00e9szt is tal\u00e1lni, akik nagyon hangosan kamp\u00e1nyoltak a v\u00e1laszt\u00e1son <a href=\"https:\/\/hvg.hu\/itthon\/20260418_valasztas-vegeredmeny-tisza-141-fidesz-kdnp-52-mi-hazank-6-mandatum\" target=\"_self\" rel=\"nofollow noopener\">\u00f3ri\u00e1si veres\u00e9get szenvedett<\/a> Orb\u00e1n-korm\u00e1ny mellett.<\/p>\n<p>A leghangosabbak<\/p>\n","protected":false},"excerpt":{"rendered":"\u00c1llami kifizet\u0151helyk\u00e9nt m\u0171k\u00f6d\u00f6tt az a Nemzeti Kultur\u00e1lis Alaphoz tartoz\u00f3 program, amely keret\u00e9ben 2025 v\u00e9g\u00e9n 17 milli\u00e1rd forint t\u00e1mogat\u00e1s&hellip;\n","protected":false},"author":2,"featured_media":75949,"comment_status":"","ping_status":"","sticky":false,"template":"","format":"standard","meta":{"footnotes":"","_share_on_mastodon":"0"},"categories":[21],"tags":[198,5332,137,89,3281,199,44,42,40,22268,43,41,27518,138,3235,177],"class_list":["post-75948","post","type-post","status-publish","format-standard","has-post-thumbnail","category-hiressegek","tag-celebrities","tag-dopeman","tag-entertainment","tag-fidesz","tag-gazdasagpolitika","tag-hiressegek","tag-hu","tag-hungarian","tag-hungary","tag-influenszerek","tag-magyar","tag-magyarorszag","tag-nemzeti-kulturalis-alap","tag-szorakozas","tag-toth-gabi","tag-zene"],"share_on_mastodon":{"url":"https:\/\/pubeurope.com\/@hu\/116461067540838993","error":""},"_links":{"self":[{"href":"https:\/\/www.europesays.com\/hu\/wp-json\/wp\/v2\/posts\/75948","targetHints":{"allow":["GET"]}}],"collection":[{"href":"https:\/\/www.europesays.com\/hu\/wp-json\/wp\/v2\/posts"}],"about":[{"href":"https:\/\/www.europesays.com\/hu\/wp-json\/wp\/v2\/types\/post"}],"author":[{"embeddable":true,"href":"https:\/\/www.europesays.com\/hu\/wp-json\/wp\/v2\/users\/2"}],"replies":[{"embeddable":true,"href":"https:\/\/www.europesays.com\/hu\/wp-json\/wp\/v2\/comments?post=75948"}],"version-history":[{"count":0,"href":"https:\/\/www.europesays.com\/hu\/wp-json\/wp\/v2\/posts\/75948\/revisions"}],"wp:featuredmedia":[{"embeddable":true,"href":"https:\/\/www.europesays.com\/hu\/wp-json\/wp\/v2\/media\/75949"}],"wp:attachment":[{"href":"https:\/\/www.europesays.com\/hu\/wp-json\/wp\/v2\/media?parent=75948"}],"wp:term":[{"taxonomy":"category","embeddable":true,"href":"https:\/\/www.europesays.com\/hu\/wp-json\/wp\/v2\/categories?post=75948"},{"taxonomy":"post_tag","embeddable":true,"href":"https:\/\/www.europesays.com\/hu\/wp-json\/wp\/v2\/tags?post=75948"}],"curies":[{"name":"wp","href":"https:\/\/api.w.org\/{rel}","templated":true}]}}