{"id":78038,"date":"2026-04-26T13:34:06","date_gmt":"2026-04-26T13:34:06","guid":{"rendered":"https:\/\/www.europesays.com\/hu\/78038\/"},"modified":"2026-04-26T13:34:06","modified_gmt":"2026-04-26T13:34:06","slug":"szoltak-hogy-jon-orban-es-a-tek-most-vizsgalja-at-a-helyszint","status":"publish","type":"post","link":"https:\/\/www.europesays.com\/hu\/78038\/","title":{"rendered":"\u201eSz\u00f3ltak, hogy j\u00f6n Orb\u00e1n, \u00e9s a TEK most vizsg\u00e1lja \u00e1t a helysz\u00ednt\u201d"},"content":{"rendered":"<p>                        <img decoding=\"async\" src=\"https:\/\/www.europesays.com\/hu\/wp-content\/uploads\/2026\/04\/dpk-vecses2.jpg\" alt=\"\u201eSz\u00f3ltak, hogy j\u00f6n Orb\u00e1n, \u00e9s a TEK most vizsg\u00e1lja \u00e1t a helysz\u00ednt\u201d\" loading=\"lazy\" class=\"img-fluid w-100\" style=\"\"\/>                        <\/p>\n<p>K\u00fcl\u00f6n\u00f6s \u00e9rz\u00e9s volt, hogy b\u00e1rmi kret\u00e9ns\u00e9g jutott eszembe, akkor munk\u00e1ba menet, a t\u00f6megk\u00f6zleked\u00e9sen, vagy ak\u00e1r v\u00e1s\u00e1rl\u00e1s k\u00f6zben r\u00f6gt\u00f6n posztolhattam azt, \u00e9s t\u00f6bb sz\u00e1zezer emberhez eljutott. Nulla forintb\u00f3l, a szabadid\u0151mben hat\u00e9konyan meg tudtam trollkodni a korm\u00e1nyzati propagand\u00e1t. Egyes bejegyz\u00e9seim t\u00f6bb emberhez \u00e9rtek el, mint a k\u00f6zp\u00e9nzb\u0151l tartott korm\u00e1nyzati influenszerek posztjai. \u00c9s mennyivel jobb \u00e9rz\u00e9s sz\u00edvb\u0151l kinevetni a rendszert, mint m\u00e1sok ad\u00f3forintjaib\u00f3l gy\u0171l\u00f6lk\u00f6dni \u2013 mondja a Magyar Hangnak a\u00a0<a href=\"https:\/\/www.facebook.com\/p\/Digit%C3%A1lis-Polg%C3%A1ri-K%C3%B6r-Vecs%C3%A9s-61578598778734\/\" target=\"_blank\" rel=\"noopener nofollow\">Digit\u00e1lis Polg\u00e1ri K\u00f6r Vecs\u00e9s<\/a>, az egyik legn\u00e9pszer\u0171bb \u00e1l-DPK adminisztr\u00e1tora, aki tavaly ny\u00e1rt\u00f3l a v\u00e1laszt\u00e1sig csaknem 2200 poszttal csin\u00e1lt bolondot a korm\u00e1nyzati kommunik\u00e1ci\u00f3b\u00f3l, kifigur\u00e1zva a digit\u00e1lis harcosok honv\u00e9delm\u00e9t.<\/p>\n<p>\u2013 A magyars\u00e1gnak egy olyan immunrendszerre van sz\u00fcks\u00e9ge az online t\u00e9rben, amely k\u00e9pes megv\u00e9deni kult\u00far\u00e1j\u00e1t, nyelv\u00e9t \u00e9s identit\u00e1s\u00e1t \u2013 <a href=\"https:\/\/www.facebook.com\/watch\/?v=2218941771881027\" target=\"_blank\" rel=\"noopener nofollow\">mondta Orb\u00e1n Viktor<\/a> a Tusv\u00e1nyoson, tavaly j\u00faliusban, az els\u0151 sz\u00e1m\u00fa Digit\u00e1lis Polg\u00e1ri K\u00f6r megalap\u00edt\u00e1sa alkalm\u00e1b\u00f3l. A Harcosok klubja ut\u00e1n \u00e9letre h\u00edvott mozgalom c\u00e9lja ugyancsak az online t\u00e9r visszafoglal\u00e1sa volt a Tisza P\u00e1rtt\u00f3l, a korm\u00e1nyf\u0151 \u00e1ltal b\u00fcszk\u00e9n beharangozott kezdem\u00e9nyez\u00e9s eredm\u00e9nyeir\u0151l a v\u00e1laszt\u00e1si eredm\u00e9ny tan\u00faskodott. A DPK-kat m\u00e9gsem int\u00e9zhetj\u00fck el ennyivel, hiszen az ut\u00f3bb elbukott korm\u00e1nyp\u00e1rt k\u00e9ts\u00e9gbeesett k\u00eds\u00e9rlete a kamp\u00e1ny ural\u00e1s\u00e1ra \u00e9rt\u00e9kes kordokumentumk\u00e9nt t\u0171nik fel \u2013 k\u00fcl\u00f6n\u00f6sen ha a propagand\u00e1t megfricsk\u00e1z\u00f3 \u00e1l-DPK-k ir\u00e1ny\u00e1b\u00f3l n\u00e9zz\u00fck. Orb\u00e1n Viktor bejelent\u00e9se nyom\u00e1n ugyanis egym\u00e1s ut\u00e1n jelentek meg a kamu oldalak, amelyek a korm\u00e1nyzati kommunik\u00e1ci\u00f3t \u00e9s a val\u00f3di DPK-kban foly\u00f3 munk\u00e1t kifigur\u00e1zva mutattak r\u00e1 a koncepci\u00f3 abszurdit\u00e1s\u00e1ra. Ezzel a sz\u00e1nd\u00e9kkal indult el a vecs\u00e9si DPK is.<\/p>\n<p>\u2013 T\u0151sgy\u00f6keres vecs\u00e9si vagyok, ott n\u0151ttem fel, ma is ott \u00e9lek a csal\u00e1dommal. Az elm\u00falt m\u00e1sf\u00e9l \u00e9vtizedben v\u00e9gign\u00e9ztem, ahogy sz\u00e9p lassan rossz ir\u00e1nyba cs\u00fasztak a dolgok a telep\u00fcl\u00e9sen. Vecs\u00e9s szerencs\u00e9s helyzetben van, az ipari parkok miatt komoly bev\u00e9telre tesz szert, folyamatosan \u00e9p\u00fcl-sz\u00e9p\u00fcl, csak \u00e9ppen a kommunik\u00e1ci\u00f3val akadtak probl\u00e9m\u00e1k. A helyi vezet\u00e9s \u00fagy magyar\u00e1zta a fejl\u0151d\u00e9st, mintha azt kiz\u00e1r\u00f3lag a Fidesznek k\u00f6sz\u00f6nhett\u00fck volna, \u00e9s ez id\u0151vel visszatetsz\u00e9st keltett sokakban. \u00c9n csendben figyeltem az esem\u00e9nyeket, de amikor elindultak a Digit\u00e1lis Polg\u00e1ri K\u00f6r\u00f6k, \u00fagy \u00e9reztem, elj\u00f6tt az id\u0151 a cselekv\u00e9sre \u2013 mes\u00e9li az inkognit\u00f3j\u00e1t az interj\u00faban is meg\u0151rizni k\u00edv\u00e1n\u00f3 adminisztr\u00e1tor, aki a DPK-k bejelent\u00e9sekor azonnal lecsapott a n\u00e9vre, bel\u00e9pett t\u00f6bb m\u00e1s, val\u00f3di DPK-ba, illetve a Harcosok klubj\u00e1ba is. \u2013 \u00d3ri\u00e1si k\u00e1osz fogadott, azt l\u00e1ttam, hogy senki sem tudja, mit jelent a digit\u00e1lis harc, id\u0151s emberek tan\u00e1cstalanul \u00e9s eszk\u00f6ztelen\u00fcl v\u00e1rt\u00e1k, hogy eligaz\u00edts\u00e1k \u0151ket.<\/p>\n<p>\u2013 \u00dagy kezdtem a munk\u00e1t, hogy be\u00edrtam a ChatGPT-be n\u00e9h\u00e1ny h\u00edv\u00f3sz\u00f3t, p\u00e9ld\u00e1ul azt, hogy infl\u00e1ci\u00f3, \u00e9s k\u00e9rtem, mondjon r\u00f3la valamit Orb\u00e1n Viktor st\u00edlus\u00e1ban. A mesters\u00e9ges intelligencia gy\u00e1rtotta id\u00e9zetet azt\u00e1n kitettem az oldalra, \u00e9s meglepet\u00e9semre, az emberek elkezdt\u00e9k like-olni a posztokat, \u00e9s k\u00f6vetni a DPK-mat. K\u00f6zt\u00fck olyan vecs\u00e9siek is, akikr\u0151l tudtam, hogy elk\u00f6telezett fideszesek. N\u00e9h\u00e1ny h\u00e9tig mentek az id\u00e9zetek, \u00e9s mivel addigra m\u00e1r t\u00f6bb troll DPK is alakult, elhat\u00e1roztam, hogy fokozom a temp\u00f3t. Kitettem, hogy \u201emindenkit lement\u00fcnk, aki nevet\u0151s fejet rak ki\u201d, ezt t\u00f6bb h\u00edrport\u00e1l \u00e1tvette, \u00e9s Tibi atya is megosztotta, amit\u0151l szinte felrobbant az oldal. Ut\u00e1na els\u0151sorban a komoly DPK-oldalakr\u00f3l vettem \u00e1t val\u00f3s id\u00e9zeteket, kommenteket \u00e9s \u00e9szrev\u00e9teleket. Ezek az eredeti k\u00f6zeg\u00fckben is a rendszer par\u00f3di\u00e1jak\u00e9nt jelentek meg, \u00e9n csup\u00e1n felh\u00edvtam a figyelmet erre.<\/p>\n<p>Id\u0151vel egyre t\u00f6bben kerest\u00e9k meg Vecs\u00e9sr\u0151l, helyi t\u00f6rt\u00e9netekre, vissza\u00e9l\u00e9sekre h\u00edvt\u00e1k fel a figyelm\u00e9t, de volt olyan is, aki a helyes\u00edr\u00e1sban szeretett volna seg\u00edteni. \u2013 Nagyon j\u00f3l ismerem azokat, akiket a val\u00f3di DPK, meg a Harcosok klubja helyben megc\u00e9lzott, \u00e9s persze azokat is, akik sz\u00e1m\u00e1ra azonnal vil\u00e1goss\u00e1 v\u00e1lt, hogy \u00e9n egy kamu oldalt m\u0171k\u00f6dtetek. Sokat v\u00edv\u00f3dtam amiatt, hogy vajon nem \u00e9lek-e vissza az inkognit\u00f3mmal, nem haszn\u00e1lom-e ki a vecs\u00e9sieket, de v\u00e9g\u00fcl is arra jutottam, hogy m\u00e1sf\u00e9l \u00e9vtizedig hallgattam a v\u00e9ressz\u00e1j\u00fa fideszeseket, akik b\u00e1rkibe bele\u00e1lltak k\u00edm\u00e9letlen\u00fcl a telep\u00fcl\u00e9sen, \u00fagy \u00e9reztem, hogy egy kicsit megfricsk\u00e1zhatom \u0151ket.<\/p>\n<p>A k\u00e9telyek akkor kezdtek el sokasodni, amikor m\u00e1r a helyi fideszes k\u00e9pvisel\u0151-jel\u00f6lt, Sz\u0171cs Lajos is megsz\u00f3lalt az oldal \u00fcgy\u00e9ben, majd fel is jelentett\u00e9k az \u00e1l-DPK-t. \u2013 Akkor egy kicsit elgondolkodtam, nem s\u00e9rtek-e t\u00f6rv\u00e9nyt vajon, nem lesz-e ennek k\u00f6vetkezm\u00e9nye, de azonnal elsz\u00e1llt a rossz \u00e9rz\u00e9sem, amikor arra gondoltam, hogy mit tett a Fidesz 2010 \u00f3ta az orsz\u00e1ggal. Ahhoz k\u00e9pest az \u00e9n tr\u00e9f\u00e1m semmis\u00e9g, egy kicsit legal\u00e1bb sz\u00f3rakozhatnak az emberek.<\/p>\n<p>Az egyszem\u00e9lyes projekt gyorsan elszabadult. Az adminisztr\u00e1tor egyed\u00fcl csin\u00e1lta az oldalt, \u00e9s az amellett l\u00e9trehozott <a href=\"https:\/\/www.facebook.com\/groups\/1322330209486270\/\" target=\"_blank\" rel=\"noopener nofollow\">Facebook-csoportot<\/a> is, ahol m\u00e1ra napi t\u00f6bb ezer poszt sz\u00fcletik, \u00e9s szint\u00e9n milli\u00f3s n\u00e9zetts\u00e9ggel oper\u00e1l, amit m\u00e1r k\u00f6vetni is lehetetlen, nemhogy uralni. \u2013 T\u00faln\u0151tt rajtam a DPK-m, most m\u00e1r \u00fagyis kezelhetetlen a dolog, hogy a Meta letekerte az el\u00e9r\u00e9semet a v\u00e1laszt\u00e1s k\u00f6rny\u00e9k\u00e9n kitett posztjaim miatt.<\/p>\n<p>\u2013 A v\u00e1laszt\u00e1si aktivit\u00e1son sokat t\u00f6prengtem. Ha arra buzd\u00edtom a fideszeseket, hogy k\u00e9t ikszet h\u00fazzanak be, a korm\u00e1nyp\u00e1rt mellett a Mi Haz\u00e1nkra is, vagy ha ki\u00edrom, hogy vigy\u00e9k be az eredeti szavaz\u00f3lapot az ipartest\u00fcletbe, ott majd megkapj\u00e1k a jutalmukat, azzal nem s\u00e9rtek-e t\u00f6rv\u00e9nyt? Az ilyen \u00fczenetekkel a sz\u00fcrke z\u00f3n\u00e1ban mozogtam, vagy tal\u00e1n m\u00e1r t\u00fal is azon, m\u00e9g akkor is, ha nyilv\u00e1nval\u00f3 k\u00e9ptelens\u00e9gek voltak, de \u00fagy voltam vele, hogy ha b\u00e1rmi lesz bel\u0151le, v\u00e1llalom a felel\u0151ss\u00e9get. Mert ha valaki nem k\u00e9pes dek\u00f3dolni az \u00fczenetet, nem \u00e9rti, hogy ez csak vicc, \u00e9s ez\u00e9rt szavaz rosszul, akkor az tal\u00e1n nem is olyan nagy baj.<\/p>\n<p>Visszat\u00e9rve a kezdetekhez: az adminisztr\u00e1tor elmondja, hogy a troll oldal m\u0171k\u00f6dtet\u00e9s\u00e9hez folyamatosan k\u00f6vette a komolynak sz\u00e1nt DPK-s tartalmakat, amiket azt\u00e1n a munkahely\u00e9n rendre megosztott a koll\u00e9g\u00e1ival. \u2013 K\u00f6nnyesre r\u00f6h\u00f6gt\u00fck magunkat azon a sok h\u00fclyes\u00e9gen. Csak humorral lehetett \u00e1tv\u00e9szelni ezt az id\u0151szakot, mert ha nem nevethettem volna ki a rendszert, akkor biztosan letargi\u00e1ba zuhanok. Ez\u00e9rt is adott nagyon sokat nekem a trollkod\u00e1s.<\/p>\n<p>\u2013 Nem az egyes embereket akartam kig\u00fanyolni, senkit\u0151l sem v\u00e1rom el, hogy \u00e9rtsen az internethez, vagy k\u00e9pes legyen megfogalmazni egy b\u0151v\u00edtett mondatot, a rendszer eg\u00e9sz\u00e9b\u0151l igyekeztem viccet csin\u00e1lni. Abb\u00f3l a folyamatb\u00f3l, ahogy a korm\u00e1ny sz\u00f6rny\u0171 eszk\u00f6z\u00f6kkel manipul\u00e1lt t\u00f6megeket, akik m\u00e1sf\u00e9l \u00e9vtized propaganda ut\u00e1n nyilv\u00e1nval\u00f3an nem l\u00e1ttak t\u00fal a hatalom \u00fczenet\u00e9n. Senkit sem \u00edt\u00e9ltem el emiatt, csak pr\u00f3b\u00e1ltam felh\u00edvni a figyelmet, hogy a lelkes DPK-sok d\u00f6nthetnek az orsz\u00e1g j\u00f6v\u0151j\u00e9r\u0151l. \u00c9s ezen musz\u00e1j volt nevetni egy kicsit.<\/p>\n<p>Hamarosan azonban komolyra fordult a tr\u00e9fa. \u2013 Rengeteg inform\u00e1ci\u00f3 jutott el hozz\u00e1m, v\u00e9lt vagy val\u00f3s vissza\u00e9l\u00e9sekr\u0151l, probl\u00e9m\u00e1kr\u00f3l, sum\u00e1ks\u00e1gokr\u00f3l, ezeket gondosan elrakt\u00e1roztam magamnak. \u00c9s a val\u00f3di DPK-kban tal\u00e1lt sz\u00f6vegeket \u00e9s fot\u00f3kat is elmentettem magamnak. J\u00f3 kordokumentum lesz, de adott esetben ak\u00e1r bizony\u00edt\u00f3 erej\u0171 is lehet.<\/p>\n<p>Amikor Orb\u00e1n Viktor az orsz\u00e1gj\u00e1r\u00e1sa sor\u00e1n <a href=\"https:\/\/hang.hu\/belfold\/szazszor-inkabb-hiszek-putyinnak-mint-zelenszkijnek-videos-riport-orban-forumarol-186373\" target=\"_blank\" rel=\"noopener nofollow\">Vecs\u00e9sre l\u00e1togatott<\/a>, az esem\u00e9nyt titokban tartott\u00e1k, csak z\u00e1rt k\u00f6rben hirdett\u00e9k, \u00e1m a vecs\u00e9si DPK-t egy j\u00f3akar\u00f3 t\u00e1j\u00e9koztatta a k\u00e9sz\u00fcl\u0151 l\u00e1togat\u00e1sr\u00f3l. \u2013 N\u00e9gy-\u00f6t nappal kor\u00e1bban kaptam egy \u00e9rtes\u00edt\u00e9st, hogy a helyi kultur\u00e1lis k\u00f6zpontot \u00e9ppen most vizsg\u00e1lja \u00e1t a TEK. Dilemm\u00e1ztam, hogy kitegyem-e az err\u0151l sz\u00f3l\u00f3 posztot, a feles\u00e9gem \u00f3vott t\u0151le, att\u00f3l f\u00e9lt, hogy ennek m\u00e1r komoly k\u00f6vetkezm\u00e9nye lehet, de v\u00e9g\u00fcl m\u00e9gis \u00e9les\u00edtettem a bejegyz\u00e9st. \u00dagy csin\u00e1ltam meg, mintha egy fesztiv\u00e1l alaprajz\u00e1t tenn\u00e9m ki, a t\u00e9rk\u00e9pen bejel\u00f6ltem, hogy hol lesz a TEK-s\u00e1tor, hol \u00e1llnak majd a gy\u00e1liak, \u00e9s hol lehet propagandist\u00e1t simogatni. Ez is el\u00e9g nagyot ment, \u00e9s n\u00e9h\u00e1ny napra r\u00e1 Orb\u00e1n Viktor fell\u00e9p\u00e9s\u00e9t megnyitott\u00e1k a nagyk\u00f6z\u00f6ns\u00e9g el\u0151tt, elindult a regisztr\u00e1ci\u00f3. Nem mondom, hogy csak a posztom hat\u00e1s\u00e1ra, de biztos, hogy volt k\u00f6ze hozz\u00e1.<\/p>\n<p>Ugyancsak nagyot ment a Fideszhez igazolt egykori val\u00f3s\u00e1gshow-szerepl\u0151, R\u00e1cz B\u00e9la, vagyis Young G beugrat\u00e1sa. A kor\u00e1bban VV B\u00e9ci n\u00e9ven futott celebbel Szentkir\u00e1lyi Alexandra posztolt <a href=\"https:\/\/www.facebook.com\/watch\/?v=1626181438392242\" target=\"_blank\" rel=\"noopener nofollow\">k\u00f6z\u00f6s vide\u00f3t<\/a> \u00e9s fot\u00f3t, ami a vecs\u00e9si DPK-n \u00fagy j\u00f6tt le, hogy \u201eha VV B\u00e9ci \u00e9s VV Gigi is vel\u00fcnk van, akkor ki lenne ellen\u00fcnk?\u201d (VV Gigi, azaz Szadai-R\u00e1cz Ildik\u00f3 R\u00e1cz B\u00e9la h\u00faga, \u00e9s a testv\u00e9r\u00e9vel ellent\u00e9tben m\u00e1ra maga m\u00f6g\u00f6tt hagyta a celebvil\u00e1got, a poszt ut\u00e1n nem sokkal az adminisztr\u00e1tor el is t\u00e1vol\u00edtotta a nev\u00e9t). Young G felfigyelt a bejegyz\u00e9sre, \u00e9s komolyan v\u00e9ve azt, kik\u00e9rte mag\u00e1nak a f\u00e9lre\u00e9rt\u00e9st, hiszen a fot\u00f3n Szentkir\u00e1lyi Alexandra l\u00e1that\u00f3.<\/p>\n<p>\u2013 Young G r\u00e1m \u00edrt, hogy ne csin\u00e1ljunk m\u00e1r ilyet, rontjuk a nemzeti oldal es\u00e9lyeit. Elkezdt\u00fcnk levelezni, \u00e9s kider\u00fclt, hogy val\u00f3ban komolynak gondolja az oldalt, \u00e9s \u0151szint\u00e9n seg\u00edteni szeretne nek\u00fcnk. Elpanaszoltam neki, hogy m\u00e9g mindig nem kaptunk p\u00e9nzt a DPK-s munk\u00e1nk\u00e9rt, \u00e9s t\u00f6bb tagunk nagyon ideges emiatt, mire \u0151 jelezte, hogy az \u00f6nkorm\u00e1nyzaton kereszt\u00fcl majd elint\u00e9zi valahogy. Ez meglep\u0151nek t\u0171nt, mert mi k\u00f6ze lehetett vajon a vecs\u00e9si \u00f6nkorm\u00e1nyzatnak a DPK-hoz, vagy a Fidesz v\u00e1laszt\u00e1si kamp\u00e1ny\u00e1hoz? Egyre abszurdabb lett a besz\u00e9lget\u00e9s, amit v\u00e9g\u00fcl k\u00e9nytelen voltam nyilv\u00e1noss\u00e1gra hozni. Young G ez\u00e9rt megharagudott, \u00e9s lel\u00e9pett. Ezt a besz\u00e9lget\u00e9st azt\u00e1n sokan felkapt\u00e1k, k\u00f6zt\u00fck Moln\u00e1r \u00c1ron\u00e9k is, ami megint megdobta az oldalam l\u00e1togatotts\u00e1g\u00e1t.<\/p>\n<p>\u2013 Amikor azt l\u00e1ttam, hogy egy bejegyz\u00e9sem milli\u00f3s k\u00f6z\u00f6ns\u00e9get \u00e9rt el, az gyorsan f\u00fcgg\u0151v\u00e9 tett, m\u00e1r szinte csal\u00f3dott voltam, amikor kevesebben kerest\u00e9k fel az oldalt. De mivel kor\u00e1bban nem k\u00f6vettem ennyire k\u00f6zelr\u0151l a politik\u00e1t, le tudok j\u00f6nni a dologr\u00f3l, nem lesz hi\u00e1ny\u00e9rzetem, miut\u00e1n lekapcsolom az oldalt \u2013 mondja az adminisztr\u00e1tor, aki a v\u00e1laszt\u00e1s ut\u00e1n m\u00e1r nem sok \u00e9rtelm\u00e9t l\u00e1tja fenntartani a troll DPK-t. \u2013 Egyed\u00fcl, munka mellett nagyon neh\u00e9z \u00fczemeltetni az oldalt. A v\u00e1laszt\u00e1sig vitt a lend\u00fclet, de az\u00f3ta egyre terhesebb a folyamatos posztol\u00e1s, \u00edgy val\u00f3sz\u00edn\u0171leg le fogom kapcsolni. Kaptam megkeres\u00e9seket, hogy az \u00f6nkorm\u00e1nyzati v\u00e1laszt\u00e1sokra \u0151rizzem meg az oldalt, de az annyira lok\u00e1lis dolog, hogy az\u00e9rt nincs \u00e9rtelme fenntartani.<\/p>\n<p>Hi\u00e1ba a t\u00f6rt\u00e9nelmi veres\u00e9g, a troll DPK-s szerint, a Fidesz politikusai m\u00e9g most sem \u00e9rtik a kudarc ok\u00e1t. \u2013 Tov\u00e1bbra is \u201enemzeti oldalk\u00e9nt\u201d hivatkoznak magukra, meg arr\u00f3l besz\u00e9lnek, hogy \u201eelvesztett\u00e9k a hatalmat\u201d. Mindannyian a nemzet r\u00e9szei vagyunk, \u00e9s nekik soha nem hatalmuk volt, csak felhatalmaz\u00e1suk, amivel nem mellesleg durv\u00e1n vissza\u00e9ltek. Pont a hatalom\u00e9hs\u00e9g, a g\u0151g \u00e9s a kirekeszt\u00e9s miatt szenvedtek veres\u00e9get, m\u00e9gis k\u00e9ptelenek abbahagyni.<\/p>\n<p>\u2013 B\u00edzom benne, hogy a k\u00f6z\u00f6s p\u00e9nz\u00fcnket mostant\u00f3l aszerint fogj\u00e1k elosztani, hogy arra hol van legink\u00e1bb sz\u00fcks\u00e9g, \u00e9s nem haveri alapon, vagyis nem a lojalit\u00e1s hat\u00e1rozza majd meg egy-egy \u00f6nkorm\u00e1nyzat t\u00e1mogat\u00e1s\u00e1t, ahogy eddig \u2013 fogalmaz az adminisztr\u00e1tor.<\/p>\n<p>\u2013 Komoly ig\u00e9ny van a t\u00e1rsadalomban az elsz\u00e1moltat\u00e1sra, nem lehet\u00fcnk tov\u00e1bbra is k\u00f6vetkezm\u00e9nyek n\u00e9lk\u00fcli orsz\u00e1g. Mindenkinek v\u00e1llalnia kell a felel\u0151ss\u00e9get azok k\u00f6z\u00fcl, akik ellopt\u00e1k a k\u00f6zp\u00e9nzt, gy\u0171l\u00f6letet keltettek \u00e9s m\u00e1sf\u00e9l \u00e9vtizeden \u00e1t f\u00e9lrevezett\u00e9k a t\u00e1rsadalmat. Nem a bossz\u00fav\u00e1gy mondatja ezt velem, az\u00e9rt kell elsz\u00e1moltatni, hogy soha t\u00f6bbet ne t\u00f6rt\u00e9nhessen meg hasonl\u00f3.<\/p>\n<p>Az adminisztr\u00e1tor a v\u00e1ltoz\u00e1sok k\u00f6z\u00f6tt els\u0151k\u00e9nt a propaganda hi\u00e1ny\u00e1t emeli ki. \u2013 Elt\u0171nt a h\u00e1bor\u00fa a h\u00edrekb\u0151l. Ez m\u00e1r \u00f6nmag\u00e1ban elegend\u0151 ahhoz, hogy az orsz\u00e1g lenyugodjon. Fontos ugyanakkor, hogy a Tisza-szavaz\u00f3k is gesztust tegyenek a m\u00e1sik oldal fel\u00e9, kezet kell ny\u00fajtanunk egym\u00e1snak, csak \u00edgy k\u00e9pzelhet\u0151 el a b\u00e9k\u00e9s egy\u00fctt\u00e9l\u00e9s. A fideszesek csal\u00f3dottak, d\u00fch\u00f6sek \u00e9s sokan rettegnek att\u00f3l, amit a korm\u00e1nypropagand\u00e1ban hallgattak \u00e9vekig, hogy j\u00f6nnek a migr\u00e1nsok, a fiatalokat pedig elviszik Ukrajn\u00e1ba harcolni. El sem tudom k\u00e9pzelni, hogy tizenhat \u00e9v agymos\u00e1s ut\u00e1n hogyan lehet feldolgozni mindazt, ami most t\u00f6rt\u00e9nik. De \u00f6sszess\u00e9g\u00e9ben optimista v\u00e1rakoz\u00e1st l\u00e1tok mindenhol, mintha a fekete-feh\u00e9r film hirtelen sz\u00edness\u00e9 v\u00e1lt volna.<\/p>\n","protected":false},"excerpt":{"rendered":"K\u00fcl\u00f6n\u00f6s \u00e9rz\u00e9s volt, hogy b\u00e1rmi kret\u00e9ns\u00e9g jutott eszembe, akkor munk\u00e1ba menet, a t\u00f6megk\u00f6zleked\u00e9sen, vagy ak\u00e1r v\u00e1s\u00e1rl\u00e1s k\u00f6zben r\u00f6gt\u00f6n&hellip;\n","protected":false},"author":2,"featured_media":78039,"comment_status":"","ping_status":"","sticky":false,"template":"","format":"standard","meta":{"footnotes":"","_share_on_mastodon":"0"},"categories":[6],"tags":[28059,2636,44,42,40,28057,43,41,2898,10200,28058],"class_list":["post-78038","post","type-post","status-publish","format-standard","has-post-thumbnail","category-magyarorszag","tag-digitlis-polgri-kr","tag-harcosok-klubja","tag-hu","tag-hungarian","tag-hungary","tag-kormnypropaganda","tag-magyar","tag-magyarorszag","tag-orbn-viktor","tag-vlaszts","tag-vecss"],"share_on_mastodon":{"url":"https:\/\/pubeurope.com\/@hu\/116471271559069070","error":""},"_links":{"self":[{"href":"https:\/\/www.europesays.com\/hu\/wp-json\/wp\/v2\/posts\/78038","targetHints":{"allow":["GET"]}}],"collection":[{"href":"https:\/\/www.europesays.com\/hu\/wp-json\/wp\/v2\/posts"}],"about":[{"href":"https:\/\/www.europesays.com\/hu\/wp-json\/wp\/v2\/types\/post"}],"author":[{"embeddable":true,"href":"https:\/\/www.europesays.com\/hu\/wp-json\/wp\/v2\/users\/2"}],"replies":[{"embeddable":true,"href":"https:\/\/www.europesays.com\/hu\/wp-json\/wp\/v2\/comments?post=78038"}],"version-history":[{"count":0,"href":"https:\/\/www.europesays.com\/hu\/wp-json\/wp\/v2\/posts\/78038\/revisions"}],"wp:featuredmedia":[{"embeddable":true,"href":"https:\/\/www.europesays.com\/hu\/wp-json\/wp\/v2\/media\/78039"}],"wp:attachment":[{"href":"https:\/\/www.europesays.com\/hu\/wp-json\/wp\/v2\/media?parent=78038"}],"wp:term":[{"taxonomy":"category","embeddable":true,"href":"https:\/\/www.europesays.com\/hu\/wp-json\/wp\/v2\/categories?post=78038"},{"taxonomy":"post_tag","embeddable":true,"href":"https:\/\/www.europesays.com\/hu\/wp-json\/wp\/v2\/tags?post=78038"}],"curies":[{"name":"wp","href":"https:\/\/api.w.org\/{rel}","templated":true}]}}