{"id":78482,"date":"2026-04-26T22:57:07","date_gmt":"2026-04-26T22:57:07","guid":{"rendered":"https:\/\/www.europesays.com\/hu\/78482\/"},"modified":"2026-04-26T22:57:07","modified_gmt":"2026-04-26T22:57:07","slug":"dopeman-az-hogy-masnak-bortont-kivanj-ez-a-legalja","status":"publish","type":"post","link":"https:\/\/www.europesays.com\/hu\/78482\/","title":{"rendered":"Dopeman: Az, hogy m\u00e1snak b\u00f6rt\u00f6nt k\u00edv\u00e1nj, ez a legalja"},"content":{"rendered":"<p>Pityinger L\u00e1szl\u00f3, vagyis Dopeman volt a<a target=\"_blank\" href=\"https:\/\/www.youtube.com\/watch?v=q_0x2aYZe90&amp;t\" rel=\"nofollow noopener\"> Hotel Lentulai<\/a> c\u00edm\u0171 mandineres m\u0171sor vend\u00e9ge, amelyben csaknem k\u00e9t \u00f3r\u00e1n kereszt\u00fcl \u00e9rtekeztek Lentulai Kriszti\u00e1nnal a Fidesz sz\u00e1m\u00e1ra hatalmas veres\u00e9get hoz\u00f3 v\u00e1laszt\u00e1s tanuls\u00e1gair\u00f3l.<\/p>\n<p>A rapperb\u0151l fideszes influenszerr\u00e9 v\u00e1l\u00f3 Dopeman megosztotta gondolatait t\u00f6bbek k\u00f6z\u00f6tt arr\u00f3l, hogy a harminc \u00e9s negyven k\u00f6z\u00f6tti gener\u00e1ci\u00f3 teljesen elvesztette az Orb\u00e1n Viktorra m\u00e9g olyannyira jellemz\u0151 \u201emagyar macs\u00f3s\u00e1got\u201d.<\/p>\n<p>J\u00f3l\u00e9ti t\u00e1rsadalomba ker\u00fcltek, minden\u00fck megvan, van idej\u00fck gondolkodni, telefont nyomkodni \u2013 tisztelet a szeg\u00e9ny kiv\u00e9telnek \u2013,\u00a0\u00e9s \u0151k olyanok akarnak lenni, mint egy \u00e1tlagos nyugati ember<\/p>\n<p>\u2013 elemezte a helyzetet Dopeman, aki szerint Magyar P\u00e9terrel az\u00e9rt tudnak a fiatalok azonosulni, mert egy \u201eilyen hipszter gyerek, a bel\u0151tt haj\u00e1val, a von\u00e1sait illet\u0151en el\u00e9g fiatalos, annak ellen\u00e9re, hogy meggy\u0171rte az els\u0151 m\u00e1sf\u00e9l-k\u00e9t \u00e9v\u201d.<\/p>\n<p>Letojja a korrupci\u00f3t<\/p>\n<p>Lentulai arr\u00f3l is \u00e9rdekl\u0151d\u00f6tt vend\u00e9g\u00e9n\u00e9l, egyet\u00e9rt-e Puzs\u00e9r R\u00f3berttel abban, hogy az emberek nem a saj\u00e1t j\u00f3l\u00e9t\u00fck miatt mentek el ilyen nagy t\u00f6megben szavazni, hanem, hogy az \u00fat a b\u00f6rt\u00f6nbe program megval\u00f3suljon.<\/p>\n<p>Egyet\u00e9rtek, csak nem ilyen k\u00e9jes arccal mondom. Sz\u00e1momra ez a legszomor\u00fabb dolog, ami t\u00f6rt\u00e9nhet. Borzaszt\u00f3 szomor\u00fa \u00e9s elkeser\u00edt\u0151, hogy az ember ilyen hossz\u00fa t\u00f6rt\u00e9nelem alatt nem okul semmib\u0151l, \u00e9s nem \u00fagy hajtja v\u00e9gre a megfelel\u0151 v\u00e1ltoz\u00e1sokat, hogy valahova haladjon vele. Hanem mindig ez a v\u00e9ge, hogy \u00fcl egy ember, aki 16 \u00e9vig szomorkodott, \u00e9s most annak \u00f6r\u00fcl, hogy valaki b\u00f6rt\u00f6nbe fog menni<\/p>\n<p>\u2013 sajn\u00e1lkozott a rapper, aki szerint a Fidesz buk\u00e1s\u00e1val visszat\u00e9rhet az alvil\u00e1g \u00e9s az \u00e9jszakai \u00e9let is Magyarorsz\u00e1gon.<\/p>\n<p>Az, hogy m\u00e1snak b\u00f6rt\u00f6nt k\u00edv\u00e1nj, ez a legalja. Hogy neked ez az \u00f6r\u00f6m\u00f6d, ez a vigaszod. Ett\u0151l lesz szebb az \u00e9let, hogy b\u00f6rt\u00f6nbe ker\u00fcl valaki. Hogy valaki ezzel a branddel tudott megnyerni egy v\u00e1laszt\u00e1st, az elmond mindent egy t\u00e1rsadalom hangulat\u00e1r\u00f3l, \u00e9s arr\u00f3l, hogy hol tart<\/p>\n<p>Sok egy\u00e9b mellett besz\u00e9lt arr\u00f3l is, hogy \u0151 \u201etot\u00e1lisan letojja a korrupci\u00f3t\u201d, hiszen \u00fagysem l\u00e9tezik makul\u00e1tlan ember. Ez\u00e9rt csak az \u00e9rdekli, hogy ez emberek \u00e1ltal\u00e1nos \u00e9letk\u00f6r\u00fclm\u00e9nyei milyenek egy orsz\u00e1gban, illetve, hogy \u0151 hogy \u00e9rzi mag\u00e1t.<\/p>\n<p>Visszaadn\u00e1 a sosemvolt d\u00edszpolg\u00e1rs\u00e1got<\/p>\n<p>Dopeman a v\u00e1laszt\u00e1s ut\u00e1n jelentette be, hogy visszaadja j\u00f3zsefv\u00e1rosi d\u00edszpolg\u00e1rs\u00e1g\u00e1t, mivel \u201ea szeretett dr\u00e1ga nyolcadik ker\u00fcletemb\u0151l Csipkej\u00f3zsefv\u00e1rost csin\u00e1ltak a v\u00e1laszt\u00f3polg\u00e1rok\u201d. Erre a ker\u00fclet polg\u00e1rmestere, <a target=\"_blank\" href=\"https:\/\/24.hu\/belfold\/2026\/04\/19\/piko-andras-dopeman-diszpolgarsag\/\" rel=\"nofollow noopener\">Pik\u00f3 Andr\u00e1s reag\u00e1lt<\/a>, hogy ez nehezen t\u00f6rt\u00e9nhetne meg, ugyanis a rappernek nincs is d\u00edszpolg\u00e1rs\u00e1ga.<\/p>\n<p>Emellett a h\u00e9ten egy m\u00e1sik kontextusban is el\u0151ker\u00fclt Pityinger neve: <a target=\"_blank\" href=\"https:\/\/24.hu\/szorakozas\/2026\/04\/23\/molnar-aron-kulturalis-tamogatas-kifizetohely\/\" rel=\"nofollow noopener\">Moln\u00e1r \u00c1ron \u00edrt arr\u00f3l<\/a>, hogy 17 milli\u00e1rd forint landolt kiv\u00e1lasztottakn\u00e1l, a v\u00e1laszt\u00e1s el\u0151tt milli\u00f3kat kapott el\u0151ad\u00f3k k\u00f6z\u00f6tt pedig szerinte ott szerepel Dopeman is.<\/p>\n","protected":false},"excerpt":{"rendered":"Pityinger L\u00e1szl\u00f3, vagyis Dopeman volt a Hotel Lentulai c\u00edm\u0171 mandineres m\u0171sor vend\u00e9ge, amelyben csaknem k\u00e9t \u00f3r\u00e1n kereszt\u00fcl \u00e9rtekeztek&hellip;\n","protected":false},"author":2,"featured_media":78483,"comment_status":"","ping_status":"","sticky":false,"template":"","format":"standard","meta":{"footnotes":"","_share_on_mastodon":"0"},"categories":[6],"tags":[5332,44,42,40,10804,43,944,41,66,948],"class_list":["post-78482","post","type-post","status-publish","format-standard","has-post-thumbnail","category-magyarorszag","tag-dopeman","tag-hu","tag-hungarian","tag-hungary","tag-lentulai-krisztian","tag-magyar","tag-magyar-peter","tag-magyarorszag","tag-orban-viktor","tag-valasztas-2026"],"share_on_mastodon":{"url":"https:\/\/pubeurope.com\/@hu\/116473485171834117","error":""},"_links":{"self":[{"href":"https:\/\/www.europesays.com\/hu\/wp-json\/wp\/v2\/posts\/78482","targetHints":{"allow":["GET"]}}],"collection":[{"href":"https:\/\/www.europesays.com\/hu\/wp-json\/wp\/v2\/posts"}],"about":[{"href":"https:\/\/www.europesays.com\/hu\/wp-json\/wp\/v2\/types\/post"}],"author":[{"embeddable":true,"href":"https:\/\/www.europesays.com\/hu\/wp-json\/wp\/v2\/users\/2"}],"replies":[{"embeddable":true,"href":"https:\/\/www.europesays.com\/hu\/wp-json\/wp\/v2\/comments?post=78482"}],"version-history":[{"count":0,"href":"https:\/\/www.europesays.com\/hu\/wp-json\/wp\/v2\/posts\/78482\/revisions"}],"wp:featuredmedia":[{"embeddable":true,"href":"https:\/\/www.europesays.com\/hu\/wp-json\/wp\/v2\/media\/78483"}],"wp:attachment":[{"href":"https:\/\/www.europesays.com\/hu\/wp-json\/wp\/v2\/media?parent=78482"}],"wp:term":[{"taxonomy":"category","embeddable":true,"href":"https:\/\/www.europesays.com\/hu\/wp-json\/wp\/v2\/categories?post=78482"},{"taxonomy":"post_tag","embeddable":true,"href":"https:\/\/www.europesays.com\/hu\/wp-json\/wp\/v2\/tags?post=78482"}],"curies":[{"name":"wp","href":"https:\/\/api.w.org\/{rel}","templated":true}]}}