{"id":78951,"date":"2026-04-27T10:24:07","date_gmt":"2026-04-27T10:24:07","guid":{"rendered":"https:\/\/www.europesays.com\/hu\/78951\/"},"modified":"2026-04-27T10:24:07","modified_gmt":"2026-04-27T10:24:07","slug":"index-belfold-dopeman-es-kis-grofo-is-megszolalt-a-rejtelyes-tamogatasrol-amit-a-fidesz-osztott-szet-az-nka-n-keresztul","status":"publish","type":"post","link":"https:\/\/www.europesays.com\/hu\/78951\/","title":{"rendered":"Index &#8211; Belf\u00f6ld &#8211; Dopeman \u00e9s Kis Gr\u00f3fo is megsz\u00f3lalt a rejt\u00e9lyes t\u00e1mogat\u00e1sr\u00f3l, amit a Fidesz osztott sz\u00e9t az NKA-n kereszt\u00fcl"},"content":{"rendered":"<p>Tizenh\u00e9tmilli\u00e1rd forintnyi t\u00e1mogat\u00e1st osztott sz\u00e9t egy p\u00e1ly\u00e1zat t\u00f6bb civil szervezet \u00e9s olyan fideszes el\u0151ad\u00f3k k\u00f6z\u00f6tt, akik seg\u00edtett\u00e9k a p\u00e1rt v\u00e1laszt\u00e1si kamp\u00e1ny\u00e1t. Minderr\u0151l Moln\u00e1r \u00c1ron sz\u00e1molt be a cs\u00fct\u00f6rt\u00f6ki Magyarorsz\u00e1g Kedvenc Reggeli M\u0171sora c\u00edm\u0171 YouTube-m\u0171sor\u00e1ban.<\/p>\n<p>A <a href=\"https:\/\/index.hu\/kultur\/2026\/04\/26\/kulturalis-tamogatasok-hatalmi-kozpontok-finanszirozas-fidesz-tisza-part\/\" id=\"hyperlink_836097ed795b75f6668ba1263182f648\" target=\"_blank\" title=\"Sziv\u00e1rg\u00f3 p\u00e9nzcsapok, f\u00e1jdalmas meglepet\u00e9sek a Tisza-korm\u00e1ny sz\u00e1m\u00e1ra\" rel=\"nofollow noopener\">Nemzeti Kultur\u00e1lis Alap<\/a> a vide\u00f3 megjelen\u00e9se ut\u00e1n hozta nyilv\u00e1noss\u00e1gra a program r\u00e9szleteit. Az <a href=\"https:\/\/rtl.hu\/hirado\/2026\/04\/26\/hallomasbol-jott-kis-grofo-es-dopeman-is-megszolalt-a-titokzatos-palyazatrol-amin-milliokhoz-jutottak\" id=\"hyperlink_e5b195d72e64190b27fe6d204f07772a\" rel=\"nofollow noopener\" target=\"_blank\">RTL H\u00edrad\u00f3<\/a> inform\u00e1ci\u00f3i szerint egy kor\u00e1bban ismeretlen, ideiglenes kurat\u00f3rium szem\u00e9lyesen vette fel a kapcsolatot a nyertesekkel, egyenk\u00e9nt h\u00edvt\u00e1k meg \u0151ket.<\/p>\n<p>Az aktivista elmond\u00e1sa alapj\u00e1n a K\u00f6zp\u00e9nz\u00fcgyi Port\u00e1lon lek\u00e9rdezhet\u0151kk\u00e9 v\u00e1ltak ezek a t\u00e1mogat\u00e1sok. <a href=\"https:\/\/index.hu\/fomo\/2026\/04\/27\/toth-gabi-enekesno-politika-kozossegi-media-visszavonulas-toth-vera\/\" id=\"hyperlink_79ffb9370ded5cd9571472936d41c10c\" target=\"_blank\" title=\"\u201eMintha az orsz\u00e1g \u00f6sszes hib\u00e1j\u00e1t \u00e9n k\u00f6vettem volna el\u201d \u2013 T\u00f3th Gabi kit\u00e1lalt a v\u00e1laszt\u00e1sok ut\u00e1ni gy\u0171l\u00f6lethull\u00e1mr\u00f3l\" rel=\"nofollow noopener\">T\u00f3th Gabi<\/a> mag\u00e1nszem\u00e9lyk\u00e9nt 5 milli\u00f3 forintot, p\u00e1rj\u00e1val, Papp Bence M\u00e1t\u00e9val k\u00f6z\u00f6s c\u00e9ge pedig 9 milli\u00f3 forintot kapott. Az RTL el\u00e9rte telefonon vas\u00e1rnap T\u00f3th Gabit, de nem k\u00edv\u00e1nt nyilatkozni arra hivatkozva, hogy ilyenkor kisl\u00e1ny\u00e1val szokott lenni.<\/p>\n<p>Muri Enik\u0151 is kapott 5 milli\u00f3 forintnyi t\u00e1mogat\u00e1st \u00faj dalok \u00edr\u00e1s\u00e1ra, az \u00e9nekesn\u0151 nem v\u00e1laszolt az ezzel kapcsolatos k\u00e9rd\u00e9sekre. Sikeresen p\u00e1ly\u00e1zott Kis Gr\u00f3fo is, aki zen\u00e9szi k\u00f6r\u00f6kb\u0151l hallott \u00e1ll\u00edt\u00e1sa szerint a p\u00e1ly\u00e1zatr\u00f3l.<\/p>\n<p>De Dopeman zseb\u00e9ben szint\u00e9n landolt 5 milli\u00f3 forint, aki szerint \u201eminden zenekar p\u00e1ly\u00e1zik\u201d. Arra a k\u00e9rd\u00e9sre pedig, hogy honnan \u00e9rtes\u00fclt err\u0151l a lehet\u0151s\u00e9gr\u0151l, nyilv\u00e1nosan hirdett\u00e9k-e meg, azt felelte, hogy \u201evannak p\u00e1ly\u00e1zatok\u201d.<\/p>\n<p>De\u00e1k Bill Gyul\u00e1nak turn\u00e9z\u00e1sra 100 milli\u00f3, m\u00edg <a href=\"https:\/\/index.hu\/fomo\/2026\/04\/05\/pataky-attila-kossuth-dij-edda-muvek-politika-orban-viktor-fidesz\/\" id=\"hyperlink_1362bfb1a37340f17e7b43ba4bde1dd4\" target=\"_blank\" title=\"Pataky Attila szerint Kr\u00fabi r\u00e9gen egy cell\u00e1ban v\u00e9gezte volna, f\u00e9lholtra verve\" rel=\"nofollow noopener\">Pataky Attila<\/a> c\u00e9g\u00e9nek 150 milli\u00f3 forintot adtak. Miniszt\u00e9riumi forr\u00e1sokra hivatkozva azt \u00e1ll\u00edtja a h\u00edrad\u00f3, hogy tavaly augusztusban kezdt\u00e9k el kiosztani a p\u00e9nzeket, ebb\u0151l t\u00f6bb mint 16 milli\u00e1rd forint el is fogyott.<\/p>\n<p>    <img decoding=\"async\" src=\"https:\/\/index.hu\/assets\/images\/social-follow\/logo-big.svg\" alt=\"Index.hu logo\"\/><\/p>\n<p>K\u00f6vesse az Indexet Facebookon is!<\/p>\n<p>    <a href=\"https:\/\/facebook.com\/Indexhu\" target=\"_blank\" rel=\"nofollow noopener\"><\/p>\n<p>        K\u00f6vetem!<br \/>\n    <\/a><\/p>\n","protected":false},"excerpt":{"rendered":"Tizenh\u00e9tmilli\u00e1rd forintnyi t\u00e1mogat\u00e1st osztott sz\u00e9t egy p\u00e1ly\u00e1zat t\u00f6bb civil szervezet \u00e9s olyan fideszes el\u0151ad\u00f3k k\u00f6z\u00f6tt, akik seg\u00edtett\u00e9k a&hellip;\n","protected":false},"author":2,"featured_media":78952,"comment_status":"","ping_status":"","sticky":false,"template":"","format":"standard","meta":{"footnotes":"","_share_on_mastodon":"0"},"categories":[6],"tags":[80,5332,89,44,42,40,14205,43,41,1017,27518,3235],"class_list":["post-78951","post","type-post","status-publish","format-standard","has-post-thumbnail","category-magyarorszag","tag-belfold","tag-dopeman","tag-fidesz","tag-hu","tag-hungarian","tag-hungary","tag-kis-grofo","tag-magyar","tag-magyarorszag","tag-molnar-aron","tag-nemzeti-kulturalis-alap","tag-toth-gabi"],"share_on_mastodon":{"url":"https:\/\/pubeurope.com\/@hu\/116476186782411004","error":""},"_links":{"self":[{"href":"https:\/\/www.europesays.com\/hu\/wp-json\/wp\/v2\/posts\/78951","targetHints":{"allow":["GET"]}}],"collection":[{"href":"https:\/\/www.europesays.com\/hu\/wp-json\/wp\/v2\/posts"}],"about":[{"href":"https:\/\/www.europesays.com\/hu\/wp-json\/wp\/v2\/types\/post"}],"author":[{"embeddable":true,"href":"https:\/\/www.europesays.com\/hu\/wp-json\/wp\/v2\/users\/2"}],"replies":[{"embeddable":true,"href":"https:\/\/www.europesays.com\/hu\/wp-json\/wp\/v2\/comments?post=78951"}],"version-history":[{"count":0,"href":"https:\/\/www.europesays.com\/hu\/wp-json\/wp\/v2\/posts\/78951\/revisions"}],"wp:featuredmedia":[{"embeddable":true,"href":"https:\/\/www.europesays.com\/hu\/wp-json\/wp\/v2\/media\/78952"}],"wp:attachment":[{"href":"https:\/\/www.europesays.com\/hu\/wp-json\/wp\/v2\/media?parent=78951"}],"wp:term":[{"taxonomy":"category","embeddable":true,"href":"https:\/\/www.europesays.com\/hu\/wp-json\/wp\/v2\/categories?post=78951"},{"taxonomy":"post_tag","embeddable":true,"href":"https:\/\/www.europesays.com\/hu\/wp-json\/wp\/v2\/tags?post=78951"}],"curies":[{"name":"wp","href":"https:\/\/api.w.org\/{rel}","templated":true}]}}