{"id":78986,"date":"2026-04-27T10:54:06","date_gmt":"2026-04-27T10:54:06","guid":{"rendered":"https:\/\/www.europesays.com\/hu\/78986\/"},"modified":"2026-04-27T10:54:06","modified_gmt":"2026-04-27T10:54:06","slug":"a-miniszterelnoknek-nem-kellett-volna-igy-elhizni-versenykepesseget-kell-mutatni","status":"publish","type":"post","link":"https:\/\/www.europesays.com\/hu\/78986\/","title":{"rendered":"A minisztereln\u00f6knek nem kellett volna \u00edgy elh\u00edzni. Versenyk\u00e9pess\u00e9get kell mutatni"},"content":{"rendered":"<p>Fideszes politikusok, influenszerek \u00e9s megmond\u00f3emberek hetek \u00f3ta azt tal\u00e1lgatj\u00e1k, hogy mi vezethetett a Fidesz t\u00f6rt\u00e9nelmi v\u00e1laszt\u00e1si veres\u00e9g\u00e9hez \u00e1prilis 12-\u00e9n. Van, aki szerint <a href=\"https:\/\/telex.hu\/belfold\/2026\/04\/27\/fricz-tamas-politologus-cof-alapito-fidesz-orban-viktor-valasztasi-vereseg-elemzes-polgari-magyarorszag\" class=\"\" rel=\"nofollow noopener\" target=\"_blank\">a polg\u00e1ri ethosz elhagy\u00e1sa<\/a> volt a hiba, m\u00edg m\u00e1sok <a href=\"https:\/\/telex.hu\/belfold\/2026\/04\/21\/borbas-marcsi-kocsis-mate-arulozas-mtva-kozszolgalat\" class=\"\" rel=\"nofollow noopener\" target=\"_blank\">Borb\u00e1cs Marcsiban<\/a> vagy a <a href=\"https:\/\/telex.hu\/zacc\/2026\/04\/19\/jeszenszky-zsolt-satan-vereseg-hajdu-peter\" class=\"\" rel=\"nofollow noopener\" target=\"_blank\">gonosz szellemek beenged\u00e9s\u00e9ben<\/a> l\u00e1tj\u00e1k a buk\u00e1s okait.<\/p>\n<p>Ebbe a diskurzusba csatlakozott be az elm\u00falt \u00e9vekben fideszess\u00e9 v\u00e1lt repper, Pityinger L\u00e1szl\u00f3, Dopeman, aki a <a href=\"https:\/\/mandiner.hu\/belfold\/2026\/04\/majka-csak-a-csaladja-fele-lojalis-es-puzser-elismeresere-vagyik-dopeman-volt-a-hotel-lentulai-vendege\" target=\"_blank\" rel=\"nofollow noopener\">Mandiner Hotel Lentulai c\u00edm\u0171 m\u0171sor\u00e1ban<\/a> olyan s\u00falyos tabut d\u00f6nt\u00f6getett, amit kor\u00e1bban <a href=\"https:\/\/telex.hu\/belfold\/2026\/03\/19\/lazar-janos-lazarexpressz-kampanyforum-mohacs-szigetvar-1\" class=\"\" rel=\"nofollow noopener\" target=\"_blank\">csak L\u00e1z\u00e1r J\u00e1nos miniszter mert<\/a> viccel\u0151dve sz\u00f3ba hozni a nyilv\u00e1noss\u00e1g el\u0151tt.<\/p>\n<p>\u201eA minisztereln\u00f6knek nem kellett volna \u00edgy elh\u00edzni. Ezt nagyon \u0151szint\u00e9n mondom. Teh\u00e1t versenyk\u00e9pess\u00e9get kell mutatni\u201d<\/p>\n<p>\u2013 mondta Dopeman a m\u0171sor egy pontj\u00e1n, mire a h\u00e1zigazda, Lentulai Kriszti\u00e1n vissza is k\u00e9rdezett: \u201eAzt mondod, ez szavazatokban m\u00e9rhet\u0151?\u201d \u201eM\u00e9rhet\u0151. Igen, igen, m\u00e9rhet\u0151\u201d \u2013 v\u00e1laszolta Dopeman, majd arr\u00f3l besz\u00e9lt, hogy Orb\u00e1n Viktor eleve sportember volt. \u201e\u00c9n nagyon b\u00edrom, nem rosszb\u00f3l mondom, ezen nem kell megs\u00e9rt\u0151dni, ez eg\u00e9szs\u00e9g\u00fcgyi dolog\u201d \u2013 tette hozz\u00e1.<\/p>\n<p>Dopeman arr\u00f3l is besz\u00e9lt, hogy szerint a Fidesz egyik legnagyobb hib\u00e1ja az volt, hogy nem ismert\u00e9k fel id\u0151ben a \u201eMagyar P\u00e9ter-jelens\u00e9get\u201d, amit t\u00fal sok\u00e1ig tartottak \u201ehagyom\u00e1nyos baloldali kih\u00edv\u00e1snak\u201d. Szerinte a korm\u00e1nyp\u00e1rt kamp\u00e1ny\u00e1ban t\u00f6bb olyan pont is volt, ahol m\u00e1s ir\u00e1nyt kellett volna venni, de ezek a lehet\u0151s\u00e9gek kimaradtak.<\/p>\n<p>(<a href=\"https:\/\/444.hu\/2026\/04\/27\/dopeman-szerint-az-volt-a-baj-hogy-orban-meghizott\" target=\"_blank\" rel=\"nofollow noopener\">444<\/a>)<\/p>\n","protected":false},"excerpt":{"rendered":"Fideszes politikusok, influenszerek \u00e9s megmond\u00f3emberek hetek \u00f3ta azt tal\u00e1lgatj\u00e1k, hogy mi vezethetett a Fidesz t\u00f6rt\u00e9nelmi v\u00e1laszt\u00e1si veres\u00e9g\u00e9hez \u00e1prilis&hellip;\n","protected":false},"author":2,"featured_media":78987,"comment_status":"","ping_status":"","sticky":false,"template":"","format":"standard","meta":{"footnotes":"","_share_on_mastodon":"0"},"categories":[33],"tags":[80,5332,89,38,35,37,44,42,40,43,41,34,66,36,948,39],"class_list":["post-78986","post","type-post","status-publish","format-standard","has-post-thumbnail","category-hirek","tag-belfold","tag-dopeman","tag-fidesz","tag-focimek","tag-headlines","tag-hirek","tag-hu","tag-hungarian","tag-hungary","tag-magyar","tag-magyarorszag","tag-news","tag-orban-viktor","tag-top-stories","tag-valasztas-2026","tag-vezeto-hirek"],"share_on_mastodon":{"url":"https:\/\/pubeurope.com\/@hu\/116476304666399459","error":""},"_links":{"self":[{"href":"https:\/\/www.europesays.com\/hu\/wp-json\/wp\/v2\/posts\/78986","targetHints":{"allow":["GET"]}}],"collection":[{"href":"https:\/\/www.europesays.com\/hu\/wp-json\/wp\/v2\/posts"}],"about":[{"href":"https:\/\/www.europesays.com\/hu\/wp-json\/wp\/v2\/types\/post"}],"author":[{"embeddable":true,"href":"https:\/\/www.europesays.com\/hu\/wp-json\/wp\/v2\/users\/2"}],"replies":[{"embeddable":true,"href":"https:\/\/www.europesays.com\/hu\/wp-json\/wp\/v2\/comments?post=78986"}],"version-history":[{"count":0,"href":"https:\/\/www.europesays.com\/hu\/wp-json\/wp\/v2\/posts\/78986\/revisions"}],"wp:featuredmedia":[{"embeddable":true,"href":"https:\/\/www.europesays.com\/hu\/wp-json\/wp\/v2\/media\/78987"}],"wp:attachment":[{"href":"https:\/\/www.europesays.com\/hu\/wp-json\/wp\/v2\/media?parent=78986"}],"wp:term":[{"taxonomy":"category","embeddable":true,"href":"https:\/\/www.europesays.com\/hu\/wp-json\/wp\/v2\/categories?post=78986"},{"taxonomy":"post_tag","embeddable":true,"href":"https:\/\/www.europesays.com\/hu\/wp-json\/wp\/v2\/tags?post=78986"}],"curies":[{"name":"wp","href":"https:\/\/api.w.org\/{rel}","templated":true}]}}