{"id":81768,"date":"2026-04-29T13:43:14","date_gmt":"2026-04-29T13:43:14","guid":{"rendered":"https:\/\/www.europesays.com\/hu\/81768\/"},"modified":"2026-04-29T13:43:14","modified_gmt":"2026-04-29T13:43:14","slug":"ilyen-meg-nem-volt-egymas-utan-ketszer-adtak-le-a-tv2-n-ugyanazt-a-filmet","status":"publish","type":"post","link":"https:\/\/www.europesays.com\/hu\/81768\/","title":{"rendered":"Ilyen m\u00e9g nem volt: egym\u00e1s ut\u00e1n k\u00e9tszer adt\u00e1k le a TV2-n ugyanazt a filmet"},"content":{"rendered":"<p class=\"text-subheading-l2 font-bold\">Biztos sokakat meglepett, hogy nem csak vas\u00e1rnap, de h\u00e9tf\u0151 este is ad\u00e1sba ker\u00fclt a Hogyan tudn\u00e9k \u00e9lni n\u00e9lk\u00fcled?, az 1990 ut\u00e1ni magyar filmgy\u00e1rt\u00e1s legn\u00e9zettebb alkot\u00e1sa. A vas\u00e1rnap esti sug\u00e1rz\u00e1s m\u00e9g \u00e9rthet\u0151, hiszen ezzel szerett\u00e9k volna elkezdeni a Magyar Film Napja \u00e9s az id\u00e9n 125 \u00e9ves magyar filmgy\u00e1rt\u00e1s el\u0151tt tisztelg\u0151 mozis hetet a TV2 csatorn\u00e1in. \u00c1m arra kevesen sz\u00e1m\u00edtottak, hogy h\u00e9tf\u0151n este az Exatlon Hungary ut\u00e1n is felcsend\u00fclnek az ismert Demj\u00e9n-dalok \u00e9s l\u00e1that\u00f3 lesz a sikerfilm.<\/p>\n<p>\n                    A Hogyan tudn\u00e9k \u00e9lni n\u00e9lk\u00fcled? a 1990 ut\u00e1ni magyar filmgy\u00e1rt\u00e1s legn\u00e9zettebb filmje\n                <\/p>\n<p>\n                    A TV2 a Magyar Film Napja het\u00e9t ezzel a sikerfilmmel ind\u00edtotta vas\u00e1rnap, majd h\u00e9tf\u0151n megism\u00e9telte\n                <\/p>\n<p>\n                    A film minden sug\u00e1rz\u00e1skor megnyerte a n\u00e9zetts\u00e9gi harcot\n                <\/p>\n<p class=\"paragraph tracking-paragraph\">A Demj\u00e9n Ferenc legend\u00e1s sl\u00e1gerei k\u00f6r\u00e9 meg\u00e1lmodott t\u00f6rt\u00e9net nem csak a mozikban \u00e9rt el rekordn\u00e9zetts\u00e9get, de a mozis cs\u00facsok ut\u00e1n<a href=\"https:\/\/www.blikk.hu\/sztarvilag\/filmklikk\/hogyan-tudnek-elni-nelkuled-premier-tv2-nezettseg\/ky4nwj6\" id=\"36a8848a-5308-455e-9cd0-7e218d1dd004\" rel=\"nofollow noopener\" target=\"_blank\"> janu\u00e1r 1-j\u00e9n egy 13 \u00e9ves t\u00e9v\u00e9s rekordot d\u00f6nt\u00f6tt meg a Hogyan tudn\u00e9k \u00e9lni n\u00e9lk\u00fcled?<\/a> orsz\u00e1gos telev\u00edzi\u00f3s premierje a TV2 m\u0171sor\u00e1n. \u00cdgy amikor a csatorna \u00fagy d\u00f6nt\u00f6tt, hogy a Magyar Film Napj\u00e1nak eg\u00e9sz het\u00e9t a magyar filmgy\u00e1rt\u00e1s \u00fcnnep\u00e9nek szenteli, nem is lehetett volna m\u00e1ssal ind\u00edtani ezt a sorozatot, mint az elm\u00falt 35 \u00e9v legsikeresebb filmj\u00e9vel. A v\u00e1laszt\u00e1s pedig bej\u00f6tt, az interneten megtal\u00e1lhat\u00f3 n\u00e9zetts\u00e9gi adatok szerint a film az eg\u00e9sz m\u00falt h\u00e9t legn\u00e9zettebb m\u0171sora volt. Tal\u00e1n ez\u00e9rt is sz\u00fcletett meg a d\u00f6nt\u00e9s, hogy az el\u0151zetes m\u0171sortervvel ellent\u00e9tben az Exatlon Hungary ut\u00e1n h\u00e9tf\u0151 este nem az Ingatlanvad\u00e1szok k\u00f6sz\u00f6nt\u00f6tt\u00e9k a n\u00e9z\u0151ket, hanem a<a href=\"https:\/\/www.blikk.hu\/sztarvilag\/hazai-sztarok\/hogyan-tudnek-elni-nelkuled\/h4jzs03\" id=\"c47206d6-ea50-4504-b565-62440e483949\" rel=\"nofollow noopener\" target=\"_blank\"> T\u00f6r\u0151csik Franciska \u00e9s Ember M\u00e1rk f\u0151szerepl\u00e9s\u00e9vel elk\u00e9sz\u00fclt sikermozi.<\/a><\/p>\n<p>                <a href=\"https:\/\/image.blikk.hu\/1\/Vf8ktkpTURBXy8zYmM1YWNlYWRmMjA3MjE3NGM0YWU0MmFhM2Q5ZDQ5Ni5qcGeRkwmmOGI4ZWNjBg\/hogyan-tudnek-elni-nelkuled-cimu-film-a-diszbemutatoja-ota-sikert-sikerre-halmoz-a-ket-foszereplo-torocsik-franciska-es-ember-mark-pedig-nepszerubbek-mint-valaha-foto-knap-zoltan\" data-lightbox=\"https:\/\/image.blikk.hu\/1\/Vf8ktkpTURBXy8zYmM1YWNlYWRmMjA3MjE3NGM0YWU0MmFhM2Q5ZDQ5Ni5qcGeRkwmmOGI4ZWNjBg\/hogyan-tudnek-elni-nelkuled-cimu-film-a-diszbemutatoja-ota-sikert-sikerre-halmoz-a-ket-foszereplo-torocsik-franciska-es-ember-mark-pedig-nepszerubbek-mint-valaha-foto-knap-zoltan\" data-title=\"Hogyan tudn\u00e9k \u00e9lni n\u00e9lk\u00fcled c\u00edm\u0171 film a d\u00edszbemutat\u00f3ja \u00f3ta sikert sikerre halmoz, a k\u00e9t f\u0151szerepl\u0151, T\u00f6r\u0151csik Franciska \u00e9s Ember M\u00e1rk pedig n\u00e9pszer\u0171bbek, mint valaha \/ Fot\u00f3: Knap Zolt\u00e1n\" rel=\"nofollow noopener\" target=\"_blank\"><\/p>\n<p>                        <img decoding=\"async\" class=\"lazyload w-full object-cover\" src=\"https:\/\/www.europesays.com\/hu\/wp-content\/uploads\/2026\/04\/hogyan-tudnek-elni-nelkuled-cimu-film-a-diszbemutatoja-ota-sikert-sikerre-halmoz-a-ket-foszereplo-to.jpeg\" alt=\"Hogyan tudn\u00e9k \u00e9lni n\u00e9lk\u00fcled c\u00edm\u0171 film a d\u00edszbemutat\u00f3ja \u00f3ta sikert sikerre halmoz, a k\u00e9t f\u0151szerepl\u0151, T\u00f6r\u0151csik Franciska \u00e9s Ember M\u00e1rk pedig n\u00e9pszer\u0171bbek, mint valaha \/ Fot\u00f3: Knap Zolt\u00e1n\"\/><\/p>\n<p>            <\/a><\/p>\n<p class=\"py-2 text-bodycopy-xs\">Hogyan tudn\u00e9k \u00e9lni n\u00e9lk\u00fcled c\u00edm\u0171 film a d\u00edszbemutat\u00f3ja \u00f3ta sikert sikerre halmoz, a k\u00e9t f\u0151szerepl\u0151, T\u00f6r\u0151csik Franciska \u00e9s Ember M\u00e1rk pedig n\u00e9pszer\u0171bbek, mint valaha \/ Fot\u00f3: Knap Zolt\u00e1n<\/p>\n<p class=\"paragraph tracking-paragraph\">\u201eA sug\u00e1rz\u00e1st k\u00f6vet\u0151 m\u00e1snapi ism\u00e9tl\u00e9s bevett hazai \u00e9s nemzetk\u00f6zi gyakorlat, ami a m\u0171sorok sz\u00e9lesebb k\u00f6z\u00f6ns\u00e9ghez val\u00f3 eljut\u00e1s\u00e1t szolg\u00e1lja, \u00e9s \u00e9vtizedek \u00f3ta alkalmazzuk mi is\u201d \u2013 v\u00e1laszolta a TV2 Sajt\u00f3oszt\u00e1lya a k\u00e9rd\u00e9s\u00fcnkre, hogy mi\u00e9rt d\u00f6nt\u00f6ttek a m\u00e1snapi v\u00e1ratlan ism\u00e9tl\u00e9s mellett.<\/p>\n<p class=\"paragraph tracking-paragraph\">Egy\u00e9bk\u00e9nt \u00fagy tudjuk, a film nemcsak vas\u00e1rnap este, de mindh\u00e1rom TV2-es sug\u00e1rz\u00e1s alkalm\u00e1val, azaz janu\u00e1r 1-\u00e9n \u00e9s h\u00e9tf\u0151n este is nagy f\u00f6l\u00e9nnyel nyerte az id\u0151s\u00e1vj\u00e1t, amely a mozi producer\u00e9t, Kir\u00e1dy Attil\u00e1t is hatalmas \u00f6r\u00f6mmel t\u00f6lt\u00f6tte el.<\/p>\n<p class=\"paragraph tracking-paragraph\">&#8211; Nagyon boldog vagyok, hogy m\u00e9g mindig ennyi ember k\u00edv\u00e1ncsi erre a filmre. Ami \u00e9rdekes, hogy 72 hete mutattuk be \u00e9s m\u00e9g mindig vannak mozik, ahol el\u00e9rhet\u0151, pedig m\u00e1r az interneten, a Filmio csatorn\u00e1j\u00e1n is l\u00e1that\u00f3, s\u0151t megjelent DVD-n is \u2013 b\u00fcszk\u00e9lkedett a producer.<\/p>\n<p>                <a href=\"https:\/\/image.blikk.hu\/1\/aGYktkpTURBXy9jMTEyZWQwMTk0ZDIzMDQ3ZGJhZWMyZTc4OWZhODE3Zi5qcGeRkwmmMGQyMjYzBg\/hogyan-tudnek-elni-nelkuled-2-resz-forgatasanak-szuneteben-embert-mark-kirady-attila-marics-peti-es-kirady-marcell-foto-pozsonyi-zita\" data-lightbox=\"https:\/\/image.blikk.hu\/1\/aGYktkpTURBXy9jMTEyZWQwMTk0ZDIzMDQ3ZGJhZWMyZTc4OWZhODE3Zi5qcGeRkwmmMGQyMjYzBg\/hogyan-tudnek-elni-nelkuled-2-resz-forgatasanak-szuneteben-embert-mark-kirady-attila-marics-peti-es-kirady-marcell-foto-pozsonyi-zita\" data-title=\"Hogyan Tudn\u00e9k \u00e9lni N\u00e9lk\u00fcled 2 r\u00e9sz forgat\u00e1s\u00e1nak sz\u00fcnet\u00e9ben Embert M\u00e1rk, Kir\u00e1dy Attila,   Marics Peti \u00e9s Kir\u00e1dy Marcell \/ Fot\u00f3: Pozsonyi Zita\" rel=\"nofollow noopener\" target=\"_blank\"><\/p>\n<p>                        <img decoding=\"async\" class=\"lazyload w-full object-cover\" src=\"https:\/\/www.europesays.com\/hu\/wp-content\/uploads\/2026\/04\/hogyan-tudnek-elni-nelkuled-2-resz-forgatasanak-szuneteben-embert-mark-kirady-attila-marics-peti-es-.jpeg\" alt=\"Hogyan Tudn\u00e9k \u00e9lni N\u00e9lk\u00fcled 2 r\u00e9sz forgat\u00e1s\u00e1nak sz\u00fcnet\u00e9ben Embert M\u00e1rk, Kir\u00e1dy Attila,   Marics Peti \u00e9s Kir\u00e1dy Marcell \/ Fot\u00f3: Pozsonyi Zita\"\/><\/p>\n<p>            <\/a><\/p>\n<p class=\"py-2 text-bodycopy-xs\">Hogyan Tudn\u00e9k \u00e9lni N\u00e9lk\u00fcled 2 r\u00e9sz forgat\u00e1s\u00e1nak sz\u00fcnet\u00e9ben Embert M\u00e1rk, Kir\u00e1dy Attila,   Marics Peti \u00e9s Kir\u00e1dy Marcell \/ Fot\u00f3: Pozsonyi Zita<\/p>\n<p class=\"paragraph tracking-paragraph\"><a href=\"https:\/\/www.blikk.hu\/sztarvilag\/hazai-sztarok\/hogyan-tudnek-elni-nelkuled-2-forgatas\/3gk9w10\" id=\"955b991d-5812-49bc-95b5-51473226b81a\" rel=\"nofollow noopener\" target=\"_blank\">R\u00e1ad\u00e1sul a sikersztorinak m\u00e9g messze nincs v\u00e9ge<\/a>, hiszen az Ember M\u00e1rk, Marics Peti \u00e9s Kir\u00e1dy Marcell alkotta<a href=\"https:\/\/www.blikk.hu\/sztarvilag\/hazai-sztarok\/filmes-zenekarok-kuplung-hogyan-tudnek-elni-nelkuled\/0mwxb0k\" id=\"caa5492c-b764-4fad-9b59-7aeaa5df2317\" rel=\"nofollow noopener\" target=\"_blank\"> filmbeli Kuplung zenekar<\/a> november 7-\u00e9n dupla koncertet ad az Ar\u00e9n\u00e1ban, amelyre \u00fagy tudjuk \u00faj saj\u00e1t dalokkal is k\u00e9sz\u00fclnek, a Hogyan tudn\u00e9k \u00e9lni n\u00e9lk\u00fcled? 2. pedig november 12-\u00e9n \u00e9rkezik a magyar mozikba.<\/p>\n<p>            <a class=\"flex gap-2 px-[1px] tagArticleTemplate\"><br \/>\n                <img decoding=\"async\" class=\"shrink-0 object-cover aspect-square max-w-[134px] max-h-[134px] w-full\" src=\"\" alt=\"\"\/><\/p>\n<p>            <\/a><\/p>\n","protected":false},"excerpt":{"rendered":"Biztos sokakat meglepett, hogy nem csak vas\u00e1rnap, de h\u00e9tf\u0151 este is ad\u00e1sba ker\u00fclt a Hogyan tudn\u00e9k \u00e9lni n\u00e9lk\u00fcled?,&hellip;\n","protected":false},"author":2,"featured_media":81769,"comment_status":"","ping_status":"","sticky":false,"template":"","format":"standard","meta":{"footnotes":"","_share_on_mastodon":"0"},"categories":[21],"tags":[198,14210,137,199,44,42,40,43,1740,41,3697,5904,138,493],"class_list":["post-81768","post","type-post","status-publish","format-standard","has-post-thumbnail","category-hiressegek","tag-celebrities","tag-demjen-ferenc","tag-entertainment","tag-hiressegek","tag-hu","tag-hungarian","tag-hungary","tag-magyar","tag-magyar-film","tag-magyarorszag","tag-nezettseg","tag-siker","tag-szorakozas","tag-tv2"],"share_on_mastodon":{"url":"https:\/\/pubeurope.com\/@hu\/116488294009442965","error":""},"_links":{"self":[{"href":"https:\/\/www.europesays.com\/hu\/wp-json\/wp\/v2\/posts\/81768","targetHints":{"allow":["GET"]}}],"collection":[{"href":"https:\/\/www.europesays.com\/hu\/wp-json\/wp\/v2\/posts"}],"about":[{"href":"https:\/\/www.europesays.com\/hu\/wp-json\/wp\/v2\/types\/post"}],"author":[{"embeddable":true,"href":"https:\/\/www.europesays.com\/hu\/wp-json\/wp\/v2\/users\/2"}],"replies":[{"embeddable":true,"href":"https:\/\/www.europesays.com\/hu\/wp-json\/wp\/v2\/comments?post=81768"}],"version-history":[{"count":0,"href":"https:\/\/www.europesays.com\/hu\/wp-json\/wp\/v2\/posts\/81768\/revisions"}],"wp:featuredmedia":[{"embeddable":true,"href":"https:\/\/www.europesays.com\/hu\/wp-json\/wp\/v2\/media\/81769"}],"wp:attachment":[{"href":"https:\/\/www.europesays.com\/hu\/wp-json\/wp\/v2\/media?parent=81768"}],"wp:term":[{"taxonomy":"category","embeddable":true,"href":"https:\/\/www.europesays.com\/hu\/wp-json\/wp\/v2\/categories?post=81768"},{"taxonomy":"post_tag","embeddable":true,"href":"https:\/\/www.europesays.com\/hu\/wp-json\/wp\/v2\/tags?post=81768"}],"curies":[{"name":"wp","href":"https:\/\/api.w.org\/{rel}","templated":true}]}}