{"id":82944,"date":"2026-04-30T10:47:06","date_gmt":"2026-04-30T10:47:06","guid":{"rendered":"https:\/\/www.europesays.com\/hu\/82944\/"},"modified":"2026-04-30T10:47:06","modified_gmt":"2026-04-30T10:47:06","slug":"nagyon-nagypofaju-csaj-majka-nem-fogta-vissza-magat-amikor-az-x-faktor-uj-mentorarol-beszelt","status":"publish","type":"post","link":"https:\/\/www.europesays.com\/hu\/82944\/","title":{"rendered":"\u201eNagyon nagypof\u00e1j\u00fa csaj\u201d \u2013 Majka nem fogta vissza mag\u00e1t, amikor az X-Faktor \u00faj mentor\u00e1r\u00f3l besz\u00e9lt"},"content":{"rendered":"<p>\n                            Majoros P\u00e9ter a 2026-os tehets\u00e9gkutat\u00f3 indul\u00e1sa el\u0151tt v\u00e9lem\u00e9nyezte Sol\u00e9re-t. A rapper szerint az \u00e9nekesn\u0151 nem fog csendben maradni, ha m\u00e1s a v\u00e9lem\u00e9nye.                        <\/p>\n<p>M\u00e1r az X-Faktor 2026-os \u00e9vad\u00e1nak indul\u00e1sa el\u0151tt megadta az alaphangot Majka, aki el\u00e9g karakteres szavakkal jellemezte a mentorcsapat \u00faj n\u0151i tagj\u00e1t.<\/p>\n<p>A rapper szerint a meg\u00fajult csapatnak el\u0151sz\u00f6r meg kell tal\u00e1lnia a k\u00f6z\u00f6s hangot, de egy\u00e9bk\u00e9nt \u00fagy l\u00e1tja, a k\u00e9mia m\u0171k\u00f6dni fog.<\/p>\n<p>Majka k\u00fcl\u00f6n kiemelte Sol\u00e9re-t, akit egy igazi nagysz\u00e1j\u00fa, beleval\u00f3 csajnak tart, \u00e9s ennek kifejezetten \u00f6r\u00fcl is.<\/p>\n<p>A rapper \u00fagy l\u00e1tja, az \u00e9nekesn\u0151 nem az a t\u00edpus, aki csendben megh\u00fazza mag\u00e1t: b\u00e1tran kimondja a v\u00e9lem\u00e9ny\u00e9t, bele\u00e1ll a vit\u00e1kba, \u00e9s akkor sem h\u00e1tr\u00e1l meg, ha a t\u00f6bbiekkel kell szembemenni \u2013 \u00edrja az <a href=\"https:\/\/rtl.hu\/x-faktor\/2026\/04\/29\/majoros-peter-majka-vallomas-solere\" target=\"_blank\" rel=\"noopener noreferrer nofollow\">RTL.hu<\/a>.<\/p>\n<p>A visszat\u00e9r\u0151 ByeAlex szerint Sol\u00e9re egy kiforrott zs\u0171ritag, akinek \u201evan egy saj\u00e1tos elk\u00e9pzel\u00e9se a vil\u00e1gr\u00f3l\u201d.<\/p>\n<p>Sol\u00e9re maga is \u00fagy l\u00e1tja, nem lesz vele egyszer\u0171 dolguk a mentort\u00e1rsaknak. \u0150szint\u00e9n bevallotta, hogy kisz\u00e1m\u00edthatatlan szem\u00e9lyis\u00e9gnek tartja mag\u00e1t, olyannyira, hogy n\u00e9ha m\u00e9g saj\u00e1t mag\u00e1t is k\u00e9pes meglepni. Egy dologban azonban biztos: ha szeretn\u00e9, sem tudn\u00e1 megj\u00e1tszani mag\u00e1t, mert az arc\u00e1ra egyb\u0151l ki\u00fcl minden \u00e9rzelem.<\/p>\n<p>A mentorcsapatba visszat\u00e9r\u0151 ByeAlex szerint is izgalmas lesz a meg\u00fajul\u00e1s, \u00e9s m\u00e1r most alig v\u00e1rja, hogy egy kicsit egym\u00e1s ellen hergelhesse Majk\u00e1t \u00e9s G\u00e1sp\u00e1r Lacit.<\/p>\n<p>Az \u00e9nekes mindenkit arra biztat, hogy b\u00e1tran jelentkezzen a m\u0171sorba, hiszen szerinte az X-Faktor val\u00f3di ugr\u00f3deszka lehet azok sz\u00e1m\u00e1ra, akik \u00e9lni tudnak a lehet\u0151s\u00e9ggel.<\/p>\n<p>P\u00e9ldak\u00e9nt olyan kor\u00e1bbi versenyz\u0151ket eml\u00edtett, mint Manuel, Mehringer Marci \u00e9s Mih\u00e1lyfi Luca, akik a tehets\u00e9gkutat\u00f3 ut\u00e1n is sikeres karriert \u00e9p\u00edtettek.<\/p>\n<p>G\u00e1sp\u00e1r Laci \u00fagy v\u00e9li, j\u00f3t tesz a m\u0171sornak az id\u0151nk\u00e9nti friss\u00edt\u00e9s, \u00e9s nevetve hozz\u00e1tette, az sem h\u00e1tr\u00e1ny, hogy \u0151 tov\u00e1bbra is ott \u00fcl a mentorsz\u00e9kben. Az \u00e9nekes szerint az \u00faj fel\u00e1ll\u00e1s rengeteg energi\u00e1t hoz majd a produkci\u00f3ba, \u00e9s biztos benne, hogy az idei \u00e9vadban m\u00e9g t\u00f6bb po\u00e9nra \u00e9s \u0151r\u00fclt pillanatra sz\u00e1m\u00edthatnak a n\u00e9z\u0151k.<\/p>\n<p>Az \u00faj mentorcsapat mellett egy m\u00e1sik jelent\u0151s v\u00e1ltoz\u00e1s is jelzi, hogy \u00faj korszak kezd\u0151dik a tehets\u00e9gkutat\u00f3ban: n\u00e9gy \u00e9vad ut\u00e1n <a href=\"https:\/\/www.szeretlekmagyarorszag.hu\/sztarvilag\/miller-david-es-papai-joci-otthagyjak-az-x-faktort\/\" target=\"_blank\" rel=\"noopener noreferrer nofollow\">t\u00e1vozik<\/a> a m\u0171sorvezet\u0151, Miller D\u00e1vid is. Vele egy\u00fctt P\u00e1pai Joci is b\u00facs\u00fazik a m\u0171sorvezet\u0151i posztt\u00f3l.<\/p>\n<p>A tavalyi \u00e9vad ut\u00e1n k\u00e9t sikeres mentor, Valkusz Mil\u00e1n \u00e9s T\u00f3th Andi is bejelentette, hogy nem folytatja a zs\u0171riz\u00e9st.<\/p>\n<p>A t\u00e1voz\u00f3 mentorok hely\u00e9re <a href=\"https:\/\/www.szeretlekmagyarorszag.hu\/kult\/teljesen-atalakul-az-x-faktor-egy-rekorder-ter-vissza-a-mentorok-koze\/\" target=\"_blank\" rel=\"noopener noreferrer nofollow\">\u00e9rkezett<\/a> Sol\u00e9re \u00e9s a nagy visszat\u00e9r\u0151, ByeAlex, aki kor\u00e1bban zsin\u00f3rban n\u00e9gy alkalommal vitte gy\u0151zelemre a mentor\u00e1ltjait. ByeAlex a <a href=\"https:\/\/www.szeretlekmagyarorszag.hu\/sztarvilag\/byealex-elarulta-miert-dontott-ugy-hogy-visszater-az-x-faktorba\/\" target=\"_blank\" rel=\"noopener noreferrer nofollow\">visszat\u00e9r\u00e9s\u00e9t<\/a> azzal is indokolta, hogy mag\u00e1n\u00e9leti v\u00e1ltoz\u00e1sok miatt t\u00f6bb munk\u00e1t szeretne v\u00e1llalni, \u00e9s m\u00e1r hi\u00e1nyzott neki a telev\u00edzi\u00f3z\u00e1s.<\/p>\n<p>M\u00e1r az X-Faktor 2026-os \u00e9vad\u00e1nak indul\u00e1sa el\u0151tt megadta az alaphangot Majka, aki el\u00e9g karakteres szavakkal jellemezte a mentorcsapat \u00faj n\u0151i tagj\u00e1t.<\/p>\n<p>A rapper szerint a meg\u00fajult csapatnak el\u0151sz\u00f6r meg kell tal\u00e1lnia a k\u00f6z\u00f6s hangot, de egy\u00e9bk\u00e9nt \u00fagy l\u00e1tja, a k\u00e9mia m\u0171k\u00f6dni fog.<\/p>\n<p>                        Regisztr\u00e1lj, vagy l\u00e9pj be, hogy tov\u00e1bb tudd olvasni a cikket!<\/p>\n<p>Regisztr\u00e1lok<br \/>\n                        Bel\u00e9pek<\/p>\n","protected":false},"excerpt":{"rendered":"Majoros P\u00e9ter a 2026-os tehets\u00e9gkutat\u00f3 indul\u00e1sa el\u0151tt v\u00e9lem\u00e9nyezte Sol\u00e9re-t. A rapper szerint az \u00e9nekesn\u0151 nem fog csendben maradni,&hellip;\n","protected":false},"author":2,"featured_media":82945,"comment_status":"","ping_status":"","sticky":false,"template":"","format":"standard","meta":{"footnotes":"","_share_on_mastodon":"0"},"categories":[19],"tags":[137,44,42,40,43,41,2260,26864,27143,138,191,1986],"class_list":["post-82944","post","type-post","status-publish","format-standard","has-post-thumbnail","category-tv","tag-entertainment","tag-hu","tag-hungarian","tag-hungary","tag-magyar","tag-magyarorszag","tag-majka","tag-mentorcsapat","tag-solere","tag-szorakozas","tag-tv","tag-x-faktor"],"share_on_mastodon":{"url":"https:\/\/pubeurope.com\/@hu\/116493264129376164","error":""},"_links":{"self":[{"href":"https:\/\/www.europesays.com\/hu\/wp-json\/wp\/v2\/posts\/82944","targetHints":{"allow":["GET"]}}],"collection":[{"href":"https:\/\/www.europesays.com\/hu\/wp-json\/wp\/v2\/posts"}],"about":[{"href":"https:\/\/www.europesays.com\/hu\/wp-json\/wp\/v2\/types\/post"}],"author":[{"embeddable":true,"href":"https:\/\/www.europesays.com\/hu\/wp-json\/wp\/v2\/users\/2"}],"replies":[{"embeddable":true,"href":"https:\/\/www.europesays.com\/hu\/wp-json\/wp\/v2\/comments?post=82944"}],"version-history":[{"count":0,"href":"https:\/\/www.europesays.com\/hu\/wp-json\/wp\/v2\/posts\/82944\/revisions"}],"wp:featuredmedia":[{"embeddable":true,"href":"https:\/\/www.europesays.com\/hu\/wp-json\/wp\/v2\/media\/82945"}],"wp:attachment":[{"href":"https:\/\/www.europesays.com\/hu\/wp-json\/wp\/v2\/media?parent=82944"}],"wp:term":[{"taxonomy":"category","embeddable":true,"href":"https:\/\/www.europesays.com\/hu\/wp-json\/wp\/v2\/categories?post=82944"},{"taxonomy":"post_tag","embeddable":true,"href":"https:\/\/www.europesays.com\/hu\/wp-json\/wp\/v2\/tags?post=82944"}],"curies":[{"name":"wp","href":"https:\/\/api.w.org\/{rel}","templated":true}]}}