{"id":83139,"date":"2026-04-30T13:36:06","date_gmt":"2026-04-30T13:36:06","guid":{"rendered":"https:\/\/www.europesays.com\/hu\/83139\/"},"modified":"2026-04-30T13:36:06","modified_gmt":"2026-04-30T13:36:06","slug":"reformokat-surget-a-music-hungary-a-magyar-zenei-szektorban","status":"publish","type":"post","link":"https:\/\/www.europesays.com\/hu\/83139\/","title":{"rendered":"reformokat s\u00fcrget a Music Hungary a magyar zenei szektorban"},"content":{"rendered":"<p>A magyar zeneipar szerepl\u0151inek \u00f6sszefog\u00e1sak\u00e9nt szakmai javaslatcsomagot tett k\u00f6zz\u00e9 a Music Hungary Sz\u00f6vets\u00e9g \u201ea szektor fenntarthat\u00f3 fejl\u0151d\u00e9se, versenyk\u00e9pess\u00e9ge, valamint kultur\u00e1lis \u00e9s gazdas\u00e1gi jelent\u0151s\u00e9g\u00e9nek, teljes\u00edtm\u00e9ny\u00e9nek \u00e9s hozz\u00e1adott \u00e9rt\u00e9k\u00e9nek megfelel\u0151 elismer\u00e9se \u00e9rdek\u00e9ben\u201d.<\/p>\n<p>A h\u00e9t pontba szedett javaslatok az \u00e1llami t\u00e1mogat\u00e1sok rendszer\u00e9t, az ad\u00f3z\u00e1st, a zeneoktat\u00e1s reformj\u00e1t, a klubok \u00e9s k\u00f6z\u00f6ss\u00e9gi terek v\u00e9delm\u00e9t, a szerz\u0151i jogi \u00e9s k\u00f6z\u00f6s jogkezel\u00e9si jogszab\u00e1lyok kiegyens\u00falyoz\u00e1s\u00e1t, az MI szab\u00e1lyoz\u00e1st \u00e9s a magyar zene ar\u00e1ny\u00e1t \u00e9rintik a m\u00e9di\u00e1ban. Mint k\u00f6zlem\u00e9ny\u00fckben \u00edrj\u00e1k, a k\u00e9rd\u00e9ses pontok a tags\u00e1gukon bel\u00fcl lezajlott sz\u00e9les k\u00f6r\u0171 egyeztet\u00e9s konszenzusos eredm\u00e9nyei.<\/p>\n<p>Az \u00e1llami t\u00e1mogat\u00e1sokn\u00e1l a leg\u00e9lesebb kritika az, hogy a jelenlegi rendszer \u201e\u00e1tl\u00e1thatatlan, ad hoc \u00e9s kij\u00e1r\u00e1salap\u00fa\u201d.<\/p>\n<p>\u201e\u2026az \u00e1llami \u00e9rdekk\u00f6r\u00f6kh\u00f6z tartoz\u00f3 nagyv\u00e1llalatok \u00e9s alap\u00edtv\u00e1nyok, tov\u00e1bb\u00e1 a Pet\u0151fi Kultur\u00e1lis \u00dcgyn\u00f6ks\u00e9g, valamint a miniszt\u00e9riumi t\u00e1mogat\u00e1sokat \u2013 \u00e1tl\u00e1that\u00f3 \u00e9s nyilv\u00e1nos p\u00e1ly\u00e1zati rendszereknek kell felv\u00e1ltaniuk\u201d \u2013 \u00edrj\u00e1k alternat\u00edvak\u00e9nt.<\/p>\n<p>A szervezet hangs\u00falyozza, hogy a d\u00f6nt\u00e9shozatalnak \u201edecentraliz\u00e1lt \u00e9s szakmai\u201d alapokra kell visszat\u00e9rnie, mik\u00f6zben megsz\u00fcntetn\u00e9k a jogd\u00edjbev\u00e9telek \u00e1llami c\u00e9lokra t\u00f6rt\u00e9n\u0151 k\u00f6telez\u0151 elt\u00e9r\u00edt\u00e9s\u00e9t. Fontos elem az is, hogy a finansz\u00edroz\u00e1s ter\u00fcletileg \u00e9s tev\u00e9kenys\u00e9gek szerint is b\u0151v\u00fclj\u00f6n, valamint hogy \u00f6n\u00e1ll\u00f3 zenei exportiroda j\u00f6jj\u00f6n l\u00e9tre, \u00e9s a zene a kultur\u00e1lis diplom\u00e1cia kiemelt eszk\u00f6z\u00e9v\u00e9 v\u00e1ljon.<\/p>\n<p>Az ad\u00f3z\u00e1sn\u00e1l a kiindul\u00f3pont, hogy a jelenlegi rendszer \u201enem t\u00fckr\u00f6zi, hanem b\u00fcnteti\u201d a projektalap\u00fa, szabad\u00fasz\u00f3 m\u0171k\u00f6d\u00e9st. Ez\u00e9rt egy \u00faj, \u201ekreat\u00edvipari kisad\u00f3z\u00e1si rendszer\u201d bevezet\u00e9s\u00e9t javasolj\u00e1k, amely val\u00f3di t\u00e1rsadalombiztos\u00edt\u00e1si garanci\u00e1kat ad. Emellett cs\u00f6kkenten\u00e9k a koncert- \u00e9s fesztiv\u00e1ljegyek \u00e1f\u00e1j\u00e1t, \u00e9s felvetik egy, a filmiparban m\u0171k\u00f6d\u0151h\u00f6z hasonl\u00f3 ad\u00f3kedvezm\u00e9ny bevezet\u00e9s\u00e9t a zenei produkci\u00f3kra. Visszahozn\u00e1k azt a megold\u00e1st is, amelyn\u00e9l a jogd\u00edjbev\u00e9tel \u201er\u00e9szben vagy eg\u00e9szben le\u00edrhat\u00f3\u201d volt az ipar\u0171z\u00e9si ad\u00f3b\u00f3l.<\/p>\n<p>A zeneoktat\u00e1s reformja a teljes rendszert \u00e9rinten\u00e9: \u201eaz \u00f3vodai zeneoktat\u00e1st\u00f3l a k\u00f6zoktat\u00e1s teljes spektrum\u00e1ra\u201d terjedne ki. A c\u00e9l a korszer\u0171 pedag\u00f3gia, az akt\u00edv zen\u00e9l\u00e9s \u00e9s a k\u00f6z\u00f6ss\u00e9gi \u00e9lm\u00e9ny er\u0151s\u00edt\u00e9se, valamint a m\u0171faji nyit\u00e1s, bele\u00e9rtve a popul\u00e1ris zen\u00e9t is. Ennek r\u00e9szek\u00e9nt javasolj\u00e1k a Nemzeti Alaptanterv \u00e1tfog\u00f3 fel\u00fclvizsg\u00e1lat\u00e1t, az \u00e9nek\u00f3r\u00e1k sz\u00e1m\u00e1nak n\u00f6vel\u00e9s\u00e9t \u00e9s a pedag\u00f3gusk\u00e9pz\u00e9s korszer\u0171s\u00edt\u00e9s\u00e9t is.<\/p>\n<p>Fontosnak tartj\u00e1k a magyar zene soksz\u00edn\u0171s\u00e9g\u00e9nek megjelen\u00edt\u00e9s\u00e9t a m\u00e9di\u00e1ban, fell\u00e9pn\u00e9nek a r\u00e1di\u00f3s kv\u00f3t\u00e1k kij\u00e1tsz\u00e1sa ellen, \u00e9s a streaming illetve telev\u00edzi\u00f3s piacon \u201ec\u00e9lzott t\u00e1mogat\u00e1sokkal, elismer\u00e9sekkel \u00e9s aj\u00e1nl\u00f3rendszerekkel\u201d n\u00f6veln\u00e9k a hazai tartalom jelenl\u00e9t\u00e9t. Jelzik tov\u00e1bb\u00e1, hogy a szektor hallatni akarja a hangj\u00e1t a j\u00f6v\u0151beli m\u00e9diaszab\u00e1lyoz\u00e1s alak\u00edt\u00e1sakor.<\/p>\n<p><a href=\"https:\/\/telex.hu\/after\/2026\/03\/12\/eros-mondasok-klubtulajdonosok-razzia-klubbezaras-horvath-laszlo-manek-gabor-gellai-gergo\" class=\"\" rel=\"nofollow noopener\" target=\"_blank\">A klubok \u00e9s k\u00f6z\u00f6ss\u00e9gi terek<\/a> \u00fcgy\u00e9ben azt \u00edrj\u00e1k, hogy ezek elt\u0171n\u00e9s\u00e9nek meg\u00e1ll\u00edt\u00e1sa kiemelt figyelmet ig\u00e9nyel, mivel \u201ep\u00f3tolhatatlan szerepet t\u00f6ltenek be a kultur\u00e1lis \u00f6kosziszt\u00e9m\u00e1ban\u201d. A javaslatok k\u00f6z\u00f6tt szerepel az adminisztrat\u00edv terhek cs\u00f6kkent\u00e9se, kisz\u00e1m\u00edthat\u00f3 szab\u00e1lyoz\u00e1s \u00e9s c\u00e9lzott t\u00e1mogat\u00e1sok bevezet\u00e9se, k\u00fcl\u00f6n figyelemmel a vid\u00e9ki helysz\u00ednekre.<\/p>\n<p>\u201eA klubok \u00e9s k\u00f6z\u00f6ss\u00e9gi terek megb\u00e9lyegz\u00e9s\u00e9nek, hat\u00f3s\u00e1gi megf\u00e9leml\u00edt\u00e9s\u00e9nek halad\u00e9ktalanul v\u00e9get kell vetni\u201d \u2013 \u00edrj\u00e1k.<\/p>\n<p>A szerz\u0151i jogi szab\u00e1lyoz\u00e1sn\u00e1l az elm\u00falt id\u0151szakot \u201eimpulz\u00edv, egyeztet\u00e9s n\u00e9lk\u00fcli, egyens\u00falytalan, politikai motiv\u00e1ci\u00f3j\u00fa jogalkot\u00e1sk\u00e9nt\u201d \u00edrj\u00e1k le, amelynek korrekci\u00f3j\u00e1t s\u00fcrgetik, k\u00fcl\u00f6n\u00f6sen a k\u00f6z\u00f6s jogkezel\u0151kkel val\u00f3 szakmai p\u00e1rbesz\u00e9d helyre\u00e1ll\u00edt\u00e1s\u00e1val.<\/p>\n<p>A k\u00f6zlem\u00e9ny kit\u00e9r a zen\u00e9t is fenyeget\u0151 mesters\u00e9ges intelligencia (MI) k\u00e9rd\u00e9sk\u00f6r\u00e9re is, ebben egyens\u00falyt keresnek: javaslatuk szerint sz\u00fcks\u00e9ges miel\u0151bb konzult\u00e1ci\u00f3t kezdeni a generat\u00edv MI kih\u00edv\u00e1sair\u00f3l, hogy a szab\u00e1lyoz\u00e1s \u201ev\u00e9dje a hazai zeneipart \u00e9s m\u0171v\u00e9szeket\u201d, ugyanakkor ne korl\u00e1tozza \u201eaz MI-ben rejl\u0151 kreat\u00edv \u00e9s gazdas\u00e1gi lehet\u0151s\u00e9geket\u201d.<\/p>\n<p>A Music Hungary Sz\u00f6vets\u00e9g a k\u00f6zlem\u00e9ny v\u00e9g\u00e9n hangs\u00falyozza, hogy k\u00e9szen \u00e1llnak folyamatos konzult\u00e1ci\u00f3ra a korm\u00e1nyzati d\u00f6nt\u00e9shoz\u00f3kkal \u00e9s szakemberekkel, a javaslatokat pedig r\u00e9szletes szakmai h\u00e1tt\u00e9ranyagokkal, adatokkal \u00e9s szem\u00e9lyes egyeztet\u00e9sekkel k\u00edv\u00e1nj\u00e1k al\u00e1t\u00e1masztani.<\/p>\n<p>A javaslatcsomag az elm\u00falt hetek k\u00f6z\u00e9leti esem\u00e9nyeinek f\u00e9ny\u00e9ben k\u00fcl\u00f6n\u00f6sen aktu\u00e1lis. A <a href=\"https:\/\/telex.hu\/after\/2026\/04\/24\/milliardokat-szort-ki-az-nka-titokban-a-fidesz-kampanyarcainak\" class=\"\" rel=\"nofollow noopener\" target=\"_blank\">Nemzeti Kultur\u00e1lis Alap (NKA) k\u00f6zel 12 milli\u00e1rd<\/a> forint k\u00f6zp\u00e9nzt osztott ki a v\u00e1laszt\u00e1sok el\u0151tt t\u00f6bbek k\u00f6z\u00f6tt a Fidesz holdudvar\u00e1hoz k\u00f6thet\u0151 alap\u00edtv\u00e1nyoknak, c\u00e9geknek \u00e9s celebeknek. A d\u00f6nt\u00e9snek nagy visszhangja lett, ugyanis kider\u00fclt, hogy err\u0151l a p\u00e9nzoszt\u00e1sr\u00f3l a szok\u00e1sos NKA-elj\u00e1r\u00e1s helyett Hank\u00f3 Bal\u00e1zs kultur\u00e1lis miniszter egy ideiglenes koll\u00e9giummal hozott d\u00f6nt\u00e9st. Ebben a koll\u00e9giumban a zeneiparra r\u00e1l\u00e1t\u00f3 szakmai szerepl\u0151k helyett Ughy Attila, a XVIII. ker\u00fclet kor\u00e1bbi fideszes polg\u00e1rmestere \u00e9s k\u00e9t, Hank\u00f3 miniszt\u00e9rium\u00e1ban dolgoz\u00f3 szem\u00e9ly volt, de r\u00f3luk is csak az \u00fcgy nyilv\u00e1noss\u00e1gra ker\u00fcl\u00e9se \u00f3ta <a href=\"https:\/\/nka.hu\/kiemelt-kategoriak\/szervezet\/kollegiumok\/kiemelt-kulturalis-programok-ideiglenes-kollegiuma-3\/\" target=\"_blank\" rel=\"nofollow noopener\">el\u00e9rhet\u0151 ez az inform\u00e1ci\u00f3<\/a>.<\/p>\n<p>A p\u00e9nzoszt\u00e1s nyilv\u00e1noss\u00e1gra ker\u00fcl\u00e9se \u00f3ta <a href=\"https:\/\/telex.hu\/belfold\/2026\/04\/28\/bus-balazs-nka-alelnok-lemondott-fidesz-celebek\" class=\"\" rel=\"nofollow noopener\" target=\"_blank\">lemondott az NKA aleln\u00f6ke, B\u00fas Bal\u00e1zs<\/a>, aki egyel\u0151re nem komment\u00e1lta az ideiglenes koll\u00e9gium d\u00f6nt\u00e9s\u00e9t. A t\u00e9m\u00e1r\u00f3l \u00edrt legfrissebb cikk\u00fcnk <a href=\"https:\/\/telex.hu\/after\/2026\/04\/29\/nka-tamogatas-hanko-balazs-penzosztas-pataky-edda-toth-gabi-reakciok\" class=\"\" rel=\"nofollow noopener\" target=\"_blank\">itt olvashat\u00f3<\/a>.<\/p>\n","protected":false},"excerpt":{"rendered":"A magyar zeneipar szerepl\u0151inek \u00f6sszefog\u00e1sak\u00e9nt szakmai javaslatcsomagot tett k\u00f6zz\u00e9 a Music Hungary Sz\u00f6vets\u00e9g \u201ea szektor fenntarthat\u00f3 fejl\u0151d\u00e9se, versenyk\u00e9pess\u00e9ge,&hellip;\n","protected":false},"author":2,"featured_media":83140,"comment_status":"","ping_status":"","sticky":false,"template":"","format":"standard","meta":{"footnotes":"","_share_on_mastodon":"0"},"categories":[18],"tags":[161,17942,137,44,42,40,10921,1731,43,41,176,29407,29408,27518,27568,138,177,13521],"class_list":["post-83139","post","type-post","status-publish","format-standard","has-post-thumbnail","category-zene","tag-after","tag-allasfoglalas","tag-entertainment","tag-hu","tag-hungarian","tag-hungary","tag-javaslat","tag-kormanyvaltas","tag-magyar","tag-magyarorszag","tag-music","tag-music-hungary","tag-music-hungary-szovetseg","tag-nemzeti-kulturalis-alap","tag-nka","tag-szorakozas","tag-zene","tag-zeneipar"],"share_on_mastodon":{"url":"https:\/\/pubeurope.com\/@hu\/116493928657327579","error":""},"_links":{"self":[{"href":"https:\/\/www.europesays.com\/hu\/wp-json\/wp\/v2\/posts\/83139","targetHints":{"allow":["GET"]}}],"collection":[{"href":"https:\/\/www.europesays.com\/hu\/wp-json\/wp\/v2\/posts"}],"about":[{"href":"https:\/\/www.europesays.com\/hu\/wp-json\/wp\/v2\/types\/post"}],"author":[{"embeddable":true,"href":"https:\/\/www.europesays.com\/hu\/wp-json\/wp\/v2\/users\/2"}],"replies":[{"embeddable":true,"href":"https:\/\/www.europesays.com\/hu\/wp-json\/wp\/v2\/comments?post=83139"}],"version-history":[{"count":0,"href":"https:\/\/www.europesays.com\/hu\/wp-json\/wp\/v2\/posts\/83139\/revisions"}],"wp:featuredmedia":[{"embeddable":true,"href":"https:\/\/www.europesays.com\/hu\/wp-json\/wp\/v2\/media\/83140"}],"wp:attachment":[{"href":"https:\/\/www.europesays.com\/hu\/wp-json\/wp\/v2\/media?parent=83139"}],"wp:term":[{"taxonomy":"category","embeddable":true,"href":"https:\/\/www.europesays.com\/hu\/wp-json\/wp\/v2\/categories?post=83139"},{"taxonomy":"post_tag","embeddable":true,"href":"https:\/\/www.europesays.com\/hu\/wp-json\/wp\/v2\/tags?post=83139"}],"curies":[{"name":"wp","href":"https:\/\/api.w.org\/{rel}","templated":true}]}}