{"id":86398,"date":"2026-05-03T11:10:07","date_gmt":"2026-05-03T11:10:07","guid":{"rendered":"https:\/\/www.europesays.com\/hu\/86398\/"},"modified":"2026-05-03T11:10:07","modified_gmt":"2026-05-03T11:10:07","slug":"dopeman-kimeletlenul-beleallt-majkaba-az-nka-botrany-kapcsan","status":"publish","type":"post","link":"https:\/\/www.europesays.com\/hu\/86398\/","title":{"rendered":"DopeMan k\u00edm\u00e9letlen\u00fcl bele\u00e1llt Majk\u00e1ba az NKA-botr\u00e1ny kapcs\u00e1n"},"content":{"rendered":"<p class=\"text-subheading-l2 font-bold\">Pityinger L\u00e1szl\u00f3, ismertebb nev\u00e9n DopeMan, egy hossz\u00fa \u00e9s szem\u00e9lyes hangv\u00e9tel\u0171 Facebook-posztban t\u00e1madta Majk\u00e1t, akit egykor mentor\u00e1lt. A bejegyz\u00e9sben DopeMan elismerte Majka tehets\u00e9g\u00e9t, ugyanakkor \u00e9lesen b\u00edr\u00e1lta politikai kapcsolatait \u00e9s azok kihaszn\u00e1l\u00e1s\u00e1t. Szerinte Majka a NER alatt jelent\u0151s anyagi el\u0151ny\u00f6kh\u00f6z jutott, \u00e9s politikai helyezked\u00e9se r\u00e9v\u00e9n v\u00e1lt sikeress\u00e9.<\/p>\n<p>\n                    DopeMan \u00e9lesen b\u00edr\u00e1lta Majka politikai kapcsolatait \u00e9s azok kihaszn\u00e1l\u00e1s\u00e1t\n                <\/p>\n<p>\n                    Szerinte Majka a NER alatt komoly anyagi el\u0151ny\u00f6kh\u00f6z \u00e9s t\u00e1mogat\u00e1sokhoz jutott\n                <\/p>\n<p>\n                    DopeMan azt \u00e1ll\u00edtja, Majka siker\u00e9nek \u00e9s vagyon\u00e1nak jelent\u0151s r\u00e9sz\u00e9t a rendszeren bel\u00fcli helyezked\u00e9s\u00e9nek k\u00f6sz\u00f6nheti\n                <\/p>\n<p class=\"paragraph tracking-paragraph\">Mi is meg\u00edrtuk, hogy Majka a minap <a href=\"https:\/\/www.blikk.hu\/aktualis\/belfold\/nemzeti-kulturalis-alap-nka-botrany-vidnyanszky-attila-toth-vera-majka\/7v6pzxr\" id=\"29eb9301-bca9-48c7-89b7-9e082b55816b\" rel=\"nofollow noopener\" target=\"_blank\">rendk\u00edv\u00fcl \u00e9lesen b\u00edr\u00e1lta<\/a> a Nemzeti Kultur\u00e1lis Alap (NKA) k\u00f6r\u00fcli t\u00e1mogat\u00e1si botr\u00e1nyt. V\u00e9lem\u00e9nye szerint a rendszer \u00e1tl\u00e1thatatlan, \u00e9s olyan el\u0151ad\u00f3kat r\u00e9szes\u00edt el\u0151nyben, akik <a href=\"https:\/\/www.blikk.hu\/aktualis\/belfold\/vidnyanszky-attila-nka-lemondas-nemzeti-kulturalis-alap\/stl5mbh\" id=\"a830a66b-6c43-43ed-b19f-2c8cc2429ff2\" rel=\"nofollow noopener\" target=\"_blank\">politikai lojalit\u00e1suk<\/a> miatt jutnak k\u00f6zp\u00e9nzhez, mik\u00f6zben piaci alapon nem \u00e1lln\u00e1nak meg a l\u00e1bukon. A rapper &#8222;kitartott kamum\u0171v\u00e9szeknek&#8221; nevezte azokat az el\u0151ad\u00f3kat, akik szerinte csak a politikai kapcsolataik \u00e9s a p\u00e1rtrendezv\u00e9nyeken val\u00f3 fell\u00e9p\u00e9seik miatt kapnak jelent\u0151s \u00e1llami t\u00e1mogat\u00e1sokat. T\u00f3th Vera pedig az NKA-botr\u00e1nnyal kapcsolatban ny\u00edltan <a href=\"https:\/\/www.blikk.hu\/sztarvilag\/hazai-sztarok\/toth-vera-majka-nemzeti-kulturalis-alap-nka-botrany\/1y14vbd\" id=\"e66b2a04-14b5-4c33-ac16-083ca81d43e0\" rel=\"nofollow noopener\" target=\"_blank\">\u00edrta le r\u00e9szletesen<\/a>, t\u00e9telesen egy konkr\u00e9t fell\u00e9p\u00e9s\u00e9nek a kiad\u00e1sait.<\/p>\n<p>        <a class=\"block mx-auto mb-6 max-w-[500px] border-l-brand-red border-l-4\" target=\"_blank\" href=\"https:\/\/www.blikk.hu\/sztarvilag\/hazai-sztarok\/toth-vera-majka-nemzeti-kulturalis-alap-nka-botrany\/1y14vbd\" rel=\"nofollow noopener\"><br \/>\n            Ez is \u00e9rdekelheti<\/p>\n<p>                            <img decoding=\"async\" class=\"col-lg-12 px-0 img-fluid\" src=\"https:\/\/www.europesays.com\/hu\/wp-content\/uploads\/2026\/05\/9enktlzaHR0cHM6Ly9pbWFnZS5ibGlray5odS8xL3NqSWt0a3BUVVJCWHk4d1pUazNNMlEzTWpjd1pHVmlNVEV4TW1Nd1pUVTRNa.jpeg\" loading=\"lazy\" alt=\"T\u00f3th Vera kit\u00e1lalt: ennyibe ker\u00fcl egy nagykoncert \u2013 Majka sem hagyta sz\u00f3 n\u00e9lk\u00fcl az NKA-botr\u00e1nyt\"\/><\/p>\n<p>                T\u00f3th Vera kit\u00e1lalt: ennyibe ker\u00fcl egy nagykoncert \u2013 Majka sem hagyta sz\u00f3 n\u00e9lk\u00fcl az NKA-botr\u00e1nyt<\/p>\n<p class=\"line-clamp-2 text-bodycopy-sm\">T\u00f3th Vera l\u00e1that\u00f3an megel\u00e9gelte, hogy mennyi hazai szt\u00e1r hallgat arr\u00f3l, hogy mi folyik egy-egy rendezv\u00e9ny lebonyol\u00edt\u00e1s\u00e1nak h\u00e1tter\u00e9ben. \u00c9ppen ez\u00e9rt kend\u0151zetlen \u0151szintes\u00e9ggel \u00edrta le r\u00e9szletesen, t\u00e9telesen egy konkr\u00e9t fell\u00e9p\u00e9s\u00e9nek kiad\u00e1sait. Mindezt az NKA-botr\u00e1nnyal kapcsolatban tette. Majka is csatlakozott azokhoz, akik a nyilv\u00e1noss\u00e1g el\u00e9 \u00e1llnak.<\/p>\n<p>                    Tov\u00e1bb<\/p>\n<p>        <\/a><\/p>\n<p>        DopeMan szerint Majka nagyon j\u00f3l helyezkedik<\/p>\n<p class=\"paragraph tracking-paragraph\">DopeMan most a k\u0151kem\u00e9ny kritik\u00e1kat megfogalmaz\u00f3 posztj\u00e1ban r\u00e9szletesen felsorolta, hogyan profit\u00e1lhatott Majka az \u00e1llami t\u00e1mogat\u00e1sokb\u00f3l, valamint m\u00e1s, szerinte politikailag motiv\u00e1lt forr\u00e1sokb\u00f3l. A rapper azt is felvetette, hogy Majka diplomata \u00fatlevelet \u00e9s k\u00fcl\u00f6nleges b\u00e1n\u00e1sm\u00f3dot kapott a Covid-j\u00e1rv\u00e1ny idej\u00e9n, ami szerinte szint\u00e9n a politikai kapcsolatok eredm\u00e9nye.<\/p>\n<p class=\"paragraph tracking-paragraph\">&#8222;NAGYON tisztellek t\u00e9ged, mert NAGYON tehets\u00e9ges vagy. B\u00e1r Lilu nem szereti (ez\u00e9rt is szavazott a v\u00e1ltoz\u00e1sra), de te NAGYON tudsz helyezkedni, \u00e9s kapcsolatokat teremteni (sokkal \u00fcgyesebben, mint W\u00e1berer Gy\u00f6rgy vagy Balogh Levente stb.)&#8221; &#8211; \u00e1llt bele p\u00e1ros l\u00e1bbal az el\u0151ad\u00f3ba a rapper, majd \u00edgy folytatta a bejegyz\u00e9s\u00e9ben:<\/p>\n<p class=\"paragraph tracking-paragraph\">&#8222;NAGYON \u00fcgyesen bar\u00e1tkozol, \u00e9s a \u201cbar\u00e1taid\u201d NAGYON is j\u00f3kor, mindig a legjobb pillanatban \u00e1rulod el, legyen sz\u00f3 DopeMan Lacir\u00f3l, Kicsi Tysonr\u00f3l, Curtisr\u0151l vagy \u00e9ppen Szijj\u00e1rt\u00f3 P\u00e9ter, FIDESZES k\u00fcl\u00fcgyminiszterr\u0151l (akivel k\u00f6z\u00f6s fot\u00f3kat villantott\u00e1l, \u00e9s amiket rem\u00e9lem, te m\u00e9g nem t\u00f6r\u00f6lt\u00e9l \u00fagy, mint a sok besz*ri, \u00e1ltalad \u201ctrashnek\u201d min\u0151s\u00edtett Fideszes celeb).&#8221; <\/p>\n<p>        &#8222;Hasonsz\u0151r\u0171ek t\u00e1rsas\u00e1ga&#8221;<\/p>\n<p class=\"paragraph tracking-paragraph\">DopeMan szerint Majka &#8222;v\u00e9gre hasonsz\u0151r\u0171ek t\u00e1rsas\u00e1g\u00e1ba ker\u00fclt&#8221;, hiszen az \u00faj minisztereln\u00f6kkel egyetemben mindkett\u0151j\u00fckb\u0151l a NER csin\u00e1lt \u201cmilli\u00e1rdost\u201d. &#8222;NAGYON b\u00e1tor ugyan nem vagy, hisz a rendszerbont\u00f3 bulin nem NAGYON mert\u00e9l fell\u00e9pni, de hangs\u00falyozom DE NAGYON \u00fcgyesen vetted \u00e1t a rendszerbont\u00f3 szerep\u00e9t az egykoron Fidesznek kamp\u00e1nyol\u00f3 Eck\u00fct\u0151l, akinek maradt a herever\u00e9s meg az ingyen buli&#8221; &#8211; tette hozz\u00e1.<\/p>\n<p class=\"paragraph tracking-paragraph\">&#8222;Az igazs\u00e1g az, hogy sajnos, val\u00f3j\u00e1ban legbel\u00fcl NAGYON kicsi vagy. Nem tudsz el\u00e9g \u201cmagasra\u201d ker\u00fclni ahhoz, hogy ezt el tudd felejteni&#8221; &#8211; borult ki Majka miatt DopeMan a hossz\u00fa posztj\u00e1ban.<\/p>\n<p class=\"paragraph tracking-paragraph\">\u00cdgy folytatta: &#8222;Amikor m\u00e1sokat, \u00e9s els\u0151sorban engem barmozol, az\u00e9rt egyre eml\u00e9keztetn\u00e9lek. Ha nincs ez a BAROM, akkor a te \u00e9leted NAGYON, de NAGYON m\u00e1sk\u00e9pp alakul. Mondhatjuk \u00fagy, hogy \u201cmennybe\u201d jutott a sz*rom\u2026 Ha \u00c9N barom, TE a sz*rom.&#8221; <\/p>\n<p class=\"paragraph tracking-paragraph\">&#8222;Olyan vagyok neked, mint Magyarnak Orb\u00e1n. Nem szabadulunk a szerelmetekt\u0151l\u2026&#8221; &#8211; z\u00e1rta k\u00edm\u00e9letlen sorait az el\u0151ad\u00f3. DopeMan a v\u00e9g\u00e9n lesz\u00f6gezte, az \u0151 idegrendszere nagyon er\u0151s, \u00edgy fel\u0151le mehet a sz\u00f3rakoz\u00e1s. Mint \u00edrta, a like-ok \u00e9s v\u00e9lem\u00e9nyek hidegen hagyj\u00e1k, szerinte az csak Majk\u00e1t motiv\u00e1lja.<\/p>\n<p>            Olvasta m\u00e1r?<\/p>\n<p>                    <img decoding=\"async\" class=\"rotate-180 dark:invert\" src=\"https:\/\/ocdn.eu\/ucs\/static\/blikkhu\/b79054e4bf838b7ac476bc4b709b7f62\/svg\/arrow-right.svg\" alt=\"el\u0151z\u0151\"\/><\/p>\n<p>                    <img decoding=\"async\" src=\"https:\/\/ocdn.eu\/ucs\/static\/blikkhu\/b79054e4bf838b7ac476bc4b709b7f62\/svg\/arrow-right.svg\" alt=\"k\u00f6vetkez\u0151\"\/><\/p>\n<p>            <a class=\"flex gap-2 px-[1px] tagArticleTemplate\"><br \/>\n                <img decoding=\"async\" class=\"shrink-0 object-cover aspect-square max-w-[134px] max-h-[134px] w-full\" src=\"\" alt=\"\"\/><\/p>\n<p>            <\/a><\/p>\n","protected":false},"excerpt":{"rendered":"Pityinger L\u00e1szl\u00f3, ismertebb nev\u00e9n DopeMan, egy hossz\u00fa \u00e9s szem\u00e9lyes hangv\u00e9tel\u0171 Facebook-posztban t\u00e1madta Majk\u00e1t, akit egykor mentor\u00e1lt. A bejegyz\u00e9sben&hellip;\n","protected":false},"author":2,"featured_media":86399,"comment_status":"","ping_status":"","sticky":false,"template":"","format":"standard","meta":{"footnotes":"","_share_on_mastodon":"0"},"categories":[16],"tags":[202,5332,137,44,42,40,30276,43,41,2260,27518,308,138],"class_list":["post-86398","post","type-post","status-publish","format-standard","has-post-thumbnail","category-szorakozas","tag-beszolas","tag-dopeman","tag-entertainment","tag-hu","tag-hungarian","tag-hungary","tag-kiakadas","tag-magyar","tag-magyarorszag","tag-majka","tag-nemzeti-kulturalis-alap","tag-szolj-hozza","tag-szorakozas"],"share_on_mastodon":{"url":"https:\/\/pubeurope.com\/@hu\/116510341663959801","error":""},"_links":{"self":[{"href":"https:\/\/www.europesays.com\/hu\/wp-json\/wp\/v2\/posts\/86398","targetHints":{"allow":["GET"]}}],"collection":[{"href":"https:\/\/www.europesays.com\/hu\/wp-json\/wp\/v2\/posts"}],"about":[{"href":"https:\/\/www.europesays.com\/hu\/wp-json\/wp\/v2\/types\/post"}],"author":[{"embeddable":true,"href":"https:\/\/www.europesays.com\/hu\/wp-json\/wp\/v2\/users\/2"}],"replies":[{"embeddable":true,"href":"https:\/\/www.europesays.com\/hu\/wp-json\/wp\/v2\/comments?post=86398"}],"version-history":[{"count":0,"href":"https:\/\/www.europesays.com\/hu\/wp-json\/wp\/v2\/posts\/86398\/revisions"}],"wp:featuredmedia":[{"embeddable":true,"href":"https:\/\/www.europesays.com\/hu\/wp-json\/wp\/v2\/media\/86399"}],"wp:attachment":[{"href":"https:\/\/www.europesays.com\/hu\/wp-json\/wp\/v2\/media?parent=86398"}],"wp:term":[{"taxonomy":"category","embeddable":true,"href":"https:\/\/www.europesays.com\/hu\/wp-json\/wp\/v2\/categories?post=86398"},{"taxonomy":"post_tag","embeddable":true,"href":"https:\/\/www.europesays.com\/hu\/wp-json\/wp\/v2\/tags?post=86398"}],"curies":[{"name":"wp","href":"https:\/\/api.w.org\/{rel}","templated":true}]}}