{"id":87490,"date":"2026-05-04T10:11:06","date_gmt":"2026-05-04T10:11:06","guid":{"rendered":"https:\/\/www.europesays.com\/hu\/87490\/"},"modified":"2026-05-04T10:11:06","modified_gmt":"2026-05-04T10:11:06","slug":"eldolt-szabo-zsofi-sorsa-megszolalt-a-tv2","status":"publish","type":"post","link":"https:\/\/www.europesays.com\/hu\/87490\/","title":{"rendered":"Eld\u0151lt Szab\u00f3 Zs\u00f3fi sorsa, megsz\u00f3lalt a TV2"},"content":{"rendered":"<p class=\"a-lead mb-8 text-xl lg:text-xl-plus font-medium&#10;                leading-[var(--article-lead-lh-mobile)] lg:leading-8\">\n    F\u00f6ldindul\u00e1sszer\u0171 v\u00e1ltoz\u00e1sok zajlanak a TV2 h\u00e1za t\u00e1j\u00e1n. Van, aki sz\u00f3 n\u00e9lk\u00fcl t\u00e1vozott a csatorn\u00e1t\u00f3l, de van olyan is, aki maga jelenthette be: hosszabb-r\u00f6videbb id\u0151re pihen\u0151re megy. Most pedig az is kider\u00fclt, hogy Szab\u00f3 Zs\u00f3fival mik a tervek.\n<\/p>\n<p>Ahogy a story.hu is meg\u00edrta, <a href=\"https:\/\/story.hu\/cimlapsztori\/2026\/04\/28\/valtozasok-a-tv2-n-szabo-zsofi-az-egyetlen-tulelo\/6y24kgf\" id=\"0bf2dfb7-79a7-41f4-9ff0-3c1160011a7a\" rel=\"nofollow noopener\" target=\"_blank\">a TV2-n\u00e9l az elm\u00falt hetekben nagy \u00e1talakul\u00e1sok zajlanak<\/a>, hiszen els\u0151k\u00e9nt a csatorna h\u00edrigazgat\u00f3ja t\u00e1vozott, akit vez\u00e9rigazgat\u00f3 egyik napr\u00f3l a m\u00e1sikra mentett fel a poz\u00edci\u00f3j\u00e1b\u00f3l. A v\u00e1ltoz\u00e1s a TV2 egyik legismertebb p\u00e1ros\u00e1val, <a href=\"https:\/\/story.hu\/napi-friss\/2026\/04\/24\/megsincs-visszaut-marsi-anikonak-es-gonczi-gabornak-a-tv2-re\/x75en3r\" id=\"21f2faa7-0f5f-4c12-af92-6c92d78e824d\" rel=\"nofollow noopener\" target=\"_blank\">Marsi Anik\u00f3val<\/a><a href=\"https:\/\/story.hu\/napi-friss\/2026\/04\/24\/megsincs-visszaut-marsi-anikonak-es-gonczi-gabornak-a-tv2-re\/x75en3r\" id=\"6dda2aa7-3da3-4289-bfcd-fd52dfe11b92\" rel=\"nofollow noopener\" target=\"_blank\"> \u00e9s G\u00f6nczi G\u00e1borral<\/a> folytat\u00f3dott, akik k\u00f6zel t\u00edz \u00e9v ut\u00e1n k\u00f6zvetlen\u00fcl a h\u00edrigazgat\u00f3 meneszt\u00e9se ut\u00e1n d\u00f6nt\u00f6ttek az \u00e1tmeneti b\u00facs\u00fa mellett. B\u00e1r m\u00e9g k\u00e9rd\u00e9ses, visszat\u00e9rnek-e a k\u00e9perny\u0151re, s ha igen, mikor, de sajt\u00f3h\u00edrek szerint <a href=\"https:\/\/story.hu\/napi-friss\/2026\/04\/24\/megsincs-visszaut-marsi-anikonak-es-gonczi-gabornak-a-tv2-re\/x75en3r\" id=\"1ffec6c2-1715-4286-a87b-af025b8a21f6\" rel=\"nofollow noopener\" target=\"_blank\">Marsi \u00e9s G\u00f6nczi sz\u00e1m\u00e1ra m\u00e1r nincs vissza\u00fat a TV2-re<\/a>.<\/p>\n<p>\u0150ket a Megaszt\u00e1r k\u00e9t botr\u00e1nyh\u0151se, <a href=\"https:\/\/story.hu\/napi-friss\/2026\/04\/27\/toth-gabi-megszolalt-toth-verarol-sosem-gondoltam-hogy-a-hatamon-csinal-magabol-host\/w805f5k\" id=\"f2a13c79-57e6-4413-a714-ea6fe2c1a39c\" rel=\"nofollow noopener\" target=\"_blank\">T\u00f3th Gabi<\/a> \u00e9s Curtis k\u00f6vette. Annak ellen\u00e9re, hogy az \u00e9nekesn\u0151 \u00e9s a rapper is tavaly volt el\u0151sz\u00f6r az egyik legn\u00e9pszer\u0171bb zenei tehets\u00e9gkutat\u00f3 zs\u0171ritagja, az \u00faj \u00e9vadban m\u00e1r n\u00e9lk\u00fcl\u00fck folytat\u00f3dik a m\u0171sor. Az idei szezonra csak Herceg Erik\u00e1nak \u00e9s Marics Petinek siker\u00fclt megtartania a sz\u00e9k\u00e9t, Gabi \u00e9s Curtis mentori feladatait <a href=\"https:\/\/story.hu\/napi-friss\/2026\/04\/24\/toth-gabit-lecsereltek-a-megasztar-zsurijeben-mar-az-utodja-is-megvan\/2rfmqg1\" id=\"325ffe78-7366-4472-9536-76c856949068\" rel=\"nofollow noopener\" target=\"_blank\">Pusk\u00e1s-Dallos Bogi<\/a>, illetve <a href=\"https:\/\/story.hu\/napi-friss\/2026\/04\/26\/megasztar-tdanny-veszi-at-curtis-helyet\/8t4pny3\" id=\"192be958-777b-4f96-bb9d-1be68e1ccb4e\" rel=\"nofollow noopener\" target=\"_blank\">T. Danny veszi \u00e1t<\/a>.<\/p>\n<p>                                                                                                                                A TV2 megsz\u00f3lalt, ez lesz Szab\u00f3 Zs\u00f3fi sorsa<\/p>\n<p>A TV2 k\u00e9perny\u0151j\u00e9r\u0151l leker\u00fcl\u0151 h\u00edress\u00e9gekben k\u00f6z\u00f6s pont volt, hogy a v\u00e1laszt\u00e1si kamp\u00e1ny sor\u00e1n igen akt\u00edvak voltak politikailag is. <a href=\"https:\/\/story.hu\/napi-friss\/2026\/04\/05\/szabo-zsofi-uj-parja\/\" id=\"df186a94-adbe-49da-b180-5e8d66d23394\" rel=\"nofollow noopener\" target=\"_blank\">Ak\u00e1rcsak Szab\u00f3 Zs\u00f3fi<\/a>, akit azonban tov\u00e1bbra is l\u00e1tni a kereskedelmi csatorna reggeli m\u0171sor\u00e1ban, a Mokk\u00e1ban. Igaz, m\u00e1r csak ebben az egy m\u0171sorban t\u0171nik fel, <a href=\"https:\/\/24.hu\/elet-stilus\/2026\/02\/05\/ujratervezes-szabo-zsofi-gelencser-timea\/\" id=\"a9f63f50-786a-49a6-a63c-fc799739c2f3\" rel=\"nofollow noopener\" target=\"_blank\">az \u00dajratervez\u00e9sben kor\u00e1bban lecser\u00e9lt\u00e9k,<\/a> \u00e9s m\u00e1r A Nagy Duettben sem v\u00e1llalt szerepl\u00e9st. Szab\u00f3 Zs\u00f3fi ugyanakkor nem gondolja, hogy <a href=\"https:\/\/story.hu\/napi-friss\/2026\/02\/12\/szabo-zsofi-tv2-lecsereltek\/\" id=\"da89f992-5260-4740-b2b5-d4c8acbea835\" rel=\"nofollow noopener\" target=\"_blank\">parkol\u00f3p\u00e1ly\u00e1ra ker\u00fclt volna a csatorn\u00e1n\u00e1l<\/a>, legal\u00e1bbis tavaly m\u00e9g c\u00e1folta ezt a felvet\u00e9st.<\/p>\n<p>Lapunk hivatalosan is megkereste a TV2-t, hogy j\u00f3l \u00e9rz\u00e9kelj\u00fck-e, Szab\u00f3 Zs\u00f3fi a tov\u00e1bbiakban is a Mokka m\u0171sorvezet\u0151je lesz. A csatorna sajt\u00f3oszt\u00e1ly\u00e1t\u00f3l az al\u00e1bbi v\u00e1laszt kaptuk:<\/p>\n<p>A Mokka szerkeszt\u0151s\u00e9ge a tov\u00e1bbiakban is sz\u00e1m\u00edt Szab\u00f3 Zs\u00f3fi munk\u00e1j\u00e1ra.<\/p>\n","protected":false},"excerpt":{"rendered":"F\u00f6ldindul\u00e1sszer\u0171 v\u00e1ltoz\u00e1sok zajlanak a TV2 h\u00e1za t\u00e1j\u00e1n. Van, aki sz\u00f3 n\u00e9lk\u00fcl t\u00e1vozott a csatorn\u00e1t\u00f3l, de van olyan is,&hellip;\n","protected":false},"author":2,"featured_media":87491,"comment_status":"","ping_status":"","sticky":false,"template":"","format":"standard","meta":{"footnotes":"","_share_on_mastodon":"0"},"categories":[21],"tags":[198,137,199,44,42,40,43,41,204,203,4218,138,493],"class_list":["post-87490","post","type-post","status-publish","format-standard","has-post-thumbnail","category-hiressegek","tag-celebrities","tag-entertainment","tag-hiressegek","tag-hu","tag-hungarian","tag-hungary","tag-magyar","tag-magyarorszag","tag-mokka","tag-musorvezeto","tag-szabo-zsofi","tag-szorakozas","tag-tv2"],"share_on_mastodon":{"url":"https:\/\/pubeurope.com\/@hu\/116515771705727355","error":""},"_links":{"self":[{"href":"https:\/\/www.europesays.com\/hu\/wp-json\/wp\/v2\/posts\/87490","targetHints":{"allow":["GET"]}}],"collection":[{"href":"https:\/\/www.europesays.com\/hu\/wp-json\/wp\/v2\/posts"}],"about":[{"href":"https:\/\/www.europesays.com\/hu\/wp-json\/wp\/v2\/types\/post"}],"author":[{"embeddable":true,"href":"https:\/\/www.europesays.com\/hu\/wp-json\/wp\/v2\/users\/2"}],"replies":[{"embeddable":true,"href":"https:\/\/www.europesays.com\/hu\/wp-json\/wp\/v2\/comments?post=87490"}],"version-history":[{"count":0,"href":"https:\/\/www.europesays.com\/hu\/wp-json\/wp\/v2\/posts\/87490\/revisions"}],"wp:featuredmedia":[{"embeddable":true,"href":"https:\/\/www.europesays.com\/hu\/wp-json\/wp\/v2\/media\/87491"}],"wp:attachment":[{"href":"https:\/\/www.europesays.com\/hu\/wp-json\/wp\/v2\/media?parent=87490"}],"wp:term":[{"taxonomy":"category","embeddable":true,"href":"https:\/\/www.europesays.com\/hu\/wp-json\/wp\/v2\/categories?post=87490"},{"taxonomy":"post_tag","embeddable":true,"href":"https:\/\/www.europesays.com\/hu\/wp-json\/wp\/v2\/tags?post=87490"}],"curies":[{"name":"wp","href":"https:\/\/api.w.org\/{rel}","templated":true}]}}