{"id":88191,"date":"2026-05-04T21:33:06","date_gmt":"2026-05-04T21:33:06","guid":{"rendered":"https:\/\/www.europesays.com\/hu\/88191\/"},"modified":"2026-05-04T21:33:06","modified_gmt":"2026-05-04T21:33:06","slug":"szabotazs-miatt-zuhant-le-a-china-eastern-737-ese-a-friss-adatok-szerint","status":"publish","type":"post","link":"https:\/\/www.europesays.com\/hu\/88191\/","title":{"rendered":"Szabot\u00e1zs miatt zuhant le a China Eastern 737-ese a friss adatok szerint"},"content":{"rendered":"<p>A k\u00ednai Boeing 737-800-as mindk\u00e9t hajt\u00f3m\u0171v\u00e9t le\u00e1ll\u00edtott\u00e1k utaz\u00f3magass\u00e1gon, majd a robotpil\u00f3t\u00e1t kikapcsolt\u00e1k \u00e9s zuhan\u00e1sba korm\u00e1nyozt\u00e1k a g\u00e9pet a fed\u00e9lzeti adatr\u00f6gz\u00edt\u0151 (FDR) nyilv\u00e1noss\u00e1gra ker\u00fclt adatai szerint.<\/p>\n<p>T\u00f6bb mint n\u00e9gy \u00e9vvel a China Eastern MU 5735 sz\u00e1m\u00fa j\u00e1rat\u00e1nak katasztr\u00f3f\u00e1ja ut\u00e1n a fed\u00e9lzeti adatr\u00f6gz\u00edt\u0151 (FDR) ki\u00e9rt\u00e9kel\u00e9se alapj\u00e1n \u00fajabb inform\u00e1ci\u00f3kat hozott nyilv\u00e1noss\u00e1gra az USA Nemzeti K\u00f6zleked\u00e9sbiztons\u00e1gi Bizotts\u00e1ga (NTSB) egy adatig\u00e9nyl\u00e9sre v\u00e1laszul.<\/p>\n<p>A jelent\u00e9s szerint a Boeing 737-800 utaz\u00f3magass\u00e1gon, mintegy 29 ezer l\u00e1bon rep\u00fclt, amikor mindk\u00e9t hajt\u00f3m\u0171 \u00fczemanyag-kapcsol\u00f3j\u00e1t szinte egyidej\u0171leg a kikapcsolt, \u201ecutoff\u201d \u00e1ll\u00e1sba mozd\u00edtott\u00e1k. Ez azonnali hajt\u00f3m\u0171teljes\u00edtm\u00e9ny-cs\u00f6kken\u00e9st\u00a0 \u00e9s a hajt\u00f3m\u0171vek le\u00e1ll\u00e1s\u00e1t okozta.<\/p>\n<p>A t\u00edpuson ezek a kapcsol\u00f3k fizikai vez\u00e9rl\u0151k, amelyek m\u0171k\u00f6dtet\u00e9s\u00e9hez fel kell h\u00fazni, majd \u00e1t kell billenteni azokat \u2013 vagyis a m\u0171velet tudatos beavatkoz\u00e1st ig\u00e9nyel. Az adatok szerint a k\u00e9t kapcsol\u00f3t gyakorlatilag egyszerre mozgatt\u00e1k.<\/p>\n<p>R\u00f6viddel ezut\u00e1n a robotpil\u00f3t\u00e1t kikapcsolt\u00e1k, majd a szarvkorm\u00e1nyt er\u0151teljesen balra ford\u00edtott\u00e1k \u00e9s el\u0151retolt\u00e1k, aminek k\u00f6vetkezt\u00e9ben a rep\u00fcl\u0151g\u00e9p \u00e1tfordult \u00e9s meredek zuhan\u00e1sba kezdett.<\/p>\n<p>A cikk a hirdet\u00e9s alatt folytat\u00f3dik.<\/p>\n<p><a href=\"https:\/\/www.europesays.com\/hu\/wp-content\/uploads\/2026\/05\/mu-5735-adatrogzito-fdr.jpg\"><img fetchpriority=\"high\" decoding=\"async\" class=\"alignnone size-full wp-image-173472\" src=\"https:\/\/www.europesays.com\/hu\/wp-content\/uploads\/2026\/05\/mu-5735-adatrogzito-fdr.jpg\" alt=\"\" width=\"1024\" height=\"683\"  \/><\/a><\/p>\n<p>Az adatr\u00f6gz\u00edt\u0151 26 ezer l\u00e1b magass\u00e1g k\u00f6r\u00fcl le\u00e1llt, miut\u00e1n az \u00e1ramell\u00e1t\u00e1sa megsz\u0171nt. A pil\u00f3taf\u00fclke hangr\u00f6gz\u00edt\u0151je (CVR) azonban tartal\u00e9k akkumul\u00e1toros \u00e1ramforr\u00e1sr\u00f3l eg\u00e9szen a becsap\u00f3d\u00e1sig m\u0171k\u00f6d\u00f6tt.<\/p>\n<p>Az amerikai vizsg\u00e1l\u00f3k n\u00e9gy hangf\u00e1jlt mentettek ki a k\u00e9s\u0151bb megtal\u00e1lt eszk\u00f6zr\u0151l, amelyeket \u00e1tadtak a vizsg\u00e1latot vezet\u0151 k\u00ednai polg\u00e1ri l\u00e9g\u00fcgyi hat\u00f3s\u00e1g (Civil Aviation Administration of China \u2013 CAAC) r\u00e9sz\u00e9re, amely egyel\u0151re a v\u00e9gleges jelent\u00e9st\u00a0 \u00e9s a hanganyagot sem hozta nyilv\u00e1noss\u00e1gra. A jelent\u00e9s kiad\u00e1s\u00e1nak elmarad\u00e1s\u00e1t a hat\u00f3s\u00e1g azzal indokolta, hogy az inform\u00e1ci\u00f3k nyilv\u00e1noss\u00e1gra hozatala \u201enemzetbiztons\u00e1gi \u00e9s t\u00e1rsadalmi stabilit\u00e1si kock\u00e1zatot\u201d jelenthet. A CAAC kor\u00e1bban tagadta, hogy sz\u00e1nd\u00e9kos cselekm\u00e9ny t\u00f6rt\u00e9nt volna.<\/p>\n<p>A hivatalos inform\u00e1ci\u00f3k hi\u00e1nya ellen\u00e9re a<a href=\"https:\/\/airportal.hu\/szandekosan-vezethettek-a-foldnek-a-china-eastern-boeing-737-eset\/\" rel=\"nofollow noopener\" target=\"_blank\"> The Wall Street Journal 2022-ben is arr\u00f3l sz\u00e1molt be<\/a>, hogy az amerikai el\u0151zetes \u00e9rt\u00e9kel\u00e9sek emberi beavatkoz\u00e1sra utalnak. Egy, a vizsg\u00e1latra r\u00e1l\u00e1t\u00f3 forr\u00e1s akkor azt k\u00f6z\u00f6lte, hogy \u201ea rep\u00fcl\u0151g\u00e9p azt tette, amire valaki a pil\u00f3taf\u00fclk\u00e9ben utas\u00edtotta\u201d.<\/p>\n<p>B\u00e1r a k\u00ednai hat\u00f3s\u00e1gok eddig nem hozt\u00e1k nyilv\u00e1noss\u00e1gra, pontosan ki tart\u00f3zkodott a pil\u00f3taf\u00fclk\u00e9ben a kritikus pillanatokban, a szem\u00e9lyzet \u00f6sszet\u00e9tele k\u00f6r\u00fcl tov\u00e1bbra is k\u00e9rd\u00e9sek vannak. A j\u00e1rat kapit\u00e1nya 32 \u00e9ves volt mintegy 6700 rep\u00fclt \u00f3r\u00e1val, m\u00edg az els\u0151 tiszt 59 \u00e9vesen rendk\u00edv\u00fcl magas, 31 800 \u00f3r\u00e1s tapasztalattal rendelkezett, de kor\u00e1bban kapit\u00e1nyi beoszt\u00e1sb\u00f3l ker\u00fclt vissza els\u0151tiszti poz\u00edci\u00f3ba.<\/p>\n<p><a href=\"https:\/\/airportal.hu\/lezuhant-a-china-eastern-boeing-737-ese-kinaban\/\" rel=\"nofollow noopener\" target=\"_blank\">Mint arr\u00f3l besz\u00e1moltunk<\/a>, a China Eastern Airlines Boeing 737-800-asa 2022. m\u00e1rcius 21-\u00e9n zuhant le. A B-1791 lajstromjel\u0171, Boeing 737-89P (WL) t\u00edpus\u00fa \u00e9s kevesebb mint 6 \u00e9ves rep\u00fcl\u0151g\u00e9p az MU 5735 sz\u00e1m\u00fa j\u00e1ratot teljes\u00edtette volna Kunmingb\u00f3l Kantonba. A fed\u00e9lzet\u00e9n 123 utas \u00e9s 9 f\u0151s szem\u00e9lyzet utazott, a katasztr\u00f3fa ut\u00e1n t\u00fal\u00e9l\u0151ket nem tal\u00e1ltak.<\/p>\n<p>A pil\u00f3taf\u00fclk\u00e9ben zajl\u00f3 kommunik\u00e1ci\u00f3t \u00e9s hangjelz\u00e9seket r\u00f6gz\u00edt\u0151 berendez\u00e9st (Cockpit Voice Recorder \u2013 CVR) a baleset ut\u00e1n\u00a0<a href=\"https:\/\/airportal.hu\/megtalaltak-a-china-eastern-hetfon-lezuhant-737-esenek-egyik-adatrogzitojet\/\" rel=\"nofollow noopener\" target=\"_blank\">k\u00e9t nappal<\/a>, a rep\u00fcl\u00e9si param\u00e9tereket \u00e9s a g\u00e9p m\u0171szaki adatait napl\u00f3z\u00f3 rep\u00fcl\u00e9si adatr\u00f6gz\u00edt\u0151t (Flight Data Recorder \u2013 FDR) pedig\u00a0<a href=\"https:\/\/airportal.hu\/megtalaltak-a-lezuhant-kinai-737-es-repulesi-adatrogzitojet-is\/\" rel=\"nofollow noopener\" target=\"_blank\">hat nappal a katasztr\u00f3f\u00e1t k\u00f6vet\u0151en<\/a>\u00a0tal\u00e1lt\u00e1k meg. A kor\u00e1bbi k\u00f6zl\u00e9sek szerint mindk\u00e9t adatr\u00f6gz\u00edt\u0151 mem\u00f3riamodulja\u00a0<a href=\"https:\/\/airportal.hu\/a-lezuhant-kinai-737-es-mindket-adatrogzitojet-javitani-kell-a-kiolvasashoz\/\" rel=\"nofollow noopener\" target=\"_blank\">s\u00falyosan megrong\u00e1l\u00f3dott<\/a>.<\/p>\n<p>A k\u00ednai l\u00e9g\u00fcgyi hat\u00f3s\u00e1g egy h\u00f3nappal a katasztr\u00f3f\u00e1t k\u00f6vet\u0151en k\u00e9sz\u00edtette el <a href=\"https:\/\/airportal.hu\/kiadtak-az-elozetes-jelentest-a-china-eastern-boeing-737-esenek-katasztrofajarol\/\" rel=\"nofollow noopener\" target=\"_blank\">az el\u0151zetes vizsg\u00e1lati jelent\u00e9s\u00e9t<\/a>, de a dokumentumot nem hozt\u00e1k nyilv\u00e1noss\u00e1gra, csak egy kivonatos k\u00f6zlem\u00e9nyt tettek k\u00f6zz\u00e9.<\/p>\n<p>Az \u00fcgy k\u00eds\u00e9rtetiesen hasonl\u00edt a <a href=\"https:\/\/airportal.hu\/cimke\/4u-9525\/\" rel=\"nofollow noopener\" target=\"_blank\">Germanwings 4U 9525-\u00f6s<\/a>, Barcelona-D\u00fcsseldorf j\u00e1rat\u00e1val t\u00f6rt\u00e9ntekre. A 2015. m\u00e1rcius 24-\u00e9n t\u00f6rt\u00e9nt balesetr\u0151l kider\u00fclt, hogy a ment\u00e1lhigi\u00e9n\u00e9s probl\u00e9m\u00e1kkal k\u00fczd\u0151 els\u0151 tiszt, Andreas Lubitz kiz\u00e1rta a kapit\u00e1nyt a pil\u00f3taf\u00fclk\u00e9b\u0151l, \u00e9s az Alpok egyik hegyoldal\u00e1nak vezette a g\u00e9pet, k\u00f6zben pedig egy sz\u00f3t sem sz\u00f3lt. A fed\u00e9lzeten 144 utas \u00e9s 6 f\u0151s szem\u00e9lyzet volt, senki nem \u00e9lte t\u00fal a katasztr\u00f3f\u00e1t.<\/p>\n","protected":false},"excerpt":{"rendered":"A k\u00ednai Boeing 737-800-as mindk\u00e9t hajt\u00f3m\u0171v\u00e9t le\u00e1ll\u00edtott\u00e1k utaz\u00f3magass\u00e1gon, majd a robotpil\u00f3t\u00e1t kikapcsolt\u00e1k \u00e9s zuhan\u00e1sba korm\u00e1nyozt\u00e1k a g\u00e9pet a&hellip;\n","protected":false},"author":2,"featured_media":88192,"comment_status":"","ping_status":"","sticky":false,"template":"","format":"standard","meta":{"footnotes":"","_share_on_mastodon":"0"},"categories":[8],"tags":[30767,30768,30769,30770,30771,30772,30773,30774,42,104,17279,43,30775,34,30776,94,93,92],"class_list":["post-88191","post","type-post","status-publish","format-standard","has-post-thumbnail","category-vilag","tag-balesetvizsgalat","tag-boeing-737-800","tag-caac","tag-china-eastern","tag-china-eastern-airlines","tag-cockpit-voice-recorder-cvr","tag-elozetes-vizsgalati-jelentes","tag-flight-data-recorder-fdr","tag-hungarian","tag-kina","tag-legikatasztrofa","tag-magyar","tag-mu-5735","tag-news","tag-ntsb-nemzeti-kozlekedesbiztonsagi-bizottsag-usa","tag-vilag","tag-world","tag-world-news"],"share_on_mastodon":{"url":"https:\/\/pubeurope.com\/@hu\/116518453580626034","error":""},"_links":{"self":[{"href":"https:\/\/www.europesays.com\/hu\/wp-json\/wp\/v2\/posts\/88191","targetHints":{"allow":["GET"]}}],"collection":[{"href":"https:\/\/www.europesays.com\/hu\/wp-json\/wp\/v2\/posts"}],"about":[{"href":"https:\/\/www.europesays.com\/hu\/wp-json\/wp\/v2\/types\/post"}],"author":[{"embeddable":true,"href":"https:\/\/www.europesays.com\/hu\/wp-json\/wp\/v2\/users\/2"}],"replies":[{"embeddable":true,"href":"https:\/\/www.europesays.com\/hu\/wp-json\/wp\/v2\/comments?post=88191"}],"version-history":[{"count":0,"href":"https:\/\/www.europesays.com\/hu\/wp-json\/wp\/v2\/posts\/88191\/revisions"}],"wp:featuredmedia":[{"embeddable":true,"href":"https:\/\/www.europesays.com\/hu\/wp-json\/wp\/v2\/media\/88192"}],"wp:attachment":[{"href":"https:\/\/www.europesays.com\/hu\/wp-json\/wp\/v2\/media?parent=88191"}],"wp:term":[{"taxonomy":"category","embeddable":true,"href":"https:\/\/www.europesays.com\/hu\/wp-json\/wp\/v2\/categories?post=88191"},{"taxonomy":"post_tag","embeddable":true,"href":"https:\/\/www.europesays.com\/hu\/wp-json\/wp\/v2\/tags?post=88191"}],"curies":[{"name":"wp","href":"https:\/\/api.w.org\/{rel}","templated":true}]}}