{"id":88568,"date":"2026-05-05T06:42:11","date_gmt":"2026-05-05T06:42:11","guid":{"rendered":"https:\/\/www.europesays.com\/hu\/88568\/"},"modified":"2026-05-05T06:42:11","modified_gmt":"2026-05-05T06:42:11","slug":"index-belfold-orban-gaspar-leszerelt-de-nem-kerik-vissza-a-tobb-tizmillios-katonai-kepzes-arat","status":"publish","type":"post","link":"https:\/\/www.europesays.com\/hu\/88568\/","title":{"rendered":"Index &#8211; Belf\u00f6ld &#8211; Orb\u00e1n G\u00e1sp\u00e1r leszerelt, de nem k\u00e9rik vissza a t\u00f6bb t\u00edzmilli\u00f3s katonai k\u00e9pz\u00e9s \u00e1r\u00e1t"},"content":{"rendered":"<p>                <a href=\"https:\/\/index.hu\/szerzo\/domjan_aniko\" rel=\"nofollow noopener\" target=\"_blank\"><br \/>\n                        <img decoding=\"async\" class=\"szerzo-kep\" src=\"https:\/\/www.europesays.com\/hu\/wp-content\/uploads\/2026\/03\/51353206_3914804_0d10ecbb2555b889de4ba7d26c5acc86_wm.jpg\" alt=\"Domj\u00e1n Anik\u00f3\"\/><br \/>\n                <\/a><\/p>\n<p>\n                Orb\u00e1n G\u00e1sp\u00e1r leszerelt a honv\u00e9ds\u00e9gt\u0151l, \u00e9s mivel teljes\u00edtette az el\u0151\u00edrt szolg\u00e1lati idej\u00e9t, nem kell visszafizetnie a brit katonai k\u00e9pz\u00e9s t\u00f6bb t\u00edzmilli\u00f3s k\u00f6lts\u00e9g\u00e9t.            <\/p>\n<p>A Honv\u00e9d Vez\u00e9rkar t\u00e1j\u00e9koztat\u00e1sa szerint nem mer\u00fcl fel visszafizet\u00e9si k\u00f6telezetts\u00e9g Orb\u00e1n G\u00e1sp\u00e1r eset\u00e9ben a brit Kir\u00e1lyi Katonai Akad\u00e9mi\u00e1n elv\u00e9gzett k\u00e9pz\u00e9s miatt, mivel a sz\u00fcks\u00e9ges szolg\u00e1lati id\u0151t marad\u00e9ktalanul let\u00f6lt\u00f6tte, \u00edrta meg a\u00a0<a href=\"https:\/\/hvg.hu\/360\/20260505_orban-gaspar-nem-kepzes-leszereles-visszafizetes-sandhurst-brit-kiralyi-katonai-akademia-magyar-honvedseg\" id=\"hyperlink_f5629ffb2e05c968f448b52e16ea5a0b\" rel=\"nofollow noopener\" target=\"_blank\">HVG<\/a>-nek a\u00a0Honv\u00e9d Vez\u00e9rkar.<\/p>\n<p>A minisztereln\u00f6k fia 2019-ben csatlakozott a honv\u00e9ds\u00e9ghez, majd 2020-ban ker\u00fclt a vil\u00e1g egyik legismertebb katonai k\u00e9pz\u0151int\u00e9zm\u00e9ny\u00e9be, a sandhursti akad\u00e9mi\u00e1ra. A mintegy kilenc h\u00f3napos k\u00e9pz\u00e9s k\u00f6lts\u00e9ge szak\u00e9rt\u0151i becsl\u00e9sek szerint t\u00f6bb t\u00edzmilli\u00f3 forintot tett ki.<\/p>\n<p>A honv\u00e9ds\u00e9g szab\u00e1lyai szerint az ilyen k\u00e9pz\u00e9sek ut\u00e1n a katon\u00e1knak meghat\u00e1rozott ideig k\u00f6telez\u0151 szolg\u00e1latban maradniuk. Alapesetben ez a k\u00e9pz\u00e9si id\u0151 k\u00e9tszerese, azonban magasabb k\u00f6lts\u00e9g\u0171 k\u00e9pz\u00e9sek eset\u00e9n enn\u00e9l hosszabb id\u0151t is el\u0151\u00edrhatnak. Orb\u00e1n G\u00e1sp\u00e1r eset\u00e9ben \u00f6t \u00e9v szolg\u00e1lati k\u00f6telezetts\u00e9get \u00e1llap\u00edtottak meg.\u00a0A vez\u00e9rkar k\u00f6zl\u00e9se alapj\u00e1n ez az id\u0151 m\u00e1r kor\u00e1bban letelt, \u00edgy a leszerel\u00e9snek nem volt p\u00e9nz\u00fcgyi akad\u00e1lya. A k\u00e9relmet m\u00e9g a v\u00e1laszt\u00e1sok el\u0151tt ny\u00fajtott\u00e1k be, a j\u00f3v\u00e1hagy\u00e1s azonban csak \u00e1prilis k\u00f6zep\u00e9t k\u00f6vet\u0151en t\u00f6rt\u00e9nt meg.<\/p>\n<p>                        Politikailag \u00e9rz\u00e9keny \u00fcgyekben vizsg\u00e1l\u00f3dnak<\/p>\n<p>A honv\u00e9ds\u00e9g gyakorlata szerint a leszerel\u00e9si k\u00e9relmeket \u00e1ltal\u00e1ban enged\u00e9lyezik, ugyanakkor k\u00fcl\u00f6n m\u00e9rlegelik azokat az eseteket, amikor jelent\u0151s \u00f6sszeget ford\u00edtottak egy katona k\u00e9pz\u00e9s\u00e9re. Ilyenkor a rendszerb\u0151l val\u00f3 kil\u00e9p\u00e9s felt\u00e9tele a v\u00e1llalt szolg\u00e1lati id\u0151 teljes\u00edt\u00e9se.<\/p>\n<p>Az \u00fcgy az\u00e9rt is ker\u00fclt a figyelem k\u00f6z\u00e9ppontj\u00e1ba, mert az elm\u00falt id\u0151szakban t\u00f6bb, a honv\u00e9ds\u00e9get \u00e9s politikai szerepl\u0151ket \u00e9rint\u0151 k\u00e9rd\u00e9s is napirendre ker\u00fclt. Az Index kor\u00e1bban <a href=\"https:\/\/index.hu\/belfold\/2026\/05\/05\/ugyeszseg-nagy-gabor-balint-bunugy-mnb-szolo-utca-csad-ujdorogd-gyanusitott\/\" id=\"hyperlink_cf090d821b20ab46952818b603331f7f\" target=\"_blank\" title=\"Magasabb fokozatba kapcsolt az \u00fcgy\u00e9szs\u00e9g a politikailag k\u00e9nyes \u00fcgyek felder\u00edt\u00e9s\u00e9ben\" data-recommendation=\"bekezdes_utan\" data-recommendation-preview=\"{&quot;og:title&quot;:&quot;Magasabb fokozatba kapcsolt az \u00fcgy\u00e9szs\u00e9g a politikailag k\u00e9nyes \u00fcgyek felder\u00edt\u00e9s\u00e9ben&quot;,&quot;og:description&quot;:&quot;Nemcsak a cs\u00e1di katonai misszi\u00f3, hanem a Tisza P\u00e1rtot seg\u00edt\\u0151 k\u00e9t informatikus elleni h\u00e1zkutat\u00e1s gyan\u00fas k\u00f6r\u00fclm\u00e9nyeit is vizsg\u00e1lja az \u00fcgy\u00e9szs\u00e9g.&quot;,&quot;og:image&quot;:&quot;\\\/\\\/kep.cdn.indexvas.hu\\\/1\\\/0\\\/6696\\\/66968\\\/669681\\\/66968169_4944321_cc3e0f851ea9131e88f04ac811e3b040_wm.jpg&quot;}\" data-recommendation-id=\"6204895\" rel=\"nofollow noopener\">besz\u00e1molt arr\u00f3l<\/a>, hogy az \u00fcgy\u00e9szs\u00e9g t\u00f6bb, politikailag \u00e9rz\u00e9keny \u00fcgyben is vizsg\u00e1latokat folytat, k\u00f6zt\u00fck a cs\u00e1di katonai misszi\u00f3 el\u0151k\u00e9sz\u00edt\u00e9s\u00e9vel kapcsolatban, amelyben kor\u00e1bban Orb\u00e1n G\u00e1sp\u00e1r neve is felmer\u00fclt.<\/p>\n<p>\n                          (Bor\u00edt\u00f3k\u00e9p: Orb\u00e1n G\u00e1sp\u00e1r 2017. j\u00falius 27-\u00e9n. Fot\u00f3: Szil\u00e1gyi M\u00e1t\u00e9 \/ Index)\n                        <\/p>\n<p>    <img decoding=\"async\" src=\"https:\/\/index.hu\/assets\/images\/social-follow\/logo-big.svg\" alt=\"Index.hu logo\"\/><\/p>\n<p>K\u00f6vesse az Indexet Facebookon is!<\/p>\n<p>    <a href=\"https:\/\/facebook.com\/Indexhu\" target=\"_blank\" rel=\"nofollow noopener\"><\/p>\n<p>        K\u00f6vetem!<br \/>\n    <\/a><\/p>\n","protected":false},"excerpt":{"rendered":"Orb\u00e1n G\u00e1sp\u00e1r leszerelt a honv\u00e9ds\u00e9gt\u0151l, \u00e9s mivel teljes\u00edtette az el\u0151\u00edrt szolg\u00e1lati idej\u00e9t, nem kell visszafizetnie a brit katonai&hellip;\n","protected":false},"author":2,"featured_media":88569,"comment_status":"","ping_status":"","sticky":false,"template":"","format":"standard","meta":{"footnotes":"","_share_on_mastodon":"0"},"categories":[33],"tags":[6736,80,30876,152,38,35,37,44,42,40,5522,14275,43,41,34,20691,20735,36,39],"class_list":["post-88568","post","type-post","status-publish","format-standard","has-post-thumbnail","category-hirek","tag-akademia","tag-belfold","tag-brit-katona","tag-ce-napi","tag-focimek","tag-headlines","tag-hirek","tag-hu","tag-hungarian","tag-hungary","tag-kepzes","tag-leszereles","tag-magyar","tag-magyarorszag","tag-news","tag-orban-gaspar","tag-sandhurst","tag-top-stories","tag-vezeto-hirek"],"share_on_mastodon":{"url":"https:\/\/pubeurope.com\/@hu\/116520612183883586","error":""},"_links":{"self":[{"href":"https:\/\/www.europesays.com\/hu\/wp-json\/wp\/v2\/posts\/88568","targetHints":{"allow":["GET"]}}],"collection":[{"href":"https:\/\/www.europesays.com\/hu\/wp-json\/wp\/v2\/posts"}],"about":[{"href":"https:\/\/www.europesays.com\/hu\/wp-json\/wp\/v2\/types\/post"}],"author":[{"embeddable":true,"href":"https:\/\/www.europesays.com\/hu\/wp-json\/wp\/v2\/users\/2"}],"replies":[{"embeddable":true,"href":"https:\/\/www.europesays.com\/hu\/wp-json\/wp\/v2\/comments?post=88568"}],"version-history":[{"count":0,"href":"https:\/\/www.europesays.com\/hu\/wp-json\/wp\/v2\/posts\/88568\/revisions"}],"wp:featuredmedia":[{"embeddable":true,"href":"https:\/\/www.europesays.com\/hu\/wp-json\/wp\/v2\/media\/88569"}],"wp:attachment":[{"href":"https:\/\/www.europesays.com\/hu\/wp-json\/wp\/v2\/media?parent=88568"}],"wp:term":[{"taxonomy":"category","embeddable":true,"href":"https:\/\/www.europesays.com\/hu\/wp-json\/wp\/v2\/categories?post=88568"},{"taxonomy":"post_tag","embeddable":true,"href":"https:\/\/www.europesays.com\/hu\/wp-json\/wp\/v2\/tags?post=88568"}],"curies":[{"name":"wp","href":"https:\/\/api.w.org\/{rel}","templated":true}]}}