{"id":89736,"date":"2026-05-06T04:27:11","date_gmt":"2026-05-06T04:27:11","guid":{"rendered":"https:\/\/www.europesays.com\/hu\/89736\/"},"modified":"2026-05-06T04:27:11","modified_gmt":"2026-05-06T04:27:11","slug":"a-szomszedokban-o-volt-magenheim-doki-szerelme-56-evesen-igy-nez-ki-malek-andrea-hazai-sztar","status":"publish","type":"post","link":"https:\/\/www.europesays.com\/hu\/89736\/","title":{"rendered":"A Szomsz\u00e9dokban \u0151 volt M\u00e1genheim doki szerelme: 56 \u00e9vesen \u00edgy n\u00e9z ki Malek Andrea &#8211; Hazai szt\u00e1r"},"content":{"rendered":"<p>Malek Andrea a minap a <a href=\"https:\/\/tv2play.hu\/mokka\/uj_kihivasok_malek_andrea_eleteben_imadja_a_nagymama_szerepet\" id=\"hyperlink_4d76ff667dfdc05cdec7d25c85ccce38\" rel=\"nofollow noopener\" target=\"_blank\">Mokka<\/a> <a href=\"http:\/\/femina.hu\/hazai_sztar\/malek-andrea-unokaja\/\" id=\"hyperlink_c10bc5661e2132dc792a1aa6f37852ce\" target=\"_blank\" title=\"Megsz\u00fcletett Malek Andrea els\u0151 unok\u00e1ja: nagyobbik fia aj\u00e1nd\u00e9kozta meg vele\" rel=\"nofollow noopener\">vend\u00e9ge<\/a> volt, \u00e9s 56 \u00e9vesen ugyanolyan ragyog\u00f3an n\u00e9zett ki a k\u00e9perny\u0151n, mint amikor el\u0151sz\u00f6r felt\u0171nt a Szomsz\u00e9dokban.<\/p>\n<p>                        Malek Andrea \u00edgy n\u00e9z ki most<\/p>\n<p>A Szomsz\u00e9dok c\u00edm\u0171 sorozatot aligha kell bemutatni, hiszen gener\u00e1ci\u00f3kon \u00e1t\u00edvel\u0151 kedvenc, amelyet szinte mindenki ismer. A n\u00e9z\u0151k Malek Andre\u00e1t is j\u00f3l felid\u00e9zhetik, hiszen \u0151 alak\u00edtotta a fiatal Esztert, aki komoly bonyodalmakat okozott M\u00e1genheim\u00e9k \u00e9let\u00e9ben, amikor a doktor beleszeretett. B\u00e1r nem tartozott a sorozat \u00e1lland\u00f3 szerepl\u0151i k\u00f6z\u00e9, a k\u00f6z\u00f6ns\u00e9g gyorsan megszerette.<\/p>\n<p>                            <img decoding=\"async\" id=\"kep_szerkfoto_image_69227477\" src=\"https:\/\/www.europesays.com\/hu\/wp-content\/uploads\/2026\/05\/69227477_380ce069e29cd1d94328ed275a2dbd8b_wm.png\" loading=\"lazy\" alt=\"Malek Andrea.png\" data-image_width=\"1163\" data-image_height=\"624\" width=\"1163\" height=\"624\"\/><\/p>\n<p>Az\u00f3ta sok \u00e9v telt el, Malek Andrea pedig els\u0151sorban a zenei p\u00e1ly\u00e1n bontakoztatta ki tehets\u00e9g\u00e9t, de a sz\u00edn\u00e9szetet sem engedte el. Jelenleg egy \u00faj darabban j\u00e1tszik az Erkel Sz\u00ednh\u00e1zban, amelyr\u0151l lelkesen mes\u00e9lt a Mokka vend\u00e9gek\u00e9nt. A n\u00e9z\u0151k figyelm\u00e9t azonban legink\u00e1bb az ragadta meg, milyen b\u00e1josan \u00e9s fiatalosan fest 56 \u00e9vesen, szinte sug\u00e1rzott a k\u00e9perny\u0151n kereszt\u00fcl.<\/p>\n<p>Ragyog\u00e1s\u00e1nak h\u00e1tter\u00e9ben nemcsak az \u00e1ll, hogy izgalmas szakmai kih\u00edv\u00e1sok tal\u00e1lt\u00e1k meg az ut\u00f3bbi id\u0151ben, hanem az is, hogy lassan egy \u00e9ve <a href=\"http:\/\/femina.hu\/hazai_sztar\/malek-andrea-unokaja\/\" id=\"hyperlink_c10bc5661e2132dc792a1aa6f37852ce\" target=\"_blank\" title=\"Megsz\u00fcletett Malek Andrea els\u0151 unok\u00e1ja: nagyobbik fia aj\u00e1nd\u00e9kozta meg vele\" rel=\"nofollow noopener\">nagymamai \u00f6r\u00f6m\u00f6k el\u00e9 n\u00e9zhetett<\/a> nagyobbik fia r\u00e9v\u00e9n. A m\u0171sorban \u00edgy arr\u00f3l is mes\u00e9lt, milyen \u00e9rz\u00e9s nagymam\u00e1nak lenni.<\/p>\n<p>&#8211; Jaj, szuper, \u00e9n nagyon v\u00e1gytam m\u00e1r r\u00e1, csak nem akartam er\u0151ltetni. H\u00e1t \u00e9n 26 \u00e9ves koromban sz\u00fcltem az els\u0151 fiacsk\u00e1mat, aki azt\u00e1n megn\u0151s\u00fclt, \u00e9s tavaly m\u00e1jusban meg\u00e9rkezett ez a baba, aki csak vis\u00edtozik, nevet, nagyon okos, nagyon finom. \u00dagy nevelik, mint madarak a fi\u00f3k\u00e1it, olyan sz\u00e9pen neveli a k\u00e9t emberke. Egy tiszta \u00f6r\u00f6m ez nek\u00fcnk, az eg\u00e9sz csal\u00e1dnak \u2013 mes\u00e9lte lelkesen.\u00a0<\/p>\n<p>Azt is el\u00e1rulta, hogy hamarosan az unok\u00e1ja is l\u00e1thatja \u0151t a sz\u00ednpadon. B\u00e1r nem minden gyermeke k\u00f6vette \u0151t ezen a p\u00e1ly\u00e1n, a muzikalit\u00e1s <a href=\"http:\/\/femina.hu\/hazai_sztar\/malek-andrea-tini-lanya\/\" id=\"hyperlink_33a1948389666398a183c351950a5d31\" target=\"_blank\" title=\"Malek Andrea 15 \u00e9ves l\u00e1nya csodasz\u00e9p: L\u00e9na \u00f6r\u00f6k\u00f6lte \u00e9desanyja mosoly\u00e1t \u00e9s tehets\u00e9g\u00e9t is\" rel=\"nofollow noopener\">mindannyiukban<\/a> ott van, \u00edgy a csal\u00e1d minden tagja \u00f6r\u00f6mmel t\u00e1mogatja Malek Andre\u00e1t.<\/p>\n<p>                                    <a href=\"https:\/\/femina.hu\/hazai_sztar\/schubert-eva-utolso-evei\/\" title=\"\" rel=\"nofollow noopener\" target=\"_blank\"><br \/>\n                                    <img decoding=\"async\" src=\"https:\/\/www.europesays.com\/hu\/wp-content\/uploads\/2026\/05\/67645757_4994607_8fdf5668f2e747dba4419fc2f05e97c9_wm.jpg\" alt=\"\" title=\"\"\/><br \/>\n                                <\/a><\/p>\n<p>                                \u201eIrt\u00f3zatos f\u00e1jdalmai voltak\u201d &#8211; A Szomsz\u00e9dok legend\u00e1s sz\u00edn\u00e9szn\u0151je hal\u00e1la el\u0151tt t\u00f6bb betegs\u00e9ggel is k\u00fczd\u00f6tt<\/p>\n<p class=\"lead\">Schubert \u00c9va utols\u00f3 \u00e9veinek gy\u00f6trelmeir\u0151l a l\u00e1nya sz\u00e1molt be.<\/p>\n<p>                                <a href=\"https:\/\/femina.hu\/hazai_sztar\/schubert-eva-utolso-evei\/\" class=\"btn btn-normal\" rel=\"nofollow noopener\" target=\"_blank\">Elolvasom<\/a><\/p>\n<p>\n                          Cover-fot\u00f3: Szigetv\u00e1ry Zsolt\/MTI\n                        <\/p>\n<p>                                    <img loading=\"lazy\" decoding=\"async\" src=\"https:\/\/www.europesays.com\/hu\/wp-content\/uploads\/2026\/04\/1775923819_34_68204953_20bb222a049bca551bfa29b6ef389012_wm.jpg\" width=\"200\" height=\"290\" alt=\"\"\/><br \/>\n                            \t    \tA benn\u00fcnk \u00e9l\u0151 n\u0151k &#8211; Hol az egyens\u00faly a megfelel\u00e9s \u00e9s az \u00f6nazonoss\u00e1g k\u00f6z\u00f6tt?<\/p>\n<p>A 21. sz\u00e1zadi n\u0151 minden szerepben helyt \u00e1ll: dolgozik, \u00e9desanya, t\u00e1rs, bar\u00e1t, gondoskod\u00f3, \u00e9s k\u00f6zben pr\u00f3b\u00e1l \u00f6nmaga is maradni. Hogyan lehet lav\u00edrozni a rohan\u00f3 mindennapok, a teljes\u00edtm\u00e9nyk\u00e9nyszer \u00e9s a saj\u00e1t lelki b\u00e9k\u00e9nk k\u00f6z\u00f6tt? Hogyan tal\u00e1ljuk meg az egyens\u00falyt szerepeink k\u00f6z\u00f6tt?\u00a0Er\u0151s Ant\u00f3nia \u00e9s Pokorny Lia besz\u00e9lgetnek j\u00fanius 1-j\u00e9n a MOMkultban arr\u00f3l, mit jelent ma n\u0151nek lenni: hogyan lehet egyszerre helyt \u00e1llni a munka, a csal\u00e1d \u00e9s a saj\u00e1t v\u00e1gyak vil\u00e1g\u00e1ban, mik\u00f6zben meg\u0151rizz\u00fck \u00f6nmagunkat, bels\u0151 er\u0151nket \u00e9s harm\u00f3ni\u00e1nkat.\u00a0<\/p>\n<p><a href=\"https:\/\/indaevents.hu\/\/e\/erosantonia-pokornylia\" rel=\"nofollow noopener\" target=\"_blank\">Biztos\u00edtsd be a helyed most!<\/a><\/p>\n<p class=\"promocio\">Prom\u00f3ci\u00f3<\/p>\n","protected":false},"excerpt":{"rendered":"Malek Andrea a minap a Mokka vend\u00e9ge volt, \u00e9s 56 \u00e9vesen ugyanolyan ragyog\u00f3an n\u00e9zett ki a k\u00e9perny\u0151n, mint&hellip;\n","protected":false},"author":2,"featured_media":89737,"comment_status":"","ping_status":"","sticky":false,"template":"","format":"standard","meta":{"footnotes":"","_share_on_mastodon":"0"},"categories":[21],"tags":[198,137,206,199,44,42,40,1661,43,41,21569,204,926,2769,138,205],"class_list":["post-89736","post","type-post","status-publish","format-standard","has-post-thumbnail","category-hiressegek","tag-celebrities","tag-entertainment","tag-hazai-sztar","tag-hiressegek","tag-hu","tag-hungarian","tag-hungary","tag-igy-nez-ki-most","tag-magyar","tag-magyarorszag","tag-malek-andrea","tag-mokka","tag-szineszno","tag-szomszedok","tag-szorakozas","tag-sztar"],"share_on_mastodon":{"url":"https:\/\/pubeurope.com\/@hu\/116525743634311884","error":""},"_links":{"self":[{"href":"https:\/\/www.europesays.com\/hu\/wp-json\/wp\/v2\/posts\/89736","targetHints":{"allow":["GET"]}}],"collection":[{"href":"https:\/\/www.europesays.com\/hu\/wp-json\/wp\/v2\/posts"}],"about":[{"href":"https:\/\/www.europesays.com\/hu\/wp-json\/wp\/v2\/types\/post"}],"author":[{"embeddable":true,"href":"https:\/\/www.europesays.com\/hu\/wp-json\/wp\/v2\/users\/2"}],"replies":[{"embeddable":true,"href":"https:\/\/www.europesays.com\/hu\/wp-json\/wp\/v2\/comments?post=89736"}],"version-history":[{"count":0,"href":"https:\/\/www.europesays.com\/hu\/wp-json\/wp\/v2\/posts\/89736\/revisions"}],"wp:featuredmedia":[{"embeddable":true,"href":"https:\/\/www.europesays.com\/hu\/wp-json\/wp\/v2\/media\/89737"}],"wp:attachment":[{"href":"https:\/\/www.europesays.com\/hu\/wp-json\/wp\/v2\/media?parent=89736"}],"wp:term":[{"taxonomy":"category","embeddable":true,"href":"https:\/\/www.europesays.com\/hu\/wp-json\/wp\/v2\/categories?post=89736"},{"taxonomy":"post_tag","embeddable":true,"href":"https:\/\/www.europesays.com\/hu\/wp-json\/wp\/v2\/tags?post=89736"}],"curies":[{"name":"wp","href":"https:\/\/api.w.org\/{rel}","templated":true}]}}