{"id":91234,"date":"2026-05-07T09:03:15","date_gmt":"2026-05-07T09:03:15","guid":{"rendered":"https:\/\/www.europesays.com\/hu\/91234\/"},"modified":"2026-05-07T09:03:15","modified_gmt":"2026-05-07T09:03:15","slug":"index-futball-futball-440","status":"publish","type":"post","link":"https:\/\/www.europesays.com\/hu\/91234\/","title":{"rendered":"Index &#8211; Futball &#8211; Futball"},"content":{"rendered":"<p>A 30 \u00e9ves bels\u0151 v\u00e9d\u0151 szerz\u0151d\u00e9se j\u00fanius 30-\u00e1n j\u00e1r le, \u00e9s k\u00f6z\u00f6s megegyez\u00e9ssel nem hosszabb\u00edtj\u00e1k meg.<\/p>\n<p>S\u00fcle egy ideje m\u00e1r gondolkozott a visszavonul\u00e1son, s amikor \u00e1prilisban t\u00e9rds\u00e9r\u00fcl\u00e9st szenvedett, eld\u00f6nt\u00f6tte, hogy befejezi a p\u00e1lyafut\u00e1s\u00e1t. Egy podcastben feleleven\u00edtette, hogy att\u00f3l tartott, ism\u00e9t szalagszakad\u00e1st szenvedett, emiatt az \u00f6lt\u00f6z\u0151ben, a zuhany alatt t\u00edz percig zokogott, s m\u00e1snap, amikor kider\u00fclt, m\u00e9g sincs szakad\u00e1s, elhat\u00e1roz\u00e1sra jutott.<\/p>\n<p>Ezer sz\u00e1zal\u00e9kig biztos voltam benne, hogy v\u00e9ge. Nem tudok rosszabbat elk\u00e9pzelni ann\u00e1l, mint hogy v\u00e1rom a civil \u00e9letet, hogy f\u00fcggetlen legyek, nyaralhassak, id\u0151t t\u00f6ltsek a gyerekeimmel, azt\u00e1n szembes\u00fcljek a harmadik keresztszalag-szakad\u00e1sommal<\/p>\n<p>\u2013 fogalmazott a j\u00e1t\u00e9kos, akinek karrierj\u00e9t t\u00f6bbsz\u00f6r is s\u00falyos s\u00e9r\u00fcl\u00e9s h\u00e1tr\u00e1ltatta.<\/p>\n<p>A bekk 2016 \u00e9s 2023 k\u00f6z\u00f6tt 49-szer l\u00e9pett p\u00e1ly\u00e1ra a v\u00e1logatottban. A berobban\u00e1s\u00e1nak d\u00f6nt\u0151 szerep jutott abban, hogy Willi Orb\u00e1n v\u00e9g\u00fcl a n\u00e9metekn\u00e9l nem kapott bizony\u00edt\u00e1si lehet\u0151s\u00e9get feln\u0151ttszinten, \u00edgy pedig m\u00e1sf\u00e9l \u00e9vvel k\u00e9s\u0151bb magyar sz\u00ednekben k\u00f6t\u00f6tt ki.<\/p>\n<p>S\u00fcle klubkarrierj\u00e9t a Hoffenheimben kezdte, majd 2017-ben a Bayern M\u00fcnchenhez igazolt, amellyel \u00f6tsz\u00f6r nyert bajnoks\u00e1got, k\u00e9tszer N\u00e9met Kup\u00e1t, 2020-ban pedig a BL-ben is a cs\u00facsra \u00e9rt. A Borussia Dortmundot 2022 \u00f3ta er\u0151s\u00edtette.<\/p>\n<p>(Bor\u00edt\u00f3k\u00e9p:\u00a0A Borussia Dortmund j\u00e1t\u00e9kosa, Niklas S\u00fcle a kispadon \u00fcl a Borussia Dortmund \u00e9s az FC Augsburg Bundesliga-m\u00e9rk\u0151z\u00e9se el\u0151tt a Signal Iduna Parkban 2026. m\u00e1rcius 14-\u00e9n. Fot\u00f3: Ralf Ibing\u00a0\u2013 firo sportphoto \/ Getty Images Hungary)<\/p>\n<p>                <a href=\"https:\/\/konyvek.index.hu\/\" target=\"_blank\" rel=\"nofollow noopener\"><br \/>\n                <img decoding=\"async\" src=\"https:\/\/index.hu\/assets\/images\/konyvajanlo\/book_indapress\/book_indapress_logo.svg\" loading=\"lazy\" alt=\"Inda Press Kiad\u00f3\"\/><br \/>\n                <\/a><\/p>\n<p>                <img decoding=\"async\" src=\"https:\/\/www.europesays.com\/hu\/wp-content\/uploads\/2026\/05\/rossi.png\" loading=\"lazy\" alt=\"Rossi\"\/><\/p>\n<p>Ismerd meg a magyar labdar\u00fag\u00e1s h\u0151s\u00e9nek eml\u00e9kezetes pillanatait!<br \/>Folytassa, Mister!<\/p>\n<p>                <a class=\"book_index_btn\" href=\"https:\/\/indexadhu.hit.gemius.pl\/hitredir\/id=nSCbubuYpDWJZLZs0TssLrbt33Lk5kbipuiZrkg89G3.g7\/stparam=uciklwjurk\/fastid=efdamtuhsxcjschvtzobuxredglq\/nc=0\/url=https:\/\/www.indapresskiado.hu\/products\/marco-rossi?_pos=1&amp;_psq=rossi&amp;_ss=e&amp;_v=1.0\" target=\"_blank\" rel=\"nofollow noopener\">MEGVESZEM<\/a><\/p>\n<p>    <img loading=\"lazy\" decoding=\"async\" src=\"https:\/\/www.europesays.com\/hu\/wp-content\/uploads\/2026\/02\/1771583768_97_nc=0.gif\" border=\"0\" height=\"0\" width=\"0\"\/><\/p>\n<p>    <img decoding=\"async\" src=\"https:\/\/index.hu\/assets\/images\/social-follow\/logo-big.svg\" alt=\"Index.hu logo\"\/><\/p>\n<p>K\u00f6vesse az Indexet Facebookon is!<\/p>\n<p>    <a href=\"https:\/\/facebook.com\/Indexhu\" target=\"_blank\" rel=\"nofollow noopener\"><\/p>\n<p>        K\u00f6vetem!<br \/>\n    <\/a><\/p>\n","protected":false},"excerpt":{"rendered":"A 30 \u00e9ves bels\u0151 v\u00e9d\u0151 szerz\u0151d\u00e9se j\u00fanius 30-\u00e1n j\u00e1r le, \u00e9s k\u00f6z\u00f6s megegyez\u00e9ssel nem hosszabb\u00edtj\u00e1k meg. S\u00fcle egy&hellip;\n","protected":false},"author":2,"featured_media":91235,"comment_status":"","ping_status":"","sticky":false,"template":"","format":"standard","meta":{"footnotes":"","_share_on_mastodon":"0"},"categories":[14],"tags":[1812,4402,44,42,40,502,43,41,31596,45,131],"class_list":["post-91234","post","type-post","status-publish","format-standard","has-post-thumbnail","category-sport","tag-bajnokok-ligaja","tag-borussia-dortmund","tag-hu","tag-hungarian","tag-hungary","tag-labdarugas","tag-magyar","tag-magyarorszag","tag-niklas-sule","tag-sport","tag-sports"],"share_on_mastodon":{"url":"https:\/\/pubeurope.com\/@hu\/116532491633841060","error":""},"_links":{"self":[{"href":"https:\/\/www.europesays.com\/hu\/wp-json\/wp\/v2\/posts\/91234","targetHints":{"allow":["GET"]}}],"collection":[{"href":"https:\/\/www.europesays.com\/hu\/wp-json\/wp\/v2\/posts"}],"about":[{"href":"https:\/\/www.europesays.com\/hu\/wp-json\/wp\/v2\/types\/post"}],"author":[{"embeddable":true,"href":"https:\/\/www.europesays.com\/hu\/wp-json\/wp\/v2\/users\/2"}],"replies":[{"embeddable":true,"href":"https:\/\/www.europesays.com\/hu\/wp-json\/wp\/v2\/comments?post=91234"}],"version-history":[{"count":0,"href":"https:\/\/www.europesays.com\/hu\/wp-json\/wp\/v2\/posts\/91234\/revisions"}],"wp:featuredmedia":[{"embeddable":true,"href":"https:\/\/www.europesays.com\/hu\/wp-json\/wp\/v2\/media\/91235"}],"wp:attachment":[{"href":"https:\/\/www.europesays.com\/hu\/wp-json\/wp\/v2\/media?parent=91234"}],"wp:term":[{"taxonomy":"category","embeddable":true,"href":"https:\/\/www.europesays.com\/hu\/wp-json\/wp\/v2\/categories?post=91234"},{"taxonomy":"post_tag","embeddable":true,"href":"https:\/\/www.europesays.com\/hu\/wp-json\/wp\/v2\/tags?post=91234"}],"curies":[{"name":"wp","href":"https:\/\/api.w.org\/{rel}","templated":true}]}}