{"id":91864,"date":"2026-05-07T18:29:09","date_gmt":"2026-05-07T18:29:09","guid":{"rendered":"https:\/\/www.europesays.com\/hu\/91864\/"},"modified":"2026-05-07T18:29:09","modified_gmt":"2026-05-07T18:29:09","slug":"leszedik-waberer-gyorgy-nevet-a-rola-elnevezett-satoraljaujhelyi-uszodarol","status":"publish","type":"post","link":"https:\/\/www.europesays.com\/hu\/91864\/","title":{"rendered":"Leszedik W\u00e1berer Gy\u00f6rgy nev\u00e9t a r\u00f3la elnevezett s\u00e1toralja\u00fajhelyi uszod\u00e1r\u00f3l"},"content":{"rendered":"<p>A s\u00e1toralja\u00fajhelyi k\u00e9pvisel\u0151-test\u00fclet cs\u00fct\u00f6rt\u00f6ki d\u00f6nt\u00e9s\u00e9nek \u00e9rtelm\u00e9ben \u00e1tnevezik a W\u00e1berer Gy\u00f6rgy nev\u00e9t visel\u0151 v\u00e1rosi uszod\u00e1t. Err\u0151l Majoros L\u00e1szl\u00f3, a DK s\u00e1toralja\u00fajhelyi \u00f6nkorm\u00e1nyzati k\u00e9pvisel\u0151je <a href=\"https:\/\/www.facebook.com\/photo?fbid=27163643289907093&amp;set=a.649329761765140\" target=\"_blank\" rel=\"nofollow noopener\">posztolt<\/a>. \u201eGyal\u00e1zat! A k\u00f6vetkez\u0151 \u00fcl\u00e9sen a d\u00edszpolg\u00e1ri c\u00edm k\u00f6vetkezik?\ud83d\ude25\ud83d\ude21 Ez m\u00e1r nem egyszer\u0171 n\u00e9vv\u00e1ltoztat\u00e1s, hanem kicsinyes politikai bossz\u00fa\u201d \u2013 \u00edrta Facebook-oldal\u00e1n. A Telex birtok\u00e1ba ker\u00fclt az err\u0151l sz\u00f3l\u00f3 m\u00e1jus 4-i el\u0151terjeszt\u00e9s, amit Antal P\u00e9ter, a Mi Haz\u00e1nk k\u00e9pvisel\u0151je ny\u00fajtott be.<\/p>\n<p>Ebben azzal \u00e9rvel a k\u00e9pvisel\u0151, hogy \u00e9l\u0151 szem\u00e9lyr\u0151l nem lehet k\u00f6zter\u00fcletet elnevezni, ez\u00e9rt \u201ea jogalkot\u00f3 akarat\u00e1t kiterjesztve \u2013 \u00e9s a j\u00f3 \u00edzl\u00e9st is figyelembe v\u00e9ve \u2013 ezt tilalmat a k\u00f6z\u00e9p\u00fcletek elnevez\u00e9s\u00e9n\u00e9l is k\u00edv\u00e1natos lenne alkalmazni\u201d. Antal P\u00e9ter azt javasolta, hogy az uszoda \u00faj neve legyen V\u00e1rosi Uszoda \u00e9s F\u00fcrd\u0151, mert szerinte az egyszer\u0171 \u00e9s politikamentes. Az uszoda jelenlegi neve W\u00e1berer V\u00e1rosi Uszoda. A DK-s k\u00e9pvisel\u0151 posztja szerint Antal P\u00e9ter el\u0151terjeszt\u00e9s\u00e9t a Fidesz k\u00e9pvisel\u0151i is megszavazt\u00e1k. Majoros p\u00e9ntekre t\u00fcntet\u00e9st hirdetett, ahol al\u00e1\u00edr\u00e1sgy\u0171jt\u00e9st ind\u00edt a d\u00f6nt\u00e9s ellen.<\/p>\n<p>A <a href=\"https:\/\/borsod24.hu\/2026\/05\/07\/politikai-bosszu-leveszik-a-satoraljaujhelyi-uszodarol-waberer-nevet-mert-nem-a-jo-oldalon-all\/\" target=\"_blank\" rel=\"nofollow noopener\">Borsod24.hu<\/a> szerint a S\u00e1toralja\u00fajhelyr\u0151l sz\u00e1rmaz\u00f3 W\u00e1berer Gy\u00f6rgy a c\u00e9gein kereszt\u00fcl m\u00e1sf\u00e9l milli\u00e1rd forintnyi taot\u00e1mogat\u00e1ssal j\u00e1rult hozz\u00e1 az uszoda meg\u00e9p\u00edt\u00e9s\u00e9hez. A 2024-es \u00e1tad\u00f3n arr\u00f3l besz\u00e9lt a milli\u00e1rdos \u00fczletember, hogy a t\u00e1mogat\u00e1ssal szeretett volna valamit visszaadni sz\u00fcl\u0151v\u00e1ros\u00e1nak mindabb\u00f3l, amit gyermek- \u00e9s ifj\u00fakor\u00e1ban kapott a k\u00f6z\u00f6ss\u00e9gt\u0151l.<\/p>\n<p>A n\u00e9vv\u00e1ltoztat\u00e1s m\u00f6g\u00f6tt az \u00e1llhat, hogy W\u00e1berer Gy\u00f6rgy ny\u00edltan be\u00e1llt Magyar P\u00e9ter m\u00f6g\u00e9, <a href=\"https:\/\/telex.hu\/gazdasag\/2026\/04\/09\/waberer-gyorgy-fidesz-tisza-valasztas-orban-viktor-verseny-demokracia\" class=\"\" rel=\"nofollow noopener\" target=\"_blank\">k\u00f6zben kem\u00e9nyen kritiz\u00e1lta Orb\u00e1n Viktort, illetve a Fidesz korm\u00e1nyz\u00e1s\u00e1t<\/a>. A Telexnek adott interj\u00faj\u00e1ban azt mondta, hogy a Fidesz fels\u0151 vezet\u00e9s\u00e9t \u00e1rul\u00f3nak tartja, de azt is mondta, hogy <a href=\"https:\/\/telex.hu\/video\/2026\/04\/17\/waberer-gyorgy-interju-mav-tisza-part-orban-viktor-ledaralas\" class=\"\" rel=\"nofollow noopener\" target=\"_blank\">Orb\u00e1n azt a korrupci\u00f3t nem t\u0171ri, amiben nincs benne<\/a>.<\/p>\n<p>Ezek ut\u00e1n s\u00e1toralja\u00fajhelyi fideszes polg\u00e1rmestere, <a href=\"https:\/\/telex.hu\/belfold\/2026\/04\/09\/waberer-gyorgy-szamosvolgyi-peter-satoraljaujhely-polgarmester\" class=\"\" rel=\"nofollow noopener\" target=\"_blank\">Szamosv\u00f6lgyi P\u00e9ter felsz\u00f3l\u00edtotta W\u00e1berert, hogy mondjon le azokr\u00f3l a tiszts\u00e9geir\u0151l, amiket a korm\u00e1nyt\u00f3l kapott.<\/a> A polg\u00e1rmester szerint W\u00e1berer tiszts\u00e9geket kapott ett\u0151l a korm\u00e1nyt\u00f3l, ennek ellen\u00e9re most \u00fagy \u00e9rzi, hogy \u201eaz id\u0151k szelleme alapj\u00e1n\u201d a m\u00e1sik oldalra kell \u00e1llnia. \u201eMit kapott \u00e9rte? Mit aj\u00e1nlottak? Mi lesz ezut\u00e1n? Mi itt maradunk, mi itt dolgozunk, itt \u00e9l\u00fcnk. Ez a mi haz\u00e1nk, ez Zempl\u00e9n. \u00d6n m\u00e1r r\u00e9gen nem az, nem ide tartozik. Teljesen m\u00e1s j\u00e1t\u00e9kot \u00e9s j\u00e1tszm\u00e1t j\u00e1tszik. Milli\u00e1rdokkal k\u00f6nny\u0171\u201d \u2013 fogalmazott a polg\u00e1rmester.<\/p>\n","protected":false},"excerpt":{"rendered":"A s\u00e1toralja\u00fajhelyi k\u00e9pvisel\u0151-test\u00fclet cs\u00fct\u00f6rt\u00f6ki d\u00f6nt\u00e9s\u00e9nek \u00e9rtelm\u00e9ben \u00e1tnevezik a W\u00e1berer Gy\u00f6rgy nev\u00e9t visel\u0151 v\u00e1rosi uszod\u00e1t. Err\u0151l Majoros L\u00e1szl\u00f3, a&hellip;\n","protected":false},"author":2,"featured_media":91865,"comment_status":"","ping_status":"","sticky":false,"template":"","format":"standard","meta":{"footnotes":"","_share_on_mastodon":"0"},"categories":[6],"tags":[31761,80,44,42,40,43,41,22901,22902,25568,3478],"class_list":["post-91864","post","type-post","status-publish","format-standard","has-post-thumbnail","category-magyarorszag","tag-atnevezes","tag-belfold","tag-hu","tag-hungarian","tag-hungary","tag-magyar","tag-magyarorszag","tag-satoraljaujhely","tag-szamosvolgyi-peter","tag-uszoda","tag-waberer-gyorgy"],"share_on_mastodon":{"url":"https:\/\/pubeurope.com\/@hu\/116534717067459273","error":""},"_links":{"self":[{"href":"https:\/\/www.europesays.com\/hu\/wp-json\/wp\/v2\/posts\/91864","targetHints":{"allow":["GET"]}}],"collection":[{"href":"https:\/\/www.europesays.com\/hu\/wp-json\/wp\/v2\/posts"}],"about":[{"href":"https:\/\/www.europesays.com\/hu\/wp-json\/wp\/v2\/types\/post"}],"author":[{"embeddable":true,"href":"https:\/\/www.europesays.com\/hu\/wp-json\/wp\/v2\/users\/2"}],"replies":[{"embeddable":true,"href":"https:\/\/www.europesays.com\/hu\/wp-json\/wp\/v2\/comments?post=91864"}],"version-history":[{"count":0,"href":"https:\/\/www.europesays.com\/hu\/wp-json\/wp\/v2\/posts\/91864\/revisions"}],"wp:featuredmedia":[{"embeddable":true,"href":"https:\/\/www.europesays.com\/hu\/wp-json\/wp\/v2\/media\/91865"}],"wp:attachment":[{"href":"https:\/\/www.europesays.com\/hu\/wp-json\/wp\/v2\/media?parent=91864"}],"wp:term":[{"taxonomy":"category","embeddable":true,"href":"https:\/\/www.europesays.com\/hu\/wp-json\/wp\/v2\/categories?post=91864"},{"taxonomy":"post_tag","embeddable":true,"href":"https:\/\/www.europesays.com\/hu\/wp-json\/wp\/v2\/tags?post=91864"}],"curies":[{"name":"wp","href":"https:\/\/api.w.org\/{rel}","templated":true}]}}