{"id":91936,"date":"2026-05-07T19:54:11","date_gmt":"2026-05-07T19:54:11","guid":{"rendered":"https:\/\/www.europesays.com\/hu\/91936\/"},"modified":"2026-05-07T19:54:11","modified_gmt":"2026-05-07T19:54:11","slug":"index-belfold-atneveznek-a-satoraljaujhelyi-uszodat-ami-eddig-waberer-gyorgy-nevet-viselte","status":"publish","type":"post","link":"https:\/\/www.europesays.com\/hu\/91936\/","title":{"rendered":"Index &#8211; Belf\u00f6ld &#8211; \u00c1tnevezn\u00e9k a s\u00e1toralja\u00fajhelyi uszod\u00e1t, ami eddig W\u00e1berer Gy\u00f6rgy nev\u00e9t viselte"},"content":{"rendered":"<p>\u201eGyal\u00e1zat! A k\u00f6vetkez\u0151 \u00fcl\u00e9sen a d\u00edszpolg\u00e1ri c\u00edm k\u00f6vetkezik?\u201d \u2013 \u00edrta bejegyz\u00e9s\u00e9ben <a href=\"https:\/\/www.facebook.com\/mlaci54\/posts\/pfbid0y9D1YwnC8b7bowKDiC2YU7FvqRuvqgdJY1HXcjv51hzSqvaGeoqfBMWjDVUjD3vXl\" id=\"hyperlink_f37dc758847a16fdc5488d6a728d0d28\" rel=\"nofollow noopener\" target=\"_blank\">Majoros L\u00e1szl\u00f3<\/a>, melyben arr\u00f3l sz\u00e1molt be, hogy \u00e1tnevezik a W\u00e1berer Gy\u00f6rgy nev\u00e9t visel\u0151 uszod\u00e1t. S\u00e1toralja\u00fajhely DK-s \u00f6nkorm\u00e1nyzati k\u00e9pvisel\u0151je szerint ez nem csak egy n\u00e9vv\u00e1ltoztat\u00e1s, hanem \u201ekicsinyes politikai bossz\u00fa\u201d.\u00a0<\/p>\n<p>                        <img decoding=\"async\" id=\"kep_szerkfoto_image_69282523\" src=\"https:\/\/www.europesays.com\/hu\/wp-content\/uploads\/2026\/05\/69282523_ab4ed32fc26ec07d9ef1a709874d8d8a_wm.jpg\" loading=\"lazy\" alt=\"K\u00e9perny\u0151k\u00e9p 2026-05-07 203220\" data-image_width=\"727\" data-image_height=\"550\"\/><\/p>\n<p>Fot\u00f3: Majoros L\u00e1szl\u00f3 \/ Facebook<\/p>\n<p>Mint kider\u00fclt, a Mi Haz\u00e1nkos Antal P\u00e9ter ind\u00edtv\u00e1nya nyom\u00e1n szavazt\u00e1k meg a test\u00fcleti \u00fcl\u00e9sen, hogy m\u00e1sf\u00e9l \u00e9v ut\u00e1n megv\u00e1ltoztass\u00e1k az int\u00e9zm\u00e9ny nev\u00e9t. Majoros kijelentette, hogy meg kell v\u00e9deni\u00fck a v\u00e1ros becs\u00fclet\u00e9t, \u00edgy pet\u00edci\u00f3t ind\u00edtottak \u00e9s t\u00fcntet\u00e9st hirdetnek p\u00e9nteken 17 \u00f3r\u00e1ra a v\u00e1rosh\u00e1za el\u0151tti s\u00e9t\u00e1l\u00f3 utc\u00e1ra.\u00a0<\/p>\n<p>A <a href=\"https:\/\/telex.hu\/belfold\/2026\/05\/07\/satoraljaujhely-uszoda-atnevezes-waberer-gyorgy\" id=\"hyperlink_ac8c68eb8a95580505c2c1a19da1b71e\" rel=\"nofollow noopener\" target=\"_blank\">Telex<\/a> birtok\u00e1ba ker\u00fclt az eml\u00edtett el\u0151terjeszt\u00e9s, amelyben Antal P\u00e9ter azzal \u00e9rvelt, hogy \u201e\u00e9l\u0151 szem\u00e9lyr\u0151l nem lehet k\u00f6zter\u00fcletet elnevezni, ez\u00e9rt a jogalkot\u00f3 akarat\u00e1t kiterjesztve \u2013 \u00e9s a j\u00f3 \u00edzl\u00e9st is figyelembe v\u00e9ve \u2013 ezt tilalmat a k\u00f6z\u00e9p\u00fcletek elnevez\u00e9s\u00e9n\u00e9l is k\u00edv\u00e1natos lenne alkalmazni\u201d. A lap szerint azt javasolta, hogy az uszod\u00e1t nevezz\u00e9k \u00e1t\u00a0V\u00e1rosi Uszoda \u00e9s F\u00fcrd\u0151re, mert az \u201eegyszer\u0171 \u00e9s politikamentes\u201d.\u00a0A <a href=\"https:\/\/borsod24.hu\/2026\/05\/07\/politikai-bosszu-leveszik-a-satoraljaujhelyi-uszodarol-waberer-nevet-mert-nem-a-jo-oldalon-all\/\" id=\"hyperlink_8d8c92fd484662f64bd20d8e96b059ed\" rel=\"nofollow noopener\" target=\"_blank\">Borsod24.hu<\/a> pedig azt \u00e1ll\u00edtja, hogy a S\u00e1toralja\u00fajhelyr\u0151l sz\u00e1rmaz\u00f3 W\u00e1berer a c\u00e9gein kereszt\u00fcl m\u00e1sf\u00e9l milli\u00e1rd forintnyi t\u00e1mogat\u00e1ssal seg\u00edtette az uszoda meg\u00e9p\u00edt\u00e9s\u00e9t.\u00a0<\/p>\n<p>A hirtelen n\u00e9vv\u00e1ltoztat\u00e1st feltehet\u0151en az v\u00e1ltotta ki, hogy W\u00e1berer Gy\u00f6rgy ny\u00edltan Magyar P\u00e9ter m\u00f6g\u00e9 \u00e1llt, kritiz\u00e1lta Orb\u00e1n Viktort \u00e9s a Fidesz korm\u00e1nyz\u00e1st. A v\u00e1llalkoz\u00f3 anyagi t\u00e1mogat\u00e1st is ny\u00fajtott a Tisza P\u00e1rtnak, a v\u00e1laszt\u00e1sok el\u0151tt <a href=\"https:\/\/index.hu\/belfold\/2026\/05\/01\/waberer-gyorgy-atv-egyenes-beszed-ronai-egon-tisza-part-fidesz\/\" id=\"hyperlink_3b75e835856fa240cc715c03dbfd50da\" target=\"_blank\" title=\"W\u00e1berer Gy\u00f6rgy bevallotta, 100 milli\u00f3 forinttal t\u00e1mogatta a Tisza P\u00e1rtot\" rel=\"nofollow noopener\">100 milli\u00f3 forinttal<\/a> t\u00e1mogatta az akkor m\u00e9g ellenz\u00e9ki p\u00e1rtot.<\/p>\n<p>    <img decoding=\"async\" src=\"https:\/\/index.hu\/assets\/images\/social-follow\/logo-big.svg\" alt=\"Index.hu logo\"\/><\/p>\n<p>K\u00f6vesse az Indexet Facebookon is!<\/p>\n<p>    <a href=\"https:\/\/facebook.com\/Indexhu\" target=\"_blank\" rel=\"nofollow noopener\"><\/p>\n<p>        K\u00f6vetem!<br \/>\n    <\/a><\/p>\n","protected":false},"excerpt":{"rendered":"\u201eGyal\u00e1zat! A k\u00f6vetkez\u0151 \u00fcl\u00e9sen a d\u00edszpolg\u00e1ri c\u00edm k\u00f6vetkezik?\u201d \u2013 \u00edrta bejegyz\u00e9s\u00e9ben Majoros L\u00e1szl\u00f3, melyben arr\u00f3l sz\u00e1molt be, hogy&hellip;\n","protected":false},"author":2,"featured_media":91937,"comment_status":"","ping_status":"","sticky":false,"template":"","format":"standard","meta":{"footnotes":"","_share_on_mastodon":"0"},"categories":[6],"tags":[31761,80,44,42,40,43,944,41,22901,25568,3478],"class_list":["post-91936","post","type-post","status-publish","format-standard","has-post-thumbnail","category-magyarorszag","tag-atnevezes","tag-belfold","tag-hu","tag-hungarian","tag-hungary","tag-magyar","tag-magyar-peter","tag-magyarorszag","tag-satoraljaujhely","tag-uszoda","tag-waberer-gyorgy"],"share_on_mastodon":{"url":"https:\/\/pubeurope.com\/@hu\/116535051183905119","error":""},"_links":{"self":[{"href":"https:\/\/www.europesays.com\/hu\/wp-json\/wp\/v2\/posts\/91936","targetHints":{"allow":["GET"]}}],"collection":[{"href":"https:\/\/www.europesays.com\/hu\/wp-json\/wp\/v2\/posts"}],"about":[{"href":"https:\/\/www.europesays.com\/hu\/wp-json\/wp\/v2\/types\/post"}],"author":[{"embeddable":true,"href":"https:\/\/www.europesays.com\/hu\/wp-json\/wp\/v2\/users\/2"}],"replies":[{"embeddable":true,"href":"https:\/\/www.europesays.com\/hu\/wp-json\/wp\/v2\/comments?post=91936"}],"version-history":[{"count":0,"href":"https:\/\/www.europesays.com\/hu\/wp-json\/wp\/v2\/posts\/91936\/revisions"}],"wp:featuredmedia":[{"embeddable":true,"href":"https:\/\/www.europesays.com\/hu\/wp-json\/wp\/v2\/media\/91937"}],"wp:attachment":[{"href":"https:\/\/www.europesays.com\/hu\/wp-json\/wp\/v2\/media?parent=91936"}],"wp:term":[{"taxonomy":"category","embeddable":true,"href":"https:\/\/www.europesays.com\/hu\/wp-json\/wp\/v2\/categories?post=91936"},{"taxonomy":"post_tag","embeddable":true,"href":"https:\/\/www.europesays.com\/hu\/wp-json\/wp\/v2\/tags?post=91936"}],"curies":[{"name":"wp","href":"https:\/\/api.w.org\/{rel}","templated":true}]}}