{"id":95504,"date":"2026-05-11T04:33:08","date_gmt":"2026-05-11T04:33:08","guid":{"rendered":"https:\/\/www.europesays.com\/hu\/95504\/"},"modified":"2026-05-11T04:33:08","modified_gmt":"2026-05-11T04:33:08","slug":"egesz-eletemben-emlekezni-fogok-uzente-a-brit-enekesno-aki-eloben-adta-elo-a-hegedust-tancra-perdito-dalat","status":"publish","type":"post","link":"https:\/\/www.europesays.com\/hu\/95504\/","title":{"rendered":"Eg\u00e9sz \u00e9letemben eml\u00e9kezni fogok \u2013 \u00fczente a brit \u00e9nekesn\u0151, aki \u00e9l\u0151ben adta el\u0151 a Heged\u0171st t\u00e1ncra perd\u00edt\u0151 dal\u00e1t"},"content":{"rendered":"<p><a href=\"https:\/\/telex.hu\/szerzo\/szanto-nagy-balint\" class=\"author__avatar\" rel=\"nofollow noopener\" target=\"_blank\"><img decoding=\"async\" src=\"https:\/\/www.europesays.com\/hu\/wp-content\/uploads\/2026\/02\/1748522487-temp-clBmFF_avatar@4x.jpg\" alt=\"Sz\u00e1nt\u00f3-Nagy B\u00e1lint\" class=\"avatar\" loading=\"lazy\"\/><\/a><\/p>\n<p>\u201eNeh\u00e9z megtal\u00e1lnom a megfelel\u0151 szavakat, amelyekkel \u00f6sszefoglalhatn\u00e1m mindazt az \u00e9rzelmet, amit az elm\u00falt hetek esem\u00e9nyei v\u00e1ltottak ki bel\u0151lem\u201d \u2013 \u00edrja <a href=\"https:\/\/www.instagram.com\/p\/DYK_BdyCLYR\/?img_index=4&amp;igsh=MWl5Z2ZicG9rMHRkNQ%3D%3D\" target=\"_blank\" rel=\"nofollow noopener\">Instagram-oldal\u00e1n<\/a> Jalja, a brit el\u0151ad\u00f3, aki szombaton \u00e9l\u0151ben adta el\u0151 azt a dal\u00e1t, amire <a href=\"https:\/\/telex.hu\/belfold\/2026\/05\/09\/es-akkor-jott-hegedus-zsolt-ujabb-tanca\" class=\"\" rel=\"nofollow noopener\" target=\"_blank\">ism\u00e9t t\u00e1ncra perd\u00fclt Heged\u0171s Zsolt<\/a>, a Tisza-korm\u00e1ny leend\u0151 eg\u00e9szs\u00e9g\u00fcgyi minisztere.<\/p>\n<p>\u201eIgazi kiv\u00e1lts\u00e1g, hogy egy kis szerepet j\u00e1tszhattam egy t\u00f6rt\u00e9nelmi pillanatban, amelyet m\u00e9g eml\u00e9kezetesebb\u00e9 tettek az eg\u00e9szs\u00e9g\u00fcgyi miniszter\u00fck felejthetetlen t\u00e1ncmozdulatai\u201d \u2013 \u00edrta az \u00e9nekes. Szerinte Heged\u0171s val\u00f3ban a fitts\u00e9g \u00e9s az eg\u00e9szs\u00e9g p\u00e9ldak\u00e9pe. Hozz\u00e1tette, hogy leend\u0151 miniszter eg\u00e9sz \u00e9jjel t\u00e1ncolt \u00e9s mozg\u00e1sban volt.<\/p>\n<p>Jalja megk\u00f6sz\u00f6nte Magyarorsz\u00e1gnak, a Tisz\u00e1nak \u00e9s Heged\u0171s Zsoltnak. \u201eEg\u00e9sz \u00e9letemben eml\u00e9kezni fogok erre a napra, gy\u00f6ny\u00f6r\u0171 volt, energiz\u00e1l\u00f3 volt, forradalom volt. Szeretlek titeket\u201d \u2013 \u00fczente a magyaroknak.<\/p>\n<p>Az \u00e1prilis 12-i, esti Batthy\u00e1ny t\u00e9ri tisz\u00e1s bulin lejtett t\u00e1nc\u00e1val vil\u00e1gszerte h\u00edress\u00e9 v\u00e1lt Heged\u0171s Zsolt leend\u0151 eg\u00e9szs\u00e9g\u00fcgyi miniszter. Ugyan kor\u00e1bban arr\u00f3l besz\u00e9lt, hogy a t\u00e1nc <a href=\"https:\/\/telex.hu\/belfold\/2026\/04\/13\/hegedus-zsolt-nemzetkozi-hirnevet-szerzett-az-oromtancaval\" class=\"\" rel=\"nofollow noopener\" target=\"_blank\">egyszeri alkalom volt,<\/a> a parlament megalakul\u00f3 \u00fcl\u00e9se ut\u00e1n m\u00e9gis egy nagyot t\u00e1ncolt, amihez k\u00e9s\u0151bb a frakci\u00f3 is csatlakozott <a href=\"https:\/\/telex.hu\/after\/2026\/04\/21\/jalja-brit-enekesno-hegedus-zsolt-tanc\" class=\"\" rel=\"nofollow noopener\" target=\"_blank\">Jalja<\/a> \u00e9l\u0151ben el\u0151adott sz\u00e1m\u00e1ra. A t\u00e1ncr\u00f3l k\u00e9sz\u00fclt vide\u00f3 pedig ism\u00e9t bej\u00e1rta a vil\u00e1gsajt\u00f3t.<\/p>\n<p>K\u00f6vess minket Facebookon is!<\/p>\n<p><script async src=\"\/\/www.instagram.com\/embed.js\"><\/script><\/p>\n","protected":false},"excerpt":{"rendered":"\u201eNeh\u00e9z megtal\u00e1lnom a megfelel\u0151 szavakat, amelyekkel \u00f6sszefoglalhatn\u00e1m mindazt az \u00e9rzelmet, amit az elm\u00falt hetek esem\u00e9nyei v\u00e1ltottak ki bel\u0151lem\u201d&hellip;\n","protected":false},"author":2,"featured_media":95505,"comment_status":"","ping_status":"","sticky":false,"template":"","format":"standard","meta":{"footnotes":"","_share_on_mastodon":"0"},"categories":[21],"tags":[161,198,137,12795,199,44,42,40,26498,6274,43,41,138,1657],"class_list":["post-95504","post","type-post","status-publish","format-standard","has-post-thumbnail","category-hiressegek","tag-after","tag-celebrities","tag-entertainment","tag-hegedus-zsolt","tag-hiressegek","tag-hu","tag-hungarian","tag-hungary","tag-jalja","tag-kossuth-ter","tag-magyar","tag-magyarorszag","tag-szorakozas","tag-tanc"],"share_on_mastodon":{"url":"https:\/\/pubeurope.com\/@hu\/116554078823795157","error":""},"_links":{"self":[{"href":"https:\/\/www.europesays.com\/hu\/wp-json\/wp\/v2\/posts\/95504","targetHints":{"allow":["GET"]}}],"collection":[{"href":"https:\/\/www.europesays.com\/hu\/wp-json\/wp\/v2\/posts"}],"about":[{"href":"https:\/\/www.europesays.com\/hu\/wp-json\/wp\/v2\/types\/post"}],"author":[{"embeddable":true,"href":"https:\/\/www.europesays.com\/hu\/wp-json\/wp\/v2\/users\/2"}],"replies":[{"embeddable":true,"href":"https:\/\/www.europesays.com\/hu\/wp-json\/wp\/v2\/comments?post=95504"}],"version-history":[{"count":0,"href":"https:\/\/www.europesays.com\/hu\/wp-json\/wp\/v2\/posts\/95504\/revisions"}],"wp:featuredmedia":[{"embeddable":true,"href":"https:\/\/www.europesays.com\/hu\/wp-json\/wp\/v2\/media\/95505"}],"wp:attachment":[{"href":"https:\/\/www.europesays.com\/hu\/wp-json\/wp\/v2\/media?parent=95504"}],"wp:term":[{"taxonomy":"category","embeddable":true,"href":"https:\/\/www.europesays.com\/hu\/wp-json\/wp\/v2\/categories?post=95504"},{"taxonomy":"post_tag","embeddable":true,"href":"https:\/\/www.europesays.com\/hu\/wp-json\/wp\/v2\/tags?post=95504"}],"curies":[{"name":"wp","href":"https:\/\/api.w.org\/{rel}","templated":true}]}}