{"id":95508,"date":"2026-05-11T04:47:07","date_gmt":"2026-05-11T04:47:07","guid":{"rendered":"https:\/\/www.europesays.com\/hu\/95508\/"},"modified":"2026-05-11T04:47:07","modified_gmt":"2026-05-11T04:47:07","slug":"olah-ibolya-felleporuhajanak-uzenete","status":"publish","type":"post","link":"https:\/\/www.europesays.com\/hu\/95508\/","title":{"rendered":"Ol\u00e1h Ibolya fell\u00e9p\u0151ruh\u00e1j\u00e1nak \u00fczenete"},"content":{"rendered":"<p>Ol\u00e1h Ibolya m\u00e1jus 9-\u00e9n, a <a href=\"https:\/\/nlc.hu\/sztarok\/20260510\/magyar-peter-harom-fia-eskutetel-kossuth-ter\/\" target=\"_blank\" rel=\"noopener nofollow\">rendszerv\u00e1lt\u00f3 n\u00e9p\u00fcnnep\u00e9lyen<\/a> \u2013 a Parlament l\u00e9pcs\u0151j\u00e9n \u2013 el\u00e9nekelte <a href=\"https:\/\/nlc.hu\/csalad\/20220118\/olah-ibolya-magyarorszag-dal-geszti-peter\/\" target=\"_blank\" rel=\"noopener nofollow\">ikonikus dal\u00e1t, a <\/a>Magyarorsz\u00e1got. Nem csak a produkci\u00f3ja okozott felejthetetlen pillanatokat. Az \u00e9nekesn\u0151nek a rendszerv\u00e1lt\u00f3 n\u00e9p\u00fcnnep\u00e9lyen viselt ruh\u00e1ja is k\u00fcl\u00f6nleges volt.<\/p>\n<p>Ol\u00e1h Ibolya megjelen\u00e9se m\u00f6g\u00f6tt <a href=\"https:\/\/nlc.hu\/sztarok\/20240419\/kiss-mark-azonnal-hazakuldte-volna-a-next-top-model-hungary-ket-versenyzojet\/\" target=\"_blank\" rel=\"noopener nofollow\">Kiss M\u00e1rk stylist, divattervez\u0151<\/a> \u00e1ll, aki el\u00e1rulta, k\u00fcl\u00f6nleges \u00fczenetet hordozott az <a href=\"https:\/\/nlc.hu\/sztarok\/20240927\/olah-ibolya-szerint-bunda-volt-toth-vera-gyozelme-a-megasztarban-az-enekesno-reagalt-a-vadakra\/\" target=\"_blank\" rel=\"noopener nofollow\">egykori Megaszt\u00e1ros<\/a> \u00e1ltal viselt ruha. Elmond\u00e1sa szerint az \u00e9nekesn\u0151 megjelen\u00e9s\u00e9nek inspir\u00e1ci\u00f3j\u00e1t teljes m\u00e9rt\u00e9kben az \u0151 karaktere \u00e9s szem\u00e9lyes ereje adta.<\/p>\n<p>\u201eEgy klasszikus zak\u00f3-nadr\u00e1g-feh\u00e9r ing \u00f6ssze\u00e1ll\u00edt\u00e1sban gondolkodtam, ami eleg\u00e1ns, id\u0151t\u00e1ll\u00f3 \u00e9s az alkalomhoz is m\u00e9lt\u00f3. (\u2026) Ugyanakkor szerettem volna egy tradicion\u00e1lisabb, szem\u00e9lyesebb, m\u0171v\u00e9szibb ir\u00e1nyba elvinni a megjelen\u00e9st\u201d \u2014 <a rel=\"nofollow noopener noreferrer\" href=\"https:\/\/www.glamour.hu\/divat\/olah-ibolya-rendszervalto-nepunnepely\/d8hxdpy\" target=\"_blank\">magyar\u00e1zta a glamour.hu-nak<\/a> Kiss M\u00e1rk. Elmond\u00e1sa szerint az ing meghat\u00e1roz\u00f3 eleme a szabadon form\u00e1lhat\u00f3, megk\u00f6thet\u0151 gall\u00e9r, ami egyfajta te\u00e1tr\u00e1lis jelleget adott.<\/p>\n<p>Ol\u00e1h Ibolya ruh\u00e1j\u00e1n l\u00e9v\u0151, t\u00fck\u00f6r alak\u00fa bross felbukkan\u00e1sa szint\u00e9n nem volt v\u00e9letlen. \u201eEgy metaforikus t\u00fck\u00f6rk\u00e9nt reflekt\u00e1l a t\u00e1rsadalomra, az \u00f6nazonoss\u00e1gra \u00e9s arra a kollekt\u00edv \u00e9rzelmi lenyomatra, amelyet a Magyarorsz\u00e1g c\u00edm\u0171 dal \u00e9vtizedek \u00f3ta hordoz mag\u00e1ban\u201d \u2014 osztotta meg a bross \u00fczenet\u00e9t a divattervez\u0151, akinek a szem\u00e9lyes t\u00f6rt\u00e9nete is felbukkan az Ibolya \u00e1ltal viselt ruh\u00e1n.<\/p>\n<p>\u201eA megjelen\u00e9s egyik legszem\u00e9lyesebb r\u00e9szlete az erd\u00e9lyi makram\u00e9 csipk\u00e9k haszn\u00e1lata volt, amelyek eredetileg tradicion\u00e1lis ter\u00edt\u0151k\u00e9nt funkcion\u00e1ltak. A ruh\u00e1ra applik\u00e1lt vintage darabokat tervez\u0151k\u00e9nt saj\u00e1t csal\u00e1di \u00f6r\u00f6ks\u00e9gemb\u0151l emeltem be. Ezeket a csipk\u00e9ket a nagymam\u00e1m k\u00e9sz\u00edtette. (\u2026) Ezek a csipk\u00e9k egyszerre jelentek meg eml\u00e9kk\u00e9nt, kultur\u00e1lis lenyomatk\u00e9nt \u00e9s gener\u00e1ci\u00f3kon \u00e1t\u00edvel\u0151 n\u0151i t\u00f6rt\u00e9netekk\u00e9nt\u201d \u2013 vil\u00e1g\u00edtott r\u00e1 Kiss M\u00e1rk.<\/p>\n<p>Kiemelt fot\u00f3: MTI\/Czegl\u00e9di Zsolt<\/p>\n<p>Ez is \u00e9rdekelhet:<\/p>\n<p><\/p>\n","protected":false},"excerpt":{"rendered":"Ol\u00e1h Ibolya m\u00e1jus 9-\u00e9n, a rendszerv\u00e1lt\u00f3 n\u00e9p\u00fcnnep\u00e9lyen \u2013 a Parlament l\u00e9pcs\u0151j\u00e9n \u2013 el\u00e9nekelte ikonikus dal\u00e1t, a Magyarorsz\u00e1got. Nem&hellip;\n","protected":false},"author":2,"featured_media":95509,"comment_status":"","ping_status":"","sticky":false,"template":"","format":"standard","meta":{"footnotes":"","_share_on_mastodon":"0"},"categories":[21],"tags":[198,137,199,44,42,40,6274,43,41,5038,716,138,235],"class_list":["post-95508","post","type-post","status-publish","format-standard","has-post-thumbnail","category-hiressegek","tag-celebrities","tag-entertainment","tag-hiressegek","tag-hu","tag-hungarian","tag-hungary","tag-kossuth-ter","tag-magyar","tag-magyarorszag","tag-olah-ibolya","tag-ruha","tag-szorakozas","tag-sztarok"],"share_on_mastodon":{"url":"https:\/\/pubeurope.com\/@hu\/116554133852977730","error":""},"_links":{"self":[{"href":"https:\/\/www.europesays.com\/hu\/wp-json\/wp\/v2\/posts\/95508","targetHints":{"allow":["GET"]}}],"collection":[{"href":"https:\/\/www.europesays.com\/hu\/wp-json\/wp\/v2\/posts"}],"about":[{"href":"https:\/\/www.europesays.com\/hu\/wp-json\/wp\/v2\/types\/post"}],"author":[{"embeddable":true,"href":"https:\/\/www.europesays.com\/hu\/wp-json\/wp\/v2\/users\/2"}],"replies":[{"embeddable":true,"href":"https:\/\/www.europesays.com\/hu\/wp-json\/wp\/v2\/comments?post=95508"}],"version-history":[{"count":0,"href":"https:\/\/www.europesays.com\/hu\/wp-json\/wp\/v2\/posts\/95508\/revisions"}],"wp:featuredmedia":[{"embeddable":true,"href":"https:\/\/www.europesays.com\/hu\/wp-json\/wp\/v2\/media\/95509"}],"wp:attachment":[{"href":"https:\/\/www.europesays.com\/hu\/wp-json\/wp\/v2\/media?parent=95508"}],"wp:term":[{"taxonomy":"category","embeddable":true,"href":"https:\/\/www.europesays.com\/hu\/wp-json\/wp\/v2\/categories?post=95508"},{"taxonomy":"post_tag","embeddable":true,"href":"https:\/\/www.europesays.com\/hu\/wp-json\/wp\/v2\/tags?post=95508"}],"curies":[{"name":"wp","href":"https:\/\/api.w.org\/{rel}","templated":true}]}}