{"id":97267,"date":"2026-05-12T12:49:08","date_gmt":"2026-05-12T12:49:08","guid":{"rendered":"https:\/\/www.europesays.com\/hu\/97267\/"},"modified":"2026-05-12T12:49:08","modified_gmt":"2026-05-12T12:49:08","slug":"ez-a-harom-sarmos-magyar-szinesz-evtizedek-ota-jo-baratok","status":"publish","type":"post","link":"https:\/\/www.europesays.com\/hu\/97267\/","title":{"rendered":"Ez a h\u00e1rom s\u00e1rmos magyar sz\u00edn\u00e9sz \u00e9vtizedek \u00f3ta j\u00f3 bar\u00e1tok"},"content":{"rendered":"<p class=\"a-lead mb-8 text-xl lg:text-xl-plus font-medium&#10;                leading-[var(--article-lead-lh-mobile)] lg:leading-8\">\n    Szinte egyszerre kezdt\u00e9k a sz\u00edn\u00e9szi p\u00e1ly\u00e1t, \u00e9s m\u00e9g ma is remek kapcsolatot \u00e1pol egym\u00e1ssal a h\u00e1rom s\u00e1rm\u0151r, Trok\u00e1n P\u00e9ter, Luk\u00e1cs S\u00e1ndor \u00e9s Kov\u00e1cs Istv\u00e1n.\n<\/p>\n<p>N\u0151k ezrei rajongtak \u00e9rt\u00fck \u00e9vtizedeken \u00e1t, \u00e9s ez a figyelem a mai napig k\u00f6r\u00fclveszi \u0151ket. A Meglepet\u00e9s magazin k\u00edv\u00e1ncsi voltu, mi a k\u00f6z\u00f6s Trok\u00e1n P\u00e9ter, Luk\u00e1cs S\u00e1ndor \u00e9s Kov\u00e1cs Istv\u00e1n p\u00e1ly\u00e1j\u00e1ban, \u00e9s milyen a kapcsolatuk a sz\u00ednpadon k\u00edv\u00fcl. \u00cdgy der\u00fclt ki, hogy a h\u00e1rom sz\u00ednm\u0171v\u00e9szt k\u00fcl\u00f6nleges \u00e9s ritka bar\u00e1ts\u00e1g k\u00f6ti \u00f6ssze.<\/p>\n<p>                                                                                                                                A h\u00e1rom bar\u00e1t<\/p>\n<p>\u201eMajdhogynem egyszerre kezdt\u00fck a p\u00e1ly\u00e1t, fiatal sz\u00edn\u00e9szk\u00e9nt sz\u00e1rnyaltunk, \u00e9s ez az \u00f6sszetartoz\u00e1s az\u00f3ta is megmaradt. Amikor tal\u00e1lkozunk, mindig \u00fagy \u00f6r\u00fcl\u00fcnk egym\u00e1snak, mint a r\u00e9gi haverok\u201d \u2013 kezdi Trok\u00e1n P\u00e9ter.<\/p>\n<p>A J\u00e1szai Mari-d\u00edjas sz\u00edn\u00e9sz j\u00f3les\u0151 nosztalgi\u00e1val gondolt vissza a p\u00e1ly\u00e1ja kezdet\u00e9re. <\/p>\n<p>\u201eSanyival annak idej\u00e9n egy\u00fctt jelentkezt\u00fcnk a f\u0151iskol\u00e1ra. \u00c9n Kecskem\u00e9tre ker\u00fcltem, \u0151 viszont Budapesten maradt, \u00edgy az \u00fatjaink egy id\u0151re sz\u00e9tv\u00e1ltak, de bar\u00e1tok maradtunk. (&#8230;) Nagyon szeretem Sanyiban, hogy ugyanaz az ember maradt, aki a hatvanas \u00e9vekben egy\u00fctt ostromolta velem a f\u0151iskola kapuit.\u201d<\/p>\n<p>Luk\u00e1cs S\u00e1ndor annak idej\u00e9n viharos \u00e9letet \u00e9lt, Kov\u00e1cs Pist\u00e1val \u0151k voltak a V\u00edgsz\u00ednh\u00e1z ifj\u00fa sz\u00edn\u00e9szei. Nem volt olyan este, hogy el\u0151ad\u00e1s ut\u00e1n ne mentek volna el laz\u00edtani, am\u00edg meg nem ismerte a feles\u00e9g\u00e9t, Marit. Akivel m\u00e1r t\u00f6bb mint 50 \u00e9ve boldog h\u00e1zass\u00e1gban \u00e9lnek. <\/p>\n<p>\u201eOrsz\u00e1gos h\u00edr\u0171 el\u0151ad\u00e1sokat j\u00e1tszottunk Pist\u00e1val, mindig j\u00f3ban voltunk. T\u00f6bb k\u00fclf\u00f6ldi vend\u00e9gj\u00e1t\u00e9kra is eljutottunk: j\u00e1rtunk Ausztri\u00e1ban, Olaszorsz\u00e1gban, Belgr\u00e1dban, Pr\u00e1g\u00e1ban. Ezek az utaz\u00e1sok m\u00e9g k\u00f6zelebb hoztak minket egym\u00e1shoz: egy hotelben sz\u00e1lltunk meg, az \u00fcres id\u0151ket is egy\u00fctt t\u00f6lt\u00f6tt\u00fck.\u201d<\/p>\n<p>Kov\u00e1cs Istv\u00e1n a hetvenes \u00e9vek legs\u00e1rmosabb sz\u00edn\u00e9szei k\u00f6z\u00e9 tartozott, \u00e9s 81 \u00e9vesen is kiv\u00e1l\u00f3 form\u00e1ban van. Az Egri csillagok szt\u00e1rja t\u00f6bb mint negyed \u00e9vsz\u00e1zada \u00e9l boldog h\u00e1zass\u00e1gban Sajg\u00e1l Erik\u00e1val. A sz\u00ednm\u0171v\u00e9sz Trok\u00e1n P\u00e9terr\u0151l is \u00f6r\u00f6mmel mes\u00e9l. <\/p>\n<p>\u201eOlyan a kapcsolatunk, mintha naponta tal\u00e1lkozn\u00e1nk: nincs m\u00f6g\u00f6tte k\u00f6z\u00f6s szakmai m\u00falt, m\u00e9gis term\u00e9szetes k\u00f6zels\u00e9g van benne. A bar\u00e1ti k\u00f6r\u00f6mben azok k\u00f6z\u00e9 tartozik, akikkel ilyen k\u00fcl\u00f6n\u00f6s, m\u00e9gis nagyon er\u0151s a kapcsol\u00f3d\u00e1s. B\u00e1r ritk\u00e1n tal\u00e1lkozunk, m\u00e9gis \u00fagy van a lelkemben, a tudatomban, hogy k\u00f6zel \u00e1llunk egym\u00e1shoz. Kev\u00e9s ilyen ember adatik az \u00e9letben, P\u00e9ter sz\u00e1momra ilyen\u201d \u2013 mes\u00e9li Istv\u00e1n.<\/p>\n<p>Tov\u00e1bbi r\u00e9szletek a legfrissebb <a href=\"https:\/\/www.mc.hu\/termek\/meglepetes?id=20113\" id=\"0b7f0ad8-2bdf-480d-a38a-662ac62fdf92\" rel=\"nofollow noopener\" target=\"_blank\">Meglepet\u00e9sben<\/a>!<\/p>\n<p>            <img class=\"object-contain mx-auto w-full sm:w-auto\" src=\"https:\/\/www.europesays.com\/hu\/wp-content\/uploads\/2026\/05\/trPk9mBaHR0cHM6Ly9pbWFnZXMuc3RvcnkuaHUvMS9aZUVrOWxCYUhSMGNITTZMeTl2WTJSdUxtVjFMM0IxYkhOamJYTXZUVVJCW.webp\" alt=\"A Meglepet\u00e9s magazin legfrissebb sz\u00e1m\u00e1t keresse az \u00fajs\u00e1g\u00e1rusokn\u00e1l!\" loading=\"lazy\" decoding=\"async\" \/><\/p>\n<p>                    Story<\/p>\n<p>        A Meglepet\u00e9s magazin legfrissebb sz\u00e1m\u00e1t keresse az \u00fajs\u00e1g\u00e1rusokn\u00e1l!<\/p>\n","protected":false},"excerpt":{"rendered":"Szinte egyszerre kezdt\u00e9k a sz\u00edn\u00e9szi p\u00e1ly\u00e1t, \u00e9s m\u00e9g ma is remek kapcsolatot \u00e1pol egym\u00e1ssal a h\u00e1rom s\u00e1rm\u0151r, Trok\u00e1n&hellip;\n","protected":false},"author":2,"featured_media":97268,"comment_status":"","ping_status":"","sticky":false,"template":"","format":"standard","meta":{"footnotes":"","_share_on_mastodon":"0"},"categories":[21],"tags":[1045,198,137,199,44,42,40,6494,33151,43,41,138,11661],"class_list":["post-97267","post","type-post","status-publish","format-standard","has-post-thumbnail","category-hiressegek","tag-baratsag","tag-celebrities","tag-entertainment","tag-hiressegek","tag-hu","tag-hungarian","tag-hungary","tag-kovacs-istvan","tag-lukacs-sandor","tag-magyar","tag-magyarorszag","tag-szorakozas","tag-trokan-peter"],"share_on_mastodon":{"url":"https:\/\/pubeurope.com\/@hu\/116561691729408715","error":""},"_links":{"self":[{"href":"https:\/\/www.europesays.com\/hu\/wp-json\/wp\/v2\/posts\/97267","targetHints":{"allow":["GET"]}}],"collection":[{"href":"https:\/\/www.europesays.com\/hu\/wp-json\/wp\/v2\/posts"}],"about":[{"href":"https:\/\/www.europesays.com\/hu\/wp-json\/wp\/v2\/types\/post"}],"author":[{"embeddable":true,"href":"https:\/\/www.europesays.com\/hu\/wp-json\/wp\/v2\/users\/2"}],"replies":[{"embeddable":true,"href":"https:\/\/www.europesays.com\/hu\/wp-json\/wp\/v2\/comments?post=97267"}],"version-history":[{"count":0,"href":"https:\/\/www.europesays.com\/hu\/wp-json\/wp\/v2\/posts\/97267\/revisions"}],"wp:featuredmedia":[{"embeddable":true,"href":"https:\/\/www.europesays.com\/hu\/wp-json\/wp\/v2\/media\/97268"}],"wp:attachment":[{"href":"https:\/\/www.europesays.com\/hu\/wp-json\/wp\/v2\/media?parent=97267"}],"wp:term":[{"taxonomy":"category","embeddable":true,"href":"https:\/\/www.europesays.com\/hu\/wp-json\/wp\/v2\/categories?post=97267"},{"taxonomy":"post_tag","embeddable":true,"href":"https:\/\/www.europesays.com\/hu\/wp-json\/wp\/v2\/tags?post=97267"}],"curies":[{"name":"wp","href":"https:\/\/api.w.org\/{rel}","templated":true}]}}