{"id":97485,"date":"2026-05-12T15:56:13","date_gmt":"2026-05-12T15:56:13","guid":{"rendered":"https:\/\/www.europesays.com\/hu\/97485\/"},"modified":"2026-05-12T15:56:13","modified_gmt":"2026-05-12T15:56:13","slug":"katalin-hercegne-felbecsulhetetlen-erteku-ekszereket-viselt-a-hetvegi-kerti-partin-nem-akarkitol-orokolte-oket-sassy-hu","status":"publish","type":"post","link":"https:\/\/www.europesays.com\/hu\/97485\/","title":{"rendered":"Katalin hercegn\u00e9 felbecs\u00fclhetetlen \u00e9rt\u00e9k\u0171 \u00e9kszereket viselt a h\u00e9tv\u00e9gi kerti partin \u2013 nem ak\u00e1rkit\u0151l \u00f6r\u00f6k\u00f6lte \u0151ket &#8211; Sassy.hu"},"content":{"rendered":"<p><a href=\"https:\/\/news.google.com\/rss\/articles\/CBMizwFBVV95cUxNWlZLenFNLWJJTU11dzBwUEdFN2x4REd1TWlfdEFfYUF2SkZmdmxhcC1SVElHQThXVkRmUFEwNXlyX3NCQUN1Q01IQkQyR3JhbkVUTEVQSElrTkFWSUN5UGk3VkhCQ0FMMlo2SElCdHM1eFIxejF3QUZUaFR2VW0tV2VfZ0ZycWxwSEJTMy15OVIxMlk2ZkhuS0daTDBJeGlGa0xGZ3JzWjBfWUZFazZxUnQyNjRORkM2QkdOZFJjQWR0Z210Wms3cDJQcjd4bVE?oc=5\" target=\"_blank\" rel=\"nofollow noopener\">Katalin hercegn\u00e9 felbecs\u00fclhetetlen \u00e9rt\u00e9k\u0171 \u00e9kszereket viselt a h\u00e9tv\u00e9gi kerti partin \u2013 nem ak\u00e1rkit\u0151l \u00f6r\u00f6k\u00f6lte \u0151ket<\/a>&nbsp;&nbsp;Sassy.hu<a href=\"https:\/\/news.google.com\/rss\/articles\/CBMiqgFBVV95cUxPMjVubW52NDNwS1hNRDNCVkNhX3RkZm9hLVpZOU5IclJYZXRXb19DbkktV3c1aEdMMGNqN3ZlX3ZsMVJFVEI2NXo2STVBdVItVGFZV2dRZ0hNRE1HWWI1ME5DWGJsTFNJTW9XejBoYnRLOVZBTUI0N1VXeEZNSjlsdDFBbndoVWs2Qjk2bkJ2RnBGQ1RUY283MGNFTXJKSkMtdG5OZ0xiZThkUQ?oc=5\" target=\"_blank\" rel=\"nofollow noopener\">Az \u00e9v els\u0151 kerti partij\u00e1t rendezt\u00e9k a Buckingham-palot\u00e1ban<\/a>&nbsp;&nbsp;Magyar H\u00edrlap<a href=\"https:\/\/news.google.com\/rss\/articles\/CBMilAFBVV95cUxPUnZXeC1sbDJsaEJqbkJrdS1vNk5odUhBRDdYNHpMMy1ZNWo2ekxVdTB5OGZocGJQVFhtZHJLQ2N3bVFOcEMtV0Qyckp0Q2NXZXRKQU5uejdYWU5oN2VzNEh5ekdRLUhmWjdBcHJVTE5sbFgwUUs1cGtBLU01d2ExYlBpMzk1bXVTZ0FFQ19PbElRWWlO?oc=5\" target=\"_blank\" rel=\"nofollow noopener\">Katalin hercegn\u00e9 tavaszi ruh\u00e1ja egyetlen apr\u00f3 r\u00e9szlett\u0151l lett igaz\u00e1n k\u00fcl\u00f6nleges<\/a>&nbsp;&nbsp;in.hu<a href=\"https:\/\/news.google.com\/rss\/articles\/CBMirgFBVV95cUxQaE1MVHpROUFSZmd6bk0wQ2tKV2tJQ1BvZlJobXZyZDFsWXpYNFFwMWxCNlctWm5FMmU4OW9qeEFyT295T1JNRWZxdm05VFM2TGp6VDRnWEdlOVNFNmZEclZIY2laclFqZDVKLTRNaEJ4U1YwWEVyQ0d6VXFmck5rb3pEUndOMUNabEZ1NFBlZ0JMSkRYMlNXVElDMEpWRU9VeFlPa2FDZzRCZ1B0OUE?oc=5\" target=\"_blank\" rel=\"nofollow noopener\">Ismert magyarok is jelen voltak Vilmos herceg \u00e9s Katalin hercegn\u00e9 kerti partij\u00e1n \u2013 fot\u00f3k<\/a>&nbsp;&nbsp;story.hu<a href=\"https:\/\/news.google.com\/rss\/articles\/CBMivAFBVV95cUxPbHNCLUFNMUoxZWdENVVhQjZSdjEwWkQ2SkJIRUJ5YXJqV1R3LWxCclZmT1V3ZkJfWi1Gbkp2dG5XeTZUcGFVdGJzZ2RodE5MaWhVcGtVaEljLVhrSTN5ZkRYUXp5TGtvZmk4TXJZcElNSURzLVVKWWdWNHZuQTkxTGdySHFoRzJIRG1sSmdEaDVDeXlLaDlMaUc5emtmcU9LS2JBYllxekRhdGJTVmxzbEpqLUFmUnBZak5wYw?oc=5\" target=\"_blank\" rel=\"nofollow noopener\">Csak \u00fagy ragyogott Katalin hercegn\u00e9 a Buckingham-palota idei els\u0151 kerti partij\u00e1n \u2212 Fot\u00f3k<\/a>&nbsp;&nbsp;H\u00edrstart<\/p>\n","protected":false},"excerpt":{"rendered":"Katalin hercegn\u00e9 felbecs\u00fclhetetlen \u00e9rt\u00e9k\u0171 \u00e9kszereket viselt a h\u00e9tv\u00e9gi kerti partin \u2013 nem ak\u00e1rkit\u0151l \u00f6r\u00f6k\u00f6lte \u0151ket&nbsp;&nbsp;Sassy.huAz \u00e9v els\u0151 kerti&hellip;\n","protected":false},"author":2,"featured_media":97486,"comment_status":"","ping_status":"","sticky":false,"template":"","format":"standard","meta":{"footnotes":"","_share_on_mastodon":"0"},"categories":[16],"tags":[28289,12315,33193,137,44,42,40,10690,1637,43,41,323,138],"class_list":["post-97485","post","type-post","status-publish","format-standard","has-post-thumbnail","category-szorakozas","tag-buckingham-palota","tag-diana-hercegno","tag-ekszerek","tag-entertainment","tag-hu","tag-hungarian","tag-hungary","tag-ii-erzsebet","tag-katalin-hercegne","tag-magyar","tag-magyarorszag","tag-orokseg","tag-szorakozas"],"share_on_mastodon":{"url":"https:\/\/pubeurope.com\/@hu\/116562427074763622","error":""},"_links":{"self":[{"href":"https:\/\/www.europesays.com\/hu\/wp-json\/wp\/v2\/posts\/97485","targetHints":{"allow":["GET"]}}],"collection":[{"href":"https:\/\/www.europesays.com\/hu\/wp-json\/wp\/v2\/posts"}],"about":[{"href":"https:\/\/www.europesays.com\/hu\/wp-json\/wp\/v2\/types\/post"}],"author":[{"embeddable":true,"href":"https:\/\/www.europesays.com\/hu\/wp-json\/wp\/v2\/users\/2"}],"replies":[{"embeddable":true,"href":"https:\/\/www.europesays.com\/hu\/wp-json\/wp\/v2\/comments?post=97485"}],"version-history":[{"count":0,"href":"https:\/\/www.europesays.com\/hu\/wp-json\/wp\/v2\/posts\/97485\/revisions"}],"wp:featuredmedia":[{"embeddable":true,"href":"https:\/\/www.europesays.com\/hu\/wp-json\/wp\/v2\/media\/97486"}],"wp:attachment":[{"href":"https:\/\/www.europesays.com\/hu\/wp-json\/wp\/v2\/media?parent=97485"}],"wp:term":[{"taxonomy":"category","embeddable":true,"href":"https:\/\/www.europesays.com\/hu\/wp-json\/wp\/v2\/categories?post=97485"},{"taxonomy":"post_tag","embeddable":true,"href":"https:\/\/www.europesays.com\/hu\/wp-json\/wp\/v2\/tags?post=97485"}],"curies":[{"name":"wp","href":"https:\/\/api.w.org\/{rel}","templated":true}]}}