{"id":98193,"date":"2026-05-13T07:00:07","date_gmt":"2026-05-13T07:00:07","guid":{"rendered":"https:\/\/www.europesays.com\/hu\/98193\/"},"modified":"2026-05-13T07:00:07","modified_gmt":"2026-05-13T07:00:07","slug":"vege-ket-modelljet-is-elbucsuztatta-a-tesla","status":"publish","type":"post","link":"https:\/\/www.europesays.com\/hu\/98193\/","title":{"rendered":"V\u00e9ge, k\u00e9t modellj\u00e9t is elb\u00facs\u00faztatta a Tesla"},"content":{"rendered":"<p data-alignment=\"left\" class=\"text-left\" data-block-key=\"d8qyj\"><a href=\"https:\/\/totalcar.hu\/hirek\/2026\/05\/01\/9-ev-utan-bevaltotta-az-igeretet-a-tesla-legalabb-egyet-a-sok-kozul\/\" target=\"_blank\" rel=\" noopener noreferrer nofollow\" data-link-preview=\"true\" data-og-title=\"9 \u00e9v ut\u00e1n bev\u00e1ltotta az \u00edg\u00e9ret\u00e9t a Tesla \u2013 legal\u00e1bb egyet a sok k\u00f6z\u00fcl\" data-og-description=\"Nem siett\u00e9k el Elon Musk\u00e9k, hogy megkezdj\u00e9k a Tesla Semi sorozatgy\u00e1rt\u00e1s\u00e1t, de ez a pillanat is el\u00e9rkezett.\" data-og-image=\"https:\/\/totalcar.hu\/media\/images\/GettyImages-1246333669.format-jpeg.max-3840x2160.jpg\" data-og-column=\"H\u00edrek\" data-og-tags=\"[&quot;H\\u00edrek&quot;, &quot;tesla&quot;, &quot;tesla semi&quot;, &quot;semi&quot;, &quot;elektromos kamion&quot;, &quot;sorozatgy\\u00e1rt\\u00e1s&quot;]\">Hogy megoszt\u00f3-e a Tesla?<\/a> Term\u00e9szetesen! Az viszont vit\u00e1n fel\u00fcl \u00e1ll, hogy kev\u00e9s aut\u00f3gy\u00e1rt\u00f3 forgatta fel \u00fagy az aut\u00f3ipart, mint az <a href=\"https:\/\/totalcar.hu\/hirek\/2026\/04\/11\/elon-musk-szerint-hulyeseg-megis-johet-a-kicsi-olcso-tesla\/\" target=\"_blank\" rel=\" noopener noreferrer nofollow\">Elon Musk nev\u00e9vel<\/a> \u00f6sszeforrt v\u00e1llalat. Amikor 2012-ben megjelent a Model S, teljesen m\u00e1s megvil\u00e1g\u00edt\u00e1sba helyezte az elektromos aut\u00f3kr\u00f3l addig alkotott k\u00e9pet, \u00e9s egy olyan koncepci\u00f3val \u00e1llt el\u0151, melyet k\u00e9s\u0151bb sok m\u00e1s gy\u00e1rt\u00f3 is \u00e1tvett.<\/p>\n<p>  <a rel=\"noopener nofollow\" href=\"https:\/\/indamediasales.hu\/2019\/06\/25\/quality_placement_minosegbiztositasi_tajekoztato_728\" target=\"_blank\"><\/p>\n<p>      <img loading=\"lazy\" decoding=\"async\" src=\"https:\/\/totalcar.hu\/static\/images\/brand\/quality_placement_logo.svg\" alt=\"Quality Placement\" width=\"150\" height=\"15\"\/><\/p>\n<p>  <\/a><\/p>\n<p>\n  hirdet\u00e9s\n<\/p>\n<p data-alignment=\"left\" class=\"text-left\" data-block-key=\"3somr\">H\u00e1rom \u00e9vvel k\u00e9s\u0151bb a Tesla k\u00edn\u00e1lata a Model X-szel b\u0151v\u00fclt, mely az SUV-vonalat hivatott k\u00e9pviselni, \u00e9s amellett, hogy tart\u00f3san hozz\u00e1tett a m\u00e1rka im\u00e1zs\u00e1hoz, utat nyitott a <a href=\"https:\/\/totalcar.hu\/hirek\/2026\/05\/11\/600-ezer-kilometer-utan-is-eredeti-akkuval-megy-ez-a-tesla-model-3\/\" target=\"_blank\" rel=\" noopener noreferrer nofollow\">Model 3<\/a> \u00e9s a <a href=\"https:\/\/totalcar.hu\/hirek\/2025\/12\/15\/ugy-tunik-megis-erkezik-europaba-a-tesla-model-y-hosszitott-verzioja\/\" target=\"_blank\" rel=\" noopener noreferrer nofollow\">Model Y<\/a> el\u0151tt, melyek k\u00e9s\u0151bb m\u00e9g nagyobb sikert arattak.<\/p>\n<p data-alignment=\"left\" class=\"text-left\" data-block-key=\"2uefb\">Az el\u0151z\u0151 h\u00e9tv\u00e9g\u00e9n azonban v\u00e9get \u00e9rt egy korszak: a Model S sorozatgy\u00e1rt\u00e1sa 14, a Model X-\u00e9 pedig 11 \u00e9v ut\u00e1n v\u00e9get \u00e9rt.<\/p>\n<p data-alignment=\"left\" class=\"text-left\" data-block-key=\"3somr\">Maga a l\u00e9p\u00e9s egy\u00e1ltal\u00e1n nem volt v\u00e1ratlan, Musk ugyanis m\u00e9g janu\u00e1rban jelezte, hogy id\u0151vel <a href=\"https:\/\/totalcar.hu\/hirek\/2025\/07\/31\/europa-viszlat-model-s-es-model-x\/\" target=\"_blank\" rel=\" noopener noreferrer nofollow\" data-link-preview=\"true\" data-og-title=\"Eur\u00f3pa: Viszl\u00e1t, Model S \u00e9s Model X!\" data-og-description=\"A szed\u00e1n 13, a SUV 9 \u00e9ve volt a piacon.\" data-og-image=\"https:\/\/totalcar.hu\/media\/images\/26842595_18482b3d5f3ce8b8b8684.format-jpeg.max-3840x2160.jpg\" data-og-column=\"H\u00edrek\" data-og-tags=\"[&quot;H\\u00edrek&quot;, &quot;eur\\u00f3pa&quot;, &quot;tesla model x&quot;, &quot;tesla model s&quot;]\">nyugd\u00edjazni fogj\u00e1k a k\u00e9t modellt<\/a> \u2013 egyel\u0151re egyik eset\u00e9ben sem ismert, hogy lesz-e ut\u00f3dja, vagy sem. Az viszont bor\u00edt\u00e9kolhat\u00f3, hogy a fremonti Tesla-gy\u00e1r szerepe legal\u00e1bb r\u00e9szben \u00e1talakul, ugyanis a m\u00e1rka hamarosan elkezdi gy\u00e1rtani az Optimus n\u00e9ven bemutatott humanoid robotjait.<\/p>\n<p data-alignment=\"left\" class=\"text-left\" data-block-key=\"3somr\">Mind a <a href=\"https:\/\/totalcar.hu\/hirek\/2026\/03\/23\/ajtokilincsvita-gazdasagi-kart-emleget-a-teslatulaj-muszaki-hibat-nem\/\" target=\"_blank\" rel=\" noopener noreferrer nofollow\">Model S<\/a>, mind pedig a <a href=\"https:\/\/totalcar.hu\/hirek\/2025\/10\/26\/frissitettek-a-nagy-teslakat-de-ugyse-veszed-eszre-hogy-mi-valtozott\/\" target=\"_blank\" rel=\" noopener noreferrer nofollow\">Model X<\/a> b\u00facs\u00fa gyan\u00e1nt kapott egy, a legmagasabb, Plaid felszerelts\u00e9gi szintre \u00e9p\u00fcl\u0151 limit\u00e1lt sz\u00e9ri\u00e1t: A Signature Editionb\u0151l 250 darab Model S \u00e9s 100 darab Model X fog k\u00e9sz\u00fclni. Elon Musk ceruz\u00e1ja mindkett\u0151n\u00e9l vastagon fogott, mert az \u00e1rc\u00e9dul\u00e1ra 159 420 doll\u00e1ros \u00f6sszeg ker\u00fclt, ami a mostani \u00e1rfolyamon k\u00f6r\u00fclbel\u00fcl 48,5 milli\u00f3 forintnak felel meg \u2013 <a href=\"https:\/\/www.roadandtrack.com\/news\/a71272737\/tesla-model-s-model-x-production-ends\/\" target=\"_blank\" rel=\" noopener noreferrer nofollow\">\u00edrja a Road &amp; Truck<\/a>.<\/p>\n<p data-alignment=\"left\" class=\"text-left\" data-block-key=\"d8qyj\">Bor\u00edt\u00f3k\u00e9p: Illusztr\u00e1ci\u00f3: Getty Images<\/p>\n","protected":false},"excerpt":{"rendered":"Hogy megoszt\u00f3-e a Tesla? Term\u00e9szetesen! Az viszont vit\u00e1n fel\u00fcl \u00e1ll, hogy kev\u00e9s aut\u00f3gy\u00e1rt\u00f3 forgatta fel \u00fagy az aut\u00f3ipart,&hellip;\n","protected":false},"author":2,"featured_media":98194,"comment_status":"","ping_status":"","sticky":false,"template":"","format":"standard","meta":{"footnotes":"","_share_on_mastodon":"0"},"categories":[10],"tags":[110,44,42,40,43,41,482,16415,2918,111],"class_list":["post-98193","post","type-post","status-publish","format-standard","has-post-thumbnail","category-vallalkozas","tag-business","tag-hu","tag-hungarian","tag-hungary","tag-magyar","tag-magyarorszag","tag-tesla","tag-tesla-model-s","tag-tesla-model-x","tag-vallalkozas"],"share_on_mastodon":{"url":"https:\/\/pubeurope.com\/@hu\/116565981830529155","error":""},"_links":{"self":[{"href":"https:\/\/www.europesays.com\/hu\/wp-json\/wp\/v2\/posts\/98193","targetHints":{"allow":["GET"]}}],"collection":[{"href":"https:\/\/www.europesays.com\/hu\/wp-json\/wp\/v2\/posts"}],"about":[{"href":"https:\/\/www.europesays.com\/hu\/wp-json\/wp\/v2\/types\/post"}],"author":[{"embeddable":true,"href":"https:\/\/www.europesays.com\/hu\/wp-json\/wp\/v2\/users\/2"}],"replies":[{"embeddable":true,"href":"https:\/\/www.europesays.com\/hu\/wp-json\/wp\/v2\/comments?post=98193"}],"version-history":[{"count":0,"href":"https:\/\/www.europesays.com\/hu\/wp-json\/wp\/v2\/posts\/98193\/revisions"}],"wp:featuredmedia":[{"embeddable":true,"href":"https:\/\/www.europesays.com\/hu\/wp-json\/wp\/v2\/media\/98194"}],"wp:attachment":[{"href":"https:\/\/www.europesays.com\/hu\/wp-json\/wp\/v2\/media?parent=98193"}],"wp:term":[{"taxonomy":"category","embeddable":true,"href":"https:\/\/www.europesays.com\/hu\/wp-json\/wp\/v2\/categories?post=98193"},{"taxonomy":"post_tag","embeddable":true,"href":"https:\/\/www.europesays.com\/hu\/wp-json\/wp\/v2\/tags?post=98193"}],"curies":[{"name":"wp","href":"https:\/\/api.w.org\/{rel}","templated":true}]}}